{"id":338370,"date":"2026-09-01T00:39:13","date_gmt":"2026-09-01T00:39:13","guid":{"rendered":"https:\/\/www.europesays.com\/fi\/338370\/"},"modified":"2026-09-01T00:39:13","modified_gmt":"2026-09-01T00:39:13","slug":"939-000-suomalaisen-tilille-kilahtaa-pian-829-miljoonaa-euroa-new-articles","status":"publish","type":"post","link":"https:\/\/www.europesays.com\/fi\/338370\/","title":{"rendered":"939 000 suomalaisen tilille kilahtaa pian 829 miljoonaa euroa | New Articles"},"content":{"rendered":"<p>Ahvenanmaan asukkaat joutuvat maksamaan keskim\u00e4\u00e4rin 2 253 euroa j\u00e4\u00e4nn\u00f6sveroa eli niin sanottuja m\u00e4tkyj\u00e4, mik\u00e4 on yli 800 euroa enemm\u00e4n kuin Uudellamaalla, jossa keskim\u00e4\u00e4r\u00e4inen j\u00e4\u00e4nn\u00f6svero on 1 393 euroa.<\/p>\n<p>Verohallinnon mukaan Ahvenanmaan korkeita j\u00e4\u00e4nn\u00f6sveroja selitt\u00e4v\u00e4t muun muassa alueen asukkaiden tavallista suuremmat p\u00e4\u00e4omatulot, kuten osingot, sek\u00e4 ulkomaantulot ja yritt\u00e4jyys.<\/p>\n<p>Syyskuun alussa j\u00e4\u00e4nn\u00f6sverojen er\u00e4p\u00e4iv\u00e4 koskee 321 000 suomalaista, ja yhteens\u00e4 maksettavaa kertyy 279 miljoonaa euroa.<\/p>\n<p>Ahvenanmaalla maksetaan my\u00f6s Suomen suurimmat veronpalautukset: keskim\u00e4\u00e4rin 699 euroa henkil\u00f6\u00e4 kohden. Koko maassa veronpalautuksia saa syyskuussa 939 000 henkil\u00f6\u00e4, yhteens\u00e4 829 miljoonaa euroa.<\/p>\n<p>Verohallinnon tiedotteen mukaan veronpalautukset johtuvat usein siit\u00e4, ett\u00e4 kaikki v\u00e4hennykset eiv\u00e4t ole olleet mukana veroprosentissa vuoden aikana, vaan ne on ilmoitettu vasta kev\u00e4\u00e4ll\u00e4 esit\u00e4ytetyn veroilmoituksen tarkistuksen yhteydess\u00e4. Veronpalautukset maksetaan asiakkaiden tileille p\u00e4iv\u00e4n aikana, mutta niiden n\u00e4kymisess\u00e4 voi olla pankkikohtaisia eroja.<\/p>\n","protected":false},"excerpt":{"rendered":"Ahvenanmaan asukkaat joutuvat maksamaan keskim\u00e4\u00e4rin 2 253 euroa j\u00e4\u00e4nn\u00f6sveroa eli niin sanottuja m\u00e4tkyj\u00e4, mik\u00e4 on yli 800 euroa&hellip;\n","protected":false},"author":2,"featured_media":338371,"comment_status":"","ping_status":"","sticky":false,"template":"","format":"standard","meta":{"footnotes":"","_share_on_mastodon":"0"},"categories":[12],"tags":[29949,22,23,26,27,33,31,30,17,24,25,28,29,15,2406,18,21,2645,5038,721,2408,32,19,20,16,2186],"class_list":["post-338370","post","type-post","status-publish","format-standard","has-post-thumbnail","category-suomi","tag-ai-uutiset","tag-breaking-news","tag-breakingnews","tag-featured-news","tag-featurednews","tag-fi","tag-finland","tag-finnish","tag-headlines","tag-latest-news","tag-latestnews","tag-main-news","tag-mainnews","tag-news","tag-osakkeet-arvopaperit","tag-otsikot","tag-paauutiset","tag-palkka-ja-tyosuhde-edut","tag-poliittinen-talous","tag-rahoitus","tag-rahoitusmarkkinat","tag-suomi","tag-top-stories","tag-topstories","tag-uutiset","tag-verotus"],"share_on_mastodon":{"url":"https:\/\/pubeurope.com\/@fi\/117193000366700144","error":""},"_links":{"self":[{"href":"https:\/\/www.europesays.com\/fi\/wp-json\/wp\/v2\/posts\/338370","targetHints":{"allow":["GET"]}}],"collection":[{"href":"https:\/\/www.europesays.com\/fi\/wp-json\/wp\/v2\/posts"}],"about":[{"href":"https:\/\/www.europesays.com\/fi\/wp-json\/wp\/v2\/types\/post"}],"author":[{"embeddable":true,"href":"https:\/\/www.europesays.com\/fi\/wp-json\/wp\/v2\/users\/2"}],"replies":[{"embeddable":true,"href":"https:\/\/www.europesays.com\/fi\/wp-json\/wp\/v2\/comments?post=338370"}],"version-history":[{"count":0,"href":"https:\/\/www.europesays.com\/fi\/wp-json\/wp\/v2\/posts\/338370\/revisions"}],"wp:featuredmedia":[{"embeddable":true,"href":"https:\/\/www.europesays.com\/fi\/wp-json\/wp\/v2\/media\/338371"}],"wp:attachment":[{"href":"https:\/\/www.europesays.com\/fi\/wp-json\/wp\/v2\/media?parent=338370"}],"wp:term":[{"taxonomy":"category","embeddable":true,"href":"https:\/\/www.europesays.com\/fi\/wp-json\/wp\/v2\/categories?post=338370"},{"taxonomy":"post_tag","embeddable":true,"href":"https:\/\/www.europesays.com\/fi\/wp-json\/wp\/v2\/tags?post=338370"}],"curies":[{"name":"wp","href":"https:\/\/api.w.org\/{rel}","templated":true}]}}