{"id":338416,"date":"2026-09-01T02:23:13","date_gmt":"2026-09-01T02:23:13","guid":{"rendered":"https:\/\/www.europesays.com\/fi\/338416\/"},"modified":"2026-09-01T02:23:13","modified_gmt":"2026-09-01T02:23:13","slug":"martha-louise-ei-saapunut-kuningas-haraldin-muistopalvelukseen-olinpaikka-paljastui","status":"publish","type":"post","link":"https:\/\/www.europesays.com\/fi\/338416\/","title":{"rendered":"M\u00e4rtha Louise ei saapunut kuningas Haraldin muistopalvelukseen \u2013 Olinpaikka paljastui"},"content":{"rendered":"<p>Prinsessa M\u00e4rtha Louisen sunnuntain olinpaikka on paljastunut.<\/p>\n<p class=\"paragraph\">Norjan prinsessa <a href=\"https:\/\/www.iltalehti.fi\/henkilot\/M\u00e4rtha Louise\" class=\"article-link-person-page\" rel=\"nofollow noopener\" target=\"_blank\">M\u00e4rtha Louise<\/a> ei osallistunut is\u00e4ns\u00e4 kuningas <a href=\"https:\/\/www.iltalehti.fi\/henkilot\/Harald V\" class=\"article-link-person-page\" rel=\"nofollow noopener\" target=\"_blank\">Haraldin<\/a> muistojumalanpalvelukseen sunnuntaina.<\/p>\n<p class=\"paragraph\">Askerissa j\u00e4rjestettyyn muistopalvelukseen osallistuivat ennakkotiedotteen mukaisesti kuningas <a href=\"https:\/\/www.iltalehti.fi\/henkilot\/Haakon Magnus\" class=\"article-link-person-page\" rel=\"nofollow noopener\" target=\"_blank\">Haakon<\/a>, kruununprinsessa <a href=\"https:\/\/www.iltalehti.fi\/henkilot\/Ingrid Alexandra\" class=\"article-link-person-page\" rel=\"nofollow noopener\" target=\"_blank\">Ingrid Alexandra<\/a>, kuningatar <a href=\"https:\/\/www.iltalehti.fi\/henkilot\/Sonja\" class=\"article-link-person-page\" rel=\"nofollow noopener\" target=\"_blank\">Sonja<\/a> ja prinssi <a href=\"https:\/\/www.iltalehti.fi\/henkilot\/Sverre Magnus\" class=\"article-link-person-page\" rel=\"nofollow noopener\" target=\"_blank\">Sverre Magnus<\/a>. Kuningatar <a href=\"https:\/\/www.iltalehti.fi\/henkilot\/Mette-Marit\" class=\"article-link-person-page\" rel=\"nofollow noopener\" target=\"_blank\">Mette-Marit<\/a> j\u00e4i tilaisuudesta pois terveydentilansa vuoksi.<\/p>\n<p><img decoding=\"async\" class=\"image image-show image-preview\" src=\"https:\/\/www.europesays.com\/fi\/wp-content\/uploads\/2026\/09\/59fd95427caeaf18b97f8a66e35a5586cfeeb80c198ef0bf4045660ab73d3289.jpg\" alt=\"\"\/><img decoding=\"async\" class=\"image image-show\" src=\"https:\/\/www.europesays.com\/fi\/wp-content\/uploads\/2026\/09\/1788229393_227_59fd95427caeaf18b97f8a66e35a5586cfeeb80c198ef0bf4045660ab73d3289.jpg\" alt=\"\"\/><\/p>\n<p>M\u00e4rtha Louisen liikkeet ovat mietitytt\u00e4neet. AOP<\/p>\n<p class=\"paragraph\">\u2013 Miss\u00e4 on prinsessa M\u00e4rtha Louise? En n\u00e4hnyt h\u00e4nt\u00e4 jumalanpalveluksessa t\u00e4n\u00e4\u00e4n, hovin <a href=\"https:\/\/www.instagram.com\/p\/DcrFbUKiCEp\/?hl=en&amp;img_index=1\" target=\"_blank\" rel=\"noopener nofollow\">Instagram-julkaisun<\/a> kommenteissa ihmetell\u00e4\u00e4n.<\/p>\n<p class=\"paragraph\">Osa miettii, johtuuko prinsessan poissaolo h\u00e4nen aviomiehens\u00e4 <a href=\"https:\/\/www.iltalehti.fi\/henkilot\/Durek Verrett\" class=\"article-link-person-page\" rel=\"nofollow noopener\" target=\"_blank\">Durek Verrettin<\/a> terveydentilasta. Verrettille tehtiin hiljattain munuaisensiirto.<\/p>\n<p class=\"paragraph\">Norjalaislehti <a href=\"https:\/\/www.aftenposten.no\/norge\/i\/wAwywd\/siste-nytt-om-kong-harald-vs-bortgang?pinnedEntry=124298\" target=\"_blank\" rel=\"noopener nofollow\">Aftenposten<\/a> kirjoitti sunnuntaina yritt\u00e4neens\u00e4 tiedustella M\u00e4rtha Louisen poissaoloa muistopalveluksesta. Prinsessan manageri <strong>Carina Scheele Carlsen<\/strong> ei kommentoinut asiaa mill\u00e4\u00e4n lailla.<\/p>\n<p>Sijainti paljastui<\/p>\n<p>Kuningas Haakon, kruununprinsessa Ingrid Alexandra, kuningatar Sonja ja prinssi Sverre Magnus olivat sunnuntaina Askerissa kuningas Haraldin muistojumalanpalveluksessa. AOP<\/p>\n<p class=\"paragraph\">Lopulta prinsessan liikkeille saatiin vahvistus. M\u00e4rtha Louise oli sunnuntaina Haraldin luona, <a href=\"https:\/\/www.seher.no\/kongelig\/maerthas-gripende-farvel\/85084251?fbclid=PAcGRvZgRleHRuA2FlbQIxMQBzcnRjBmFwcF9pZAwyNTYyODEwNDA1NTgAAacneKWLzf-jTa1T3Pwv4zTpNRjPvFHVJWAN3OGyB-TPaw7OkGd2yia7bk7LRw_aem_CTADf6CkJ_o0qK0ISFhxDA\" target=\"_blank\" rel=\"noopener nofollow\">Se og H\u00f8r<\/a> kirjoittaa.<\/p>\n<p class=\"paragraph\">Lehden mukaan M\u00e4rtha Louise oli lastensa <strong>Maud Angelica Behnin<\/strong>, <strong>Leah Isadora Behnin<\/strong> ja <strong>Emma Tallulah Behnin<\/strong> kanssa j\u00e4tt\u00e4m\u00e4ss\u00e4 yksityiset hyv\u00e4stit edesmenneelle kuninkaalle kuninkaanlinnassa.<\/p>\n<p class=\"paragraph\">Paikalla palatsilla olivat my\u00f6s M\u00e4rtha Louisen serkut, Haraldin <strong>Astrid<\/strong>-siskon nelj\u00e4 lasta.<\/p>\n<p class=\"paragraph\">Prinsessa Astridin lapset osallistuivat aiemmin sunnuntaina my\u00f6s Oslon tuomiokirkossa j\u00e4rjestettyyn muistojumalanpalvelukseen. Haraldin kunniaksi j\u00e4rjestettiin muistopalveluksia sunnuntaina ymp\u00e4ri Norjaa.<\/p>\n<p class=\"paragraph\">Perjantaina 28. elokuuta kuolleen kuningas Haraldin hautajaiset j\u00e4rjestet\u00e4\u00e4n 9. syyskuuta.<\/p>\n<p>Prinsessa M\u00e4rtha Louise oli mukana perjantain autosaattueessa, kun kuningas Haraldin arkku kuljetettiin sairaalalta kuninkaanlinnaan. Vieress\u00e4 takapenkill\u00e4 kuningatar Sonja. AOP<\/p>\n<p class=\"paragraph\">Prinsessa M\u00e4rtha Louise on viett\u00e4nyt viime p\u00e4ivin\u00e4 tiiviisti aikaa perheens\u00e4 kanssa. H\u00e4n vieraili Haraldin luona sairaalassa p\u00e4iv\u00e4\u00e4 ennen t\u00e4m\u00e4n kuolemaa muun perheen kanssa.<\/p>\n<p class=\"paragraph\">Kuningas Haraldin arkku tuotiin kuninkaanlinnaan perjantaina. Tiistaista alkaen arkku on viikon ajan esill\u00e4 linnan kappelissa avoinna yleis\u00f6lle. Kansalaisilla on viikon ajan mahdollisuus tulla paikan p\u00e4\u00e4lle vierailemaan arkun luona.<\/p>\n<p class=\"paragraph\">58 vuotta naimisissa olleet kuningas Harald ja kuningatar Sonja saivat kaksi lasta, vuonna 1971 syntyneen M\u00e4rtha Louisen ja vuonna 1973 syntyneen Haakonin. Pikkuveli Haakon kiilasi kruununperimyksess\u00e4 ohi, sill\u00e4 heid\u00e4n syntym\u00e4ns\u00e4 aikaan voimassa ollut lains\u00e4\u00e4d\u00e4nt\u00f6 salli vain miespuolisten kuninkaallisten nousta valtaan. Sittemmin lains\u00e4\u00e4d\u00e4nt\u00f6\u00e4 on muutettu, mutta M\u00e4rtha Louise j\u00e4i yh\u00e4 veljens\u00e4 taakse kruununperimyksess\u00e4. T\u00e4ll\u00e4 hetkell\u00e4 M\u00e4rtha Louise on kruununperimysj\u00e4rjestyksess\u00e4 kolmantena veljens\u00e4 lasten j\u00e4lkeen.<\/p>\n<p class=\"paragraph\">T\u00e4t\u00e4 nyky\u00e4 virallisen kuningashuoneen muodostavat kuningas Haakon, kuningatar Mette-Marit, kruununprinsessa Ingrid Alexandra ja kuningatar Sonja. Kuninkaalliset tittelit on lis\u00e4ksi prinsessa M\u00e4rtha Louisella, prinssi Sverre Magnusilla ja prinsessa Astridilla.<\/p>\n<p>M\u00e4rtha Louise ja Durek Verrett meniv\u00e4t naimisiin kaksi vuotta sitten. AOP<\/p>\n<p class=\"paragraph\">M\u00e4rtha Louise j\u00e4tti kuninkaalliset edustusteht\u00e4v\u00e4ns\u00e4 vuonna 2022. Yksityisurallaan h\u00e4net tunnetaan muun muassa lastenkirjailijana ja enkelikoulun perustajana. M\u00e4rtha Louisen puoliso Durek Verrett on \u0161amaani. Pari viett\u00e4\u00e4 maanantaina toista h\u00e4\u00e4p\u00e4iv\u00e4\u00e4ns\u00e4.<\/p>\n<p><script async src=\"\/\/www.instagram.com\/embed.js\"><\/script><\/p>\n","protected":false},"excerpt":{"rendered":"Prinsessa M\u00e4rtha Louisen sunnuntain olinpaikka on paljastunut. Norjan prinsessa M\u00e4rtha Louise ei osallistunut is\u00e4ns\u00e4 kuningas Haraldin muistojumalanpalvelukseen sunnuntaina.&hellip;\n","protected":false},"author":2,"featured_media":338417,"comment_status":"","ping_status":"","sticky":false,"template":"","format":"standard","meta":{"footnotes":"","_share_on_mastodon":"0"},"categories":[14],"tags":[35,22,23,26,27,33,31,30,17,101,653,652,99,24,25,28,29,15,18,21,98,32,19,20,56,16,59,60,61],"class_list":["post-338416","post","type-post","status-publish","format-standard","has-post-thumbnail","category-ulkomaat","tag-24h","tag-breaking-news","tag-breakingnews","tag-featured-news","tag-featurednews","tag-fi","tag-finland","tag-finnish","tag-headlines","tag-ihmissuhteet","tag-julkkisperheet","tag-kuninkaalliset","tag-lapset","tag-latest-news","tag-latestnews","tag-main-news","tag-mainnews","tag-news","tag-otsikot","tag-paauutiset","tag-perhe","tag-suomi","tag-top-stories","tag-topstories","tag-ulkomaat","tag-uutiset","tag-world","tag-world-news","tag-worldnews"],"share_on_mastodon":{"url":"https:\/\/pubeurope.com\/@fi\/117193409251783510","error":""},"_links":{"self":[{"href":"https:\/\/www.europesays.com\/fi\/wp-json\/wp\/v2\/posts\/338416","targetHints":{"allow":["GET"]}}],"collection":[{"href":"https:\/\/www.europesays.com\/fi\/wp-json\/wp\/v2\/posts"}],"about":[{"href":"https:\/\/www.europesays.com\/fi\/wp-json\/wp\/v2\/types\/post"}],"author":[{"embeddable":true,"href":"https:\/\/www.europesays.com\/fi\/wp-json\/wp\/v2\/users\/2"}],"replies":[{"embeddable":true,"href":"https:\/\/www.europesays.com\/fi\/wp-json\/wp\/v2\/comments?post=338416"}],"version-history":[{"count":0,"href":"https:\/\/www.europesays.com\/fi\/wp-json\/wp\/v2\/posts\/338416\/revisions"}],"wp:featuredmedia":[{"embeddable":true,"href":"https:\/\/www.europesays.com\/fi\/wp-json\/wp\/v2\/media\/338417"}],"wp:attachment":[{"href":"https:\/\/www.europesays.com\/fi\/wp-json\/wp\/v2\/media?parent=338416"}],"wp:term":[{"taxonomy":"category","embeddable":true,"href":"https:\/\/www.europesays.com\/fi\/wp-json\/wp\/v2\/categories?post=338416"},{"taxonomy":"post_tag","embeddable":true,"href":"https:\/\/www.europesays.com\/fi\/wp-json\/wp\/v2\/tags?post=338416"}],"curies":[{"name":"wp","href":"https:\/\/api.w.org\/{rel}","templated":true}]}}