{"id":338424,"date":"2026-09-01T02:45:15","date_gmt":"2026-09-01T02:45:15","guid":{"rendered":"https:\/\/www.europesays.com\/fi\/338424\/"},"modified":"2026-09-01T02:45:15","modified_gmt":"2026-09-01T02:45:15","slug":"hammasrivistoaan-harventanut-heki-kasvatti-palasi-pelicans-nuttuun-toivottavasti-pahimmat-vammat-ovat-nyt-takanapain-urheilu","status":"publish","type":"post","link":"https:\/\/www.europesays.com\/fi\/338424\/","title":{"rendered":"Hammasrivist\u00f6\u00e4\u00e4n harventanut HeKi-kasvatti palasi Pelicans-nuttuun \u2013\u2009&#8221;Toivottavasti pahimmat vammat ovat nyt takanap\u00e4in&#8221; | Urheilu"},"content":{"rendered":"<p>Tunnollisena kahden suunnan hy\u00f6kk\u00e4\u00e4j\u00e4n\u00e4 palkkansa ansaitseva Sakke H\u00e4m\u00e4l\u00e4inen on valmis pelaamaan niin keskell\u00e4 kuin laidassakin. Tavoitteena on ehj\u00e4 ja samalla uran paras kausi.<\/p>\n<p>J\u00e4\u00e4kiekkoilija <strong>Sakke H\u00e4m\u00e4l\u00e4inen<\/strong> palasi pikaisen Ruotsin visiitin ja kahden Mikkeliss\u00e4 vietetyn kauden j\u00e4lkeen takaisin kotikonnuilleen. Heinolalaisl\u00e4ht\u00f6inen hy\u00f6kk\u00e4\u00e4j\u00e4 solmi kev\u00e4\u00e4ll\u00e4 kaksivuotisen sopimuksen Pelicansin kanssa. Tiistaina starttaava Liiga-kausi on H\u00e4m\u00e4l\u00e4iselle uran yhdeks\u00e4s.<\/p>\n","protected":false},"excerpt":{"rendered":"Tunnollisena kahden suunnan hy\u00f6kk\u00e4\u00e4j\u00e4n\u00e4 palkkansa ansaitseva Sakke H\u00e4m\u00e4l\u00e4inen on valmis pelaamaan niin keskell\u00e4 kuin laidassakin. Tavoitteena on ehj\u00e4&hellip;\n","protected":false},"author":2,"featured_media":338425,"comment_status":"","ping_status":"","sticky":false,"template":"","format":"standard","meta":{"footnotes":"","_share_on_mastodon":"0"},"categories":[158],"tags":[33,31,30,3894,41830,20768,8474,41831,1146,8750,159,32,160],"class_list":["post-338424","post","type-post","status-publish","format-standard","has-post-thumbnail","category-urheilu","tag-fi","tag-finland","tag-finnish","tag-heinola","tag-heinolan-peliitat","tag-jaakiekon-liiga","tag-jukurit","tag-liigajoukkue","tag-miesten-jaakiekko","tag-pelicans","tag-sports","tag-suomi","tag-urheilu"],"share_on_mastodon":{"url":"https:\/\/pubeurope.com\/@fi\/117193495547980186","error":""},"_links":{"self":[{"href":"https:\/\/www.europesays.com\/fi\/wp-json\/wp\/v2\/posts\/338424","targetHints":{"allow":["GET"]}}],"collection":[{"href":"https:\/\/www.europesays.com\/fi\/wp-json\/wp\/v2\/posts"}],"about":[{"href":"https:\/\/www.europesays.com\/fi\/wp-json\/wp\/v2\/types\/post"}],"author":[{"embeddable":true,"href":"https:\/\/www.europesays.com\/fi\/wp-json\/wp\/v2\/users\/2"}],"replies":[{"embeddable":true,"href":"https:\/\/www.europesays.com\/fi\/wp-json\/wp\/v2\/comments?post=338424"}],"version-history":[{"count":0,"href":"https:\/\/www.europesays.com\/fi\/wp-json\/wp\/v2\/posts\/338424\/revisions"}],"wp:featuredmedia":[{"embeddable":true,"href":"https:\/\/www.europesays.com\/fi\/wp-json\/wp\/v2\/media\/338425"}],"wp:attachment":[{"href":"https:\/\/www.europesays.com\/fi\/wp-json\/wp\/v2\/media?parent=338424"}],"wp:term":[{"taxonomy":"category","embeddable":true,"href":"https:\/\/www.europesays.com\/fi\/wp-json\/wp\/v2\/categories?post=338424"},{"taxonomy":"post_tag","embeddable":true,"href":"https:\/\/www.europesays.com\/fi\/wp-json\/wp\/v2\/tags?post=338424"}],"curies":[{"name":"wp","href":"https:\/\/api.w.org\/{rel}","templated":true}]}}