{"id":338454,"date":"2026-09-01T03:41:16","date_gmt":"2026-09-01T03:41:16","guid":{"rendered":"https:\/\/www.europesays.com\/fi\/338454\/"},"modified":"2026-09-01T03:41:16","modified_gmt":"2026-09-01T03:41:16","slug":"yhdysvalloissa-kilpailuviranomainen-ja-parikymmenta-osavaltiota-haastoivat-verkkokauppajatti-amazonin-oikeuteen-uutissuomalainen-3","status":"publish","type":"post","link":"https:\/\/www.europesays.com\/fi\/338454\/","title":{"rendered":"Yhdysvalloissa kilpailuviranomainen ja parikymment\u00e4 osavaltiota haastoivat verkkokauppaj\u00e4tti Amazonin oikeuteen | Uutissuomalainen"},"content":{"rendered":"<p>Yhdysvalloissa liittovaltion kauppakomissio FTC ja 22 osavaltiota haastoivat maanantaina verkkokauppaj\u00e4tti Amazonin oikeuteen. Yhti\u00f6t\u00e4 syytet\u00e4\u00e4n mainoshinnastonsa laittomasta manipulaatiosta.<\/p>\n<p>Washingtonin osavaltiossa j\u00e4tetyn kanteen mukaan Amazon on salassa ja j\u00e4rjestelm\u00e4llisesti yliveloittanut yli miljoonaa mainonnan asiakastaan peukaloimalla hintahuutokauppoja, joiden pohjalta yhti\u00f6n alustoilla julkaistavien mainosten hinnat m\u00e4\u00e4r\u00e4ytyv\u00e4t.<\/p>\n<p>Maan korkein kilpailus\u00e4\u00e4ntelyviranomainen ja osavaltiot katsovat, ett\u00e4 Amazon on menettelyll\u00e4\u00e4n yliveloittanut mainostajia kaikkiaan yli 20 miljardin dollarin edest\u00e4.<\/p>\n<p>Julkisessa lausunnossaan Amazon kutsui kanteen perusteluja virheellisiksi. Amazonin mukaan kanne perustuu kontekstistaan irrotettuihin ja vanhentuneisiin yhti\u00f6n sis\u00e4isiin asiakirjoihin.<\/p>\n<p>\t\t\t\tJo kolmas iso oikeusjuttu<\/p>\n<p>Kanteen nostaneiden osavaltioiden joukkoon kuuluvan Kalifornian oikeusministeri Rob Bonta sanoo, ett\u00e4 Amazon on peukaloinut yhteens\u00e4 miljardeja eri hintahuutokauppoja.<\/p>\n<p>Kanteen mukaan Amazonin sis\u00e4isist\u00e4 asiakirjoista k\u00e4y ilmi, ett\u00e4 yhti\u00f6 paisutti asiakkailtaan saatuja tuloja piilotetuilla lis\u00e4maksuilla. K\u00e4yt\u00e4nn\u00f6n kerrotaan alkaneen vuonna 2018.<\/p>\n<p>Kyse on jo kolmannesta FTC:n Amazonia vastaan nostamasta mittavasta oikeusjutusta.<\/p>\n<p>Viime vuoden syyskuussa Amazon suostui maksamaan 2,5 miljardin dollarin korvaukset osana sovitteluratkaisua. Silloinen oikeusjuttu liittyi syyt\u00f6ksiin siit\u00e4, ett\u00e4 yhti\u00f6 oli k\u00e4ytt\u00e4nyt harhaanjohtavia menetelmi\u00e4 narratakseen asiakkaita osaksi Prime-kanta-asiakasohjelmaansa sek\u00e4 tehnyt j\u00e4senyyden perumisesta vaikeaa.<\/p>\n<p>Ensi vuonna on puolestaan m\u00e4\u00e4r\u00e4 alkaa oikeudenk\u00e4ynti tapauksessa, jossa Amazonia syytet\u00e4\u00e4n laittomasta monopoliaseman yll\u00e4pidosta verkkokaupan alalla. Kanteen mukaan Amazon muun muassa rankaisee hinnanalennuksilla verkkokauppa-alustansa myyji\u00e4, jos n\u00e4m\u00e4 myyv\u00e4t tuotteitaan halvemmalla Amazonin ulkopuolella.<\/p>\n","protected":false},"excerpt":{"rendered":"Yhdysvalloissa liittovaltion kauppakomissio FTC ja 22 osavaltiota haastoivat maanantaina verkkokauppaj\u00e4tti Amazonin oikeuteen. Yhti\u00f6t\u00e4 syytet\u00e4\u00e4n mainoshinnastonsa laittomasta manipulaatiosta. Washingtonin&hellip;\n","protected":false},"author":2,"featured_media":338455,"comment_status":"","ping_status":"","sticky":false,"template":"","format":"standard","meta":{"footnotes":"","_share_on_mastodon":"0"},"categories":[76],"tags":[79,9155,77,33,31,30,147,898,6232,486,32,78,5989],"class_list":["post-338454","post","type-post","status-publish","format-standard","has-post-thumbnail","category-talous","tag-business","tag-digitalous","tag-economy","tag-fi","tag-finland","tag-finnish","tag-internet-palvelut","tag-kulutustavarat","tag-postimyynti-ja-verkkokauppa","tag-sahkoinen-kauppa","tag-suomi","tag-talous","tag-verkkoliiketoiminta"],"share_on_mastodon":{"url":"https:\/\/pubeurope.com\/@fi\/117193715445424127","error":""},"_links":{"self":[{"href":"https:\/\/www.europesays.com\/fi\/wp-json\/wp\/v2\/posts\/338454","targetHints":{"allow":["GET"]}}],"collection":[{"href":"https:\/\/www.europesays.com\/fi\/wp-json\/wp\/v2\/posts"}],"about":[{"href":"https:\/\/www.europesays.com\/fi\/wp-json\/wp\/v2\/types\/post"}],"author":[{"embeddable":true,"href":"https:\/\/www.europesays.com\/fi\/wp-json\/wp\/v2\/users\/2"}],"replies":[{"embeddable":true,"href":"https:\/\/www.europesays.com\/fi\/wp-json\/wp\/v2\/comments?post=338454"}],"version-history":[{"count":0,"href":"https:\/\/www.europesays.com\/fi\/wp-json\/wp\/v2\/posts\/338454\/revisions"}],"wp:featuredmedia":[{"embeddable":true,"href":"https:\/\/www.europesays.com\/fi\/wp-json\/wp\/v2\/media\/338455"}],"wp:attachment":[{"href":"https:\/\/www.europesays.com\/fi\/wp-json\/wp\/v2\/media?parent=338454"}],"wp:term":[{"taxonomy":"category","embeddable":true,"href":"https:\/\/www.europesays.com\/fi\/wp-json\/wp\/v2\/categories?post=338454"},{"taxonomy":"post_tag","embeddable":true,"href":"https:\/\/www.europesays.com\/fi\/wp-json\/wp\/v2\/tags?post=338454"}],"curies":[{"name":"wp","href":"https:\/\/api.w.org\/{rel}","templated":true}]}}