{"id":338480,"date":"2026-09-01T04:31:13","date_gmt":"2026-09-01T04:31:13","guid":{"rendered":"https:\/\/www.europesays.com\/fi\/338480\/"},"modified":"2026-09-01T04:31:13","modified_gmt":"2026-09-01T04:31:13","slug":"veronica-verho-avoimena-tallaiset-ovat-valit-juhani-koskisen-kanssa","status":"publish","type":"post","link":"https:\/\/www.europesays.com\/fi\/338480\/","title":{"rendered":"Veronica Verho avoimena: T\u00e4llaiset ovat v\u00e4lit Juhani Koskisen kanssa"},"content":{"rendered":"<p>            Timo Korhonen\n        <\/p>\n<p class=\"subtitle \">Veronica ei ole esitellyt nykyist\u00e4 puolisoaan julkisuudessa.<\/p>\n<p class=\"article-content article-content-width !bg-background\"> on edess\u00e4\u00e4n kiireinen syksy. Alkuviikot h\u00e4n viihdytt\u00e4\u00e4 Radio Novan iltap\u00e4iviss\u00e4  kanssa, ja viikonloput kuluvatkin Tanssii t\u00e4htien kanssa -ohjelman parissa.\u00a0<\/p>\n<p class=\"font-weight-bold m-font-weight-bold article-content article-content-width !bg-background\">Arkistovideolla Veroniva Verho kertoo hurjista kolmekymppisist\u00e4\u00e4n:<\/p>\n<p class=\"article-content article-content-width !bg-background\">Veronica on jo pitk\u00e4\u00e4n jakanut aikansa kahden kaupungin v\u00e4lill\u00e4. Jatkossakin h\u00e4n aikoo suhata Helsingin ja Turun v\u00e4li\u00e4, vaikka aikataulu syksyksi hieman muuttuukin.\u00a0<\/p>\n<p class=\"article-content article-content-width !bg-background\">\u2013 K\u00e4yt\u00e4nn\u00f6ss\u00e4 se on mennyt niin, ett\u00e4 olen hakenut torstai-iltana koiran t\u00f6iden j\u00e4lkeen ja olemme ajaneet Turkuun. Yleens\u00e4 sitten joskus maanantaina aamup\u00e4iv\u00e4st\u00e4 tulemme takaisin Helsinkiin, Veronica selitt\u00e4\u00e4.\u00a0<\/p>\n<p>        <a itemprop=\"url\" href=\"https:\/\/www.seiska.fi\/katso\/katsojilta-suorat-sanat-uudesta-ttk-juontajasta\/2248312\" rel=\"nofollow noopener\" target=\"_blank\"><\/p>\n<p>\nUusi TTK-juontaja:\n<\/p>\n<p class=\"section-date\">\n        <strong class=\"article-section\" data-section=\"katso\"><br \/>\n            katso<br \/>\n        <\/strong><br \/>\n        31.8. 09:15\n    <\/p>\n<p>Katsojilta suorat sanat uudesta TTK-juontajasta\n    <\/p>\n<p itemprop=\"description\" class=\"subtitle \">\n    Uuden juontajan julkistus ker\u00e4si paljon pohdintaa.\n<\/p>\n<p>        <\/a><\/p>\n<p>                <img decoding=\"async\" src=\"https:\/\/www.europesays.com\/fi\/wp-content\/uploads\/2026\/09\/2248877.webp\" width=\"576\" height=\"720\" alt=\"Veronican TTK-pesti paljastettiin sunnuntaina.\" loading=\"lazy\" \/>            <\/p>\n<p>\n            Veronican TTK-pesti paljastettiin sunnuntaina.<br \/>\n            Timo Korhonen\n        <\/p>\n<p class=\"article-content article-content-width !bg-background\">Toistaiseksi kahdessa kaupungissa majailu ei ole tuntunut raskaalta. Veronica on oppinut hy\u00f6dynt\u00e4m\u00e4\u00e4n ajamiseen kuluvan ajan soittelemalla l\u00e4heisilleen.<\/p>\n<p class=\"article-content article-content-width !bg-background\">\u2013 Siin\u00e4 ehtii hyvin soittamaan mummut ja papat l\u00e4pi, Veronica nauraa.\u00a0<\/p>\n<p class=\"article-content article-content-width !bg-background\">\u2013 Se on tauko kaikesta kiireest\u00e4.\u00a0<\/p>\n<p>        <a itemprop=\"url\" href=\"https:\/\/www.seiska.fi\/katso\/uuden-asunnon-ostanut-veronica-verho-ajautui-erikoiseen-ongelmaan\/2191589\" rel=\"nofollow noopener\" target=\"_blank\"><\/p>\n<p>\nVeronica Verho\n<\/p>\n<p class=\"section-date\">\n        <strong class=\"article-section\" data-section=\"katso\"><br \/>\n            katso<br \/>\n        <\/strong><br \/>\n        29.6. 06:15\n    <\/p>\n<p>Uuden asunnon ostanut Veronica Verho ajautui erikoiseen ongelmaan\n    <\/p>\n<p itemprop=\"description\" class=\"subtitle \">\n    Remonttikohteen hankkimisella on ollut Veronica Verholle yll\u00e4tt\u00e4vi\u00e4 seurauksia.\n<\/p>\n<p>        <\/a><\/p>\n<p>Yhteishuoltajuus<\/p>\n<p class=\"article-content article-content-width !bg-background\">Veronican reissukaverina toimii t\u00e4m\u00e4n puoliso. Pariskunnan el\u00e4m\u00e4\u00e4 sulostututtavat my\u00f6s m\u00e4yr\u00e4koirat Matti ja Teppo. Veronica jakaa hauvojen huoltajuuden ex-kumppaninsa  kanssa.\u00a0<\/p>\n<p class=\"article-content article-content-width !bg-background\">\u2013 Toimimme koirille vakiohoitopaikkoina. Esimerkiksi kun Juhani oli reissussa, otin Matin hoitoon. Viikonloppuna olin h\u00e4iss\u00e4, ja Juhani otti Tepon luokseen siksi aikaa.<\/p>\n<p class=\"article-content article-content-width !bg-background\">\u2013 On helppoa, kun on hoitopaikka, johon voi luottaa, Veronica sanoo.\u00a0<\/p>\n<p>                <img decoding=\"async\" src=\"https:\/\/www.europesays.com\/fi\/wp-content\/uploads\/2026\/09\/2248882.webp\" width=\"576\" height=\"720\" alt=\"Veronica ja Juhani ovat eronneet, mutta jakavat yh\u00e4 rakkauden paitsi koiriaan my\u00f6s Turkua kohtaan.\" loading=\"lazy\" \/>            <\/p>\n<p>\n            Veronica ja Juhani ovat eronneet, mutta jakavat yh\u00e4 rakkauden paitsi koiriaan my\u00f6s Turkua kohtaan.<br \/>\n            TIMO KORHONEN\n        <\/p>\n<p>Koirat yhdist\u00e4v\u00e4t<\/p>\n<p class=\"article-content article-content-width !bg-background\">Veronica ja Juhani kertoivat alkuvuodesta 2024 eronneensa. Tuolloin he kuvailivat rakkautensa muuttuneen takaisin yst\u00e4vyydeksi. Kaksikon v\u00e4lit ovatkin pysyneet yst\u00e4v\u00e4llisin\u00e4.\u00a0<\/p>\n<p class=\"article-content article-content-width !bg-background\">\u2013 Koirat ovat tietysti se asia, joka meit\u00e4 eniten yhdist\u00e4\u00e4, Veronica my\u00f6nt\u00e4\u00e4.\u00a0<\/p>\n<p class=\"article-content article-content-width !bg-background\">\u2013 Meill\u00e4 on hyv\u00e4t perusv\u00e4lit.\u00a0<\/p>\n<p>N\u00e4in nyks\u00e4 suhtautuu<\/p>\n<p class=\"article-content article-content-width !bg-background\">Yhteydenpito ex\u00e4\u00e4n ei hierr\u00e4 Veronican nykyist\u00e4 puolisoa. El\u00e4inrakkaana ihmisen\u00e4 h\u00e4n on l\u00f6yt\u00e4nyt tilanteesta hyvi\u00e4 puolia.\u00a0<\/p>\n<p class=\"article-content article-content-width !bg-background\">\u2013 Ei h\u00e4n ainakaan ikin\u00e4 ole sit\u00e4 mitenk\u00e4\u00e4n negatiivisesti kommentoinut, Veronica pohtii.\u00a0<\/p>\n<p>        <a itemprop=\"url\" href=\"https:\/\/www.seiska.fi\/kotimaa\/voi-suloisuus-veronica-verholta-koskettava-ulostulo\/2180239\" rel=\"nofollow noopener\" target=\"_blank\"><\/p>\n<p>\nVoi suloisuus!\n<\/p>\n<p class=\"section-date\">\n        <strong class=\"article-section\" data-section=\"kotimaa\"><br \/>\n            kotimaa<br \/>\n        <\/strong><br \/>\n        13.6. 13:02\n    <\/p>\n<p>Voi suloisuus! Veronica Verholta koskettava ulostulo\n    <\/p>\n<p itemprop=\"description\" class=\"subtitle \">\n    Veronica sai iloisen vastaanoton ty\u00f6reissulta kotiin palattuaan.\n<\/p>\n<p>        <\/a><\/p>\n<p class=\"article-content article-content-width !bg-background\">\u2013 H\u00e4nest\u00e4 on ihana n\u00e4hd\u00e4 molempia koiria. Ja monesti on ollut sellaisia tilanteita, ett\u00e4 min\u00e4 en ole t\u00f6ilt\u00e4ni ehtinyt hakemaan koiraa, niin h\u00e4n on hakenut sen Juhanilta.\u00a0<\/p>\n<p class=\"article-content article-content-width !bg-background\">\u2013 Erostamme on kohta kolme vuotta aikaa, ett\u00e4 ehk\u00e4 t\u00e4ss\u00e4 on vett\u00e4 virrannut riitt\u00e4v\u00e4sti. Erosimme hyviss\u00e4 v\u00e4leiss\u00e4, ja sellaiset ne ovat edelleen, Veronica summaa.\u00a0<\/p>\n","protected":false},"excerpt":{"rendered":"Timo Korhonen Veronica ei ole esitellyt nykyist\u00e4 puolisoaan julkisuudessa. on edess\u00e4\u00e4n kiireinen syksy. Alkuviikot h\u00e4n viihdytt\u00e4\u00e4 Radio Novan&hellip;\n","protected":false},"author":2,"featured_media":338481,"comment_status":"","ping_status":"","sticky":false,"template":"","format":"standard","meta":{"footnotes":"","_share_on_mastodon":"0"},"categories":[130],"tags":[137,1664,1176,33,31,30,11769,6048,3434,27471,1496,2927,3229,651,32,903,662,2843,109],"class_list":["post-338480","post","type-post","status-publish","format-standard","has-post-thumbnail","category-viihde","tag-entertainment","tag-ero","tag-esko-eerikainen","tag-fi","tag-finland","tag-finnish","tag-juhani-koskinen","tag-juontaja","tag-koira","tag-mayrakoira","tag-parisuhde","tag-puoliso","tag-radio-nova","tag-suhteet","tag-suomi","tag-tanssii-tahtien-kanssa","tag-turku","tag-veronica-verho","tag-viihde"],"share_on_mastodon":{"url":"https:\/\/pubeurope.com\/@fi\/117193912884123936","error":""},"_links":{"self":[{"href":"https:\/\/www.europesays.com\/fi\/wp-json\/wp\/v2\/posts\/338480","targetHints":{"allow":["GET"]}}],"collection":[{"href":"https:\/\/www.europesays.com\/fi\/wp-json\/wp\/v2\/posts"}],"about":[{"href":"https:\/\/www.europesays.com\/fi\/wp-json\/wp\/v2\/types\/post"}],"author":[{"embeddable":true,"href":"https:\/\/www.europesays.com\/fi\/wp-json\/wp\/v2\/users\/2"}],"replies":[{"embeddable":true,"href":"https:\/\/www.europesays.com\/fi\/wp-json\/wp\/v2\/comments?post=338480"}],"version-history":[{"count":0,"href":"https:\/\/www.europesays.com\/fi\/wp-json\/wp\/v2\/posts\/338480\/revisions"}],"wp:featuredmedia":[{"embeddable":true,"href":"https:\/\/www.europesays.com\/fi\/wp-json\/wp\/v2\/media\/338481"}],"wp:attachment":[{"href":"https:\/\/www.europesays.com\/fi\/wp-json\/wp\/v2\/media?parent=338480"}],"wp:term":[{"taxonomy":"category","embeddable":true,"href":"https:\/\/www.europesays.com\/fi\/wp-json\/wp\/v2\/categories?post=338480"},{"taxonomy":"post_tag","embeddable":true,"href":"https:\/\/www.europesays.com\/fi\/wp-json\/wp\/v2\/tags?post=338480"}],"curies":[{"name":"wp","href":"https:\/\/api.w.org\/{rel}","templated":true}]}}