{"id":338486,"date":"2026-09-01T04:36:15","date_gmt":"2026-09-01T04:36:15","guid":{"rendered":"https:\/\/www.europesays.com\/fi\/338486\/"},"modified":"2026-09-01T04:36:15","modified_gmt":"2026-09-01T04:36:15","slug":"veropetoksesta-syytetylla-jari-matti-latvalalla-oli-monacossa-27-nelion-asunto-taman-verran-han-maksoi-vuokraa","status":"publish","type":"post","link":"https:\/\/www.europesays.com\/fi\/338486\/","title":{"rendered":"Veropetoksesta syytetyll\u00e4 Jari-Matti Latvalalla oli Monacossa 27 neli\u00f6n asunto \u2013 T\u00e4m\u00e4n verran h\u00e4n maksoi vuokraa"},"content":{"rendered":"<p>Jari-Matti Latvalalla oli Monacossa 27 neli\u00f6metrin kokoinen asunto.<\/p>\n<p class=\"paragraph\"><a href=\"https:\/\/www.iltalehti.fi\/henkilot\/Jari-Matti Latvala\" class=\"article-link-person-page\" rel=\"nofollow noopener\" target=\"_blank\">Jari-Matti Latvalan<\/a>, 41, oikeudenk\u00e4ynti alkoi maanantaina Helsingin k\u00e4r\u00e4j\u00e4oikeudessa.<\/p>\n<p class=\"paragraph\">Yksi oikeudenk\u00e4ynniss\u00e4 k\u00e4sitellyist\u00e4 asioista oli Latvalan Monacossa sijainnut 27 neli\u00f6metrin kokoinen asunto.<\/p>\n<p class=\"paragraph\">Latvalaa syytet\u00e4\u00e4n t\u00f6rke\u00e4st\u00e4 veropetoksesta. Syyte koskee vuosia 2015\u20132018 ja liittyy Monacossa virallisesti asuneen Latvalan verovelvollisuuteen Suomessa.<\/p>\n<p class=\"paragraph\">Puolustuksen ennakkovastauksesta selvi\u00e4\u00e4, ett\u00e4 Latvalan Monacon koti oli kooltaan 27 neli\u00f6metri\u00e4. Asunnossa oli puolustuksen mukaan \u201diso\u201d terassi. Latvala maksoi vastauksen mukaan kodistaan \u201dhuomattavaa\u201d vuokraa: yhteens\u00e4 yli 360\u00a0000 euroa ajalta, jolloin h\u00e4n asui asunnossa.<\/p>\n<p><img decoding=\"async\" class=\"image image-show image-preview\" src=\"https:\/\/www.europesays.com\/fi\/wp-content\/uploads\/2026\/09\/b888d100eb4fddc7ad73c7ed7c7993692261b076e61771c2e45ce8b1b96e55cd.jpg\" alt=\"\"\/><img decoding=\"async\" class=\"image image-show\" src=\"https:\/\/www.europesays.com\/fi\/wp-content\/uploads\/2026\/09\/1788237375_306_b888d100eb4fddc7ad73c7ed7c7993692261b076e61771c2e45ce8b1b96e55cd.jpg\" alt=\"\"\/><\/p>\n<p>Jari-Matti Latvalan tapausta k\u00e4sitell\u00e4\u00e4n Helsingin k\u00e4r\u00e4j\u00e4oikeudessa. Maarit Pohjanpalo<\/p>\n<p class=\"paragraph\">Latvala oli asunnossa vuokralaisena lokakuun 2008 lopulta marraskuuhun 2020 saakka. Keskim\u00e4\u00e4r\u00e4iseksi kuukausivuokraksi muodostui n\u00e4in hieman yli 2\u00a0500 euroa.<\/p>\n<p class=\"paragraph\">Puolustuksen mukaan asunto oli Latvalan varsinainen koti. H\u00e4n oli kalustanut sen itse\u00e4\u00e4n varten ja vietti siell\u00e4 aikaa my\u00f6s tytt\u00f6yst\u00e4v\u00e4ns\u00e4 kanssa. Asuntoon liittyi lis\u00e4ksi muun muassa s\u00e4hk\u00f6sopimus ja kaapelitelevisiosopimus.<\/p>\n<p>Syytt\u00e4j\u00e4 eri mielt\u00e4<\/p>\n<p class=\"paragraph\">Syytt\u00e4j\u00e4 katsoo, ettei asunto kerro Latvalan todellisen el\u00e4m\u00e4n keskittyneen Monacoon.<\/p>\n<p class=\"paragraph\">Syytt\u00e4j\u00e4n mukaan Latvalalla oli Monacossa vain v\u00e4h\u00e4n henkil\u00f6kohtaisia tai taloudellisia siteit\u00e4. Vaikka h\u00e4nell\u00e4 oli siell\u00e4 oma vuokra-asunto, h\u00e4n vietti syytt\u00e4j\u00e4n mukaan merkitt\u00e4v\u00e4n osan ajastaan Suomessa.<\/p>\n<p class=\"paragraph\">Syytt\u00e4j\u00e4 katsoo Latvalan asuneen tosiasiassa Suomessa viimeist\u00e4\u00e4n vuoden 2014 alusta l\u00e4htien. Haastehakemuksen mukaan Latvala oleskeli Suomessa v\u00e4hint\u00e4\u00e4n 190 p\u00e4iv\u00e4\u00e4 vuonna 2014, 189 p\u00e4iv\u00e4\u00e4 vuonna 2015, 221 p\u00e4iv\u00e4\u00e4 vuonna 2016 ja 220 p\u00e4iv\u00e4\u00e4 vuonna 2017.<\/p>\n<p class=\"paragraph\">Syytt\u00e4j\u00e4n mukaan Latvala on itse ilmoittanut selv\u00e4sti pienemm\u00e4t m\u00e4\u00e4r\u00e4t Suomessa vietetyiksi p\u00e4iviksi.<\/p>\n<p class=\"paragraph\">Latvala kiist\u00e4\u00e4 n\u00e4kemyksen ja katsoo, ett\u00e4 h\u00e4nen varsinainen kotinsa oli kyseisin\u00e4 vuosina Monacossa.<\/p>\n<p class=\"paragraph\">Haastehakemuksen perusteella Etel\u00e4-Suomen syytt\u00e4j\u00e4alue vaatii Latvalalle v\u00e4hint\u00e4\u00e4n kolmen vuoden ehdotonta vankeusrangaistusta.<\/p>\n","protected":false},"excerpt":{"rendered":"Jari-Matti Latvalalla oli Monacossa 27 neli\u00f6metrin kokoinen asunto. Jari-Matti Latvalan, 41, oikeudenk\u00e4ynti alkoi maanantaina Helsingin k\u00e4r\u00e4j\u00e4oikeudessa. Yksi oikeudenk\u00e4ynniss\u00e4&hellip;\n","protected":false},"author":2,"featured_media":338487,"comment_status":"","ping_status":"","sticky":false,"template":"","format":"standard","meta":{"footnotes":"","_share_on_mastodon":"0"},"categories":[12],"tags":[35,36,22,23,26,27,33,31,30,17,2288,53,24,25,28,29,15,977,976,18,21,32,19,20,16],"class_list":["post-338486","post","type-post","status-publish","format-standard","has-post-thumbnail","category-suomi","tag-24h","tag-asuintalot-ja-asunnot","tag-breaking-news","tag-breakingnews","tag-featured-news","tag-featurednews","tag-fi","tag-finland","tag-finnish","tag-headlines","tag-karajaoikeus","tag-laki-oikeus-ja-rikos","tag-latest-news","tag-latestnews","tag-main-news","tag-mainnews","tag-news","tag-oikeusistuimet","tag-oikeusprosessit","tag-otsikot","tag-paauutiset","tag-suomi","tag-top-stories","tag-topstories","tag-uutiset"],"share_on_mastodon":{"url":"https:\/\/pubeurope.com\/@fi\/117193932274891172","error":""},"_links":{"self":[{"href":"https:\/\/www.europesays.com\/fi\/wp-json\/wp\/v2\/posts\/338486","targetHints":{"allow":["GET"]}}],"collection":[{"href":"https:\/\/www.europesays.com\/fi\/wp-json\/wp\/v2\/posts"}],"about":[{"href":"https:\/\/www.europesays.com\/fi\/wp-json\/wp\/v2\/types\/post"}],"author":[{"embeddable":true,"href":"https:\/\/www.europesays.com\/fi\/wp-json\/wp\/v2\/users\/2"}],"replies":[{"embeddable":true,"href":"https:\/\/www.europesays.com\/fi\/wp-json\/wp\/v2\/comments?post=338486"}],"version-history":[{"count":0,"href":"https:\/\/www.europesays.com\/fi\/wp-json\/wp\/v2\/posts\/338486\/revisions"}],"wp:featuredmedia":[{"embeddable":true,"href":"https:\/\/www.europesays.com\/fi\/wp-json\/wp\/v2\/media\/338487"}],"wp:attachment":[{"href":"https:\/\/www.europesays.com\/fi\/wp-json\/wp\/v2\/media?parent=338486"}],"wp:term":[{"taxonomy":"category","embeddable":true,"href":"https:\/\/www.europesays.com\/fi\/wp-json\/wp\/v2\/categories?post=338486"},{"taxonomy":"post_tag","embeddable":true,"href":"https:\/\/www.europesays.com\/fi\/wp-json\/wp\/v2\/tags?post=338486"}],"curies":[{"name":"wp","href":"https:\/\/api.w.org\/{rel}","templated":true}]}}