{"id":338498,"date":"2026-09-01T04:58:10","date_gmt":"2026-09-01T04:58:10","guid":{"rendered":"https:\/\/www.europesays.com\/fi\/338498\/"},"modified":"2026-09-01T04:58:10","modified_gmt":"2026-09-01T04:58:10","slug":"kaamos-nakee-paivanvalon-kontiolahdelta-ranskaan-muuttavan-kimmo-perkkion-intohimoprojekti-on-valmis-paikalliset","status":"publish","type":"post","link":"https:\/\/www.europesays.com\/fi\/338498\/","title":{"rendered":"Kaamos n\u00e4kee p\u00e4iv\u00e4nvalon \u2013 Kontiolahdelta Ranskaan muuttavan Kimmo Perkki\u00f6n intohimoprojekti on valmis | Paikalliset"},"content":{"rendered":"<p>Kymmenen vuotta sitten alkunsa saanut idea suomalaisen metallimusiikin ruumiinavauksesta on valmis.<\/p>\n<p>Suomi on yksi metallimusiikin vankimmista linnakkeista. Suomalainen metallimusiikki on ollut jo vuosia kansainv\u00e4lisesti tunnettu k\u00e4site sek\u00e4 miljoonabisnest\u00e4. Se tunnetaan todenn\u00e4k\u00f6isesti jokaisella asutulla mantereella.<\/p>\n","protected":false},"excerpt":{"rendered":"Kymmenen vuotta sitten alkunsa saanut idea suomalaisen metallimusiikin ruumiinavauksesta on valmis. Suomi on yksi metallimusiikin vankimmista linnakkeista. Suomalainen&hellip;\n","protected":false},"author":2,"featured_media":338499,"comment_status":"","ping_status":"","sticky":false,"template":"","format":"standard","meta":{"footnotes":"","_share_on_mastodon":"0"},"categories":[130],"tags":[137,33,31,30,1686,108,525,47,141,742,32,484,109],"class_list":["post-338498","post","type-post","status-publish","format-standard","has-post-thumbnail","category-viihde","tag-entertainment","tag-fi","tag-finland","tag-finnish","tag-kontiolahti","tag-kulttuuri","tag-laulaminen-ja-laulajat","tag-musiikki","tag-muusikot-bandit","tag-suomalainen-musiikki","tag-suomi","tag-taiteellinen-ilmaisu-ja-mediat","tag-viihde"],"share_on_mastodon":{"url":"https:\/\/pubeurope.com\/@fi\/117194018247611974","error":""},"_links":{"self":[{"href":"https:\/\/www.europesays.com\/fi\/wp-json\/wp\/v2\/posts\/338498","targetHints":{"allow":["GET"]}}],"collection":[{"href":"https:\/\/www.europesays.com\/fi\/wp-json\/wp\/v2\/posts"}],"about":[{"href":"https:\/\/www.europesays.com\/fi\/wp-json\/wp\/v2\/types\/post"}],"author":[{"embeddable":true,"href":"https:\/\/www.europesays.com\/fi\/wp-json\/wp\/v2\/users\/2"}],"replies":[{"embeddable":true,"href":"https:\/\/www.europesays.com\/fi\/wp-json\/wp\/v2\/comments?post=338498"}],"version-history":[{"count":0,"href":"https:\/\/www.europesays.com\/fi\/wp-json\/wp\/v2\/posts\/338498\/revisions"}],"wp:featuredmedia":[{"embeddable":true,"href":"https:\/\/www.europesays.com\/fi\/wp-json\/wp\/v2\/media\/338499"}],"wp:attachment":[{"href":"https:\/\/www.europesays.com\/fi\/wp-json\/wp\/v2\/media?parent=338498"}],"wp:term":[{"taxonomy":"category","embeddable":true,"href":"https:\/\/www.europesays.com\/fi\/wp-json\/wp\/v2\/categories?post=338498"},{"taxonomy":"post_tag","embeddable":true,"href":"https:\/\/www.europesays.com\/fi\/wp-json\/wp\/v2\/tags?post=338498"}],"curies":[{"name":"wp","href":"https:\/\/api.w.org\/{rel}","templated":true}]}}