{"id":338532,"date":"2026-09-01T05:48:16","date_gmt":"2026-09-01T05:48:16","guid":{"rendered":"https:\/\/www.europesays.com\/fi\/338532\/"},"modified":"2026-09-01T05:48:16","modified_gmt":"2026-09-01T05:48:16","slug":"elamantaito-saannollinen-unirytmi-voi-vaikuttaa-terveyteen-ratkaisevasti","status":"publish","type":"post","link":"https:\/\/www.europesays.com\/fi\/338532\/","title":{"rendered":"El\u00e4m\u00e4ntaito: S\u00e4\u00e4nn\u00f6llinen unirytmi voi vaikuttaa terveyteen ratkaisevasti"},"content":{"rendered":"<p>                                    &#13;<br \/>\n        &#13;<br \/>\n&#13;<br \/>\n\t        &#13;<\/p>\n<p>            <a href=\"https:\/\/www.kotimaa.fi\/wp-content\/uploads\/2026\/08\/unirytmi-scaled.jpg\" data-caption=\"Aamun valo tukee nukahtamista illalla. Suomessa valo-olosuhteiden vaihtelu on unirytmille haaste. Jos nukahtamisen kanssa on ongelmia, kannattaa pime\u00e4\u00e4n vuodenaikaan harkita kirkasvalolampun k\u00e4ytt\u00f6\u00e4 aamuisin.&#010;Kuva: Pixabay\" rel=\"nofollow noopener\" target=\"_blank\"><img loading=\"lazy\" decoding=\"async\" width=\"696\" height=\"415\" class=\"entry-thumb td-modal-image\" src=\"https:\/\/www.europesays.com\/fi\/wp-content\/uploads\/2026\/09\/unirytmi-696x415.jpg\"   alt=\"Piirroskuvassa mies nukkuu p\u00e4\u00e4 tyynyll\u00e4 ja edess\u00e4 on her\u00e4tyskello\" title=\"unirytmi\"\/><\/a>Aamun valo tukee nukahtamista illalla. Suomessa valo-olosuhteiden vaihtelu on unirytmille haaste. Jos nukahtamisen kanssa on ongelmia, kannattaa pime\u00e4\u00e4n vuodenaikaan harkita kirkasvalolampun k\u00e4ytt\u00f6\u00e4 aamuisin.<br \/>\nKuva: Pixabay<br \/>\n            <a href=\"mailto:toimitus@kotimaa.fi?subject=Asiavirhe artikkelissa&amp;body=Hei! &#10;Artikkelissa https:\/\/www.kotimaa.fi\/elamantaito-saannollinen-unirytmi-voi-vaikuttaa-terveyteen-ratkaisevasti\/&#10; on seuraava asiavirhe:&#10;\">Ilmoita asiavirheest\u00e4<\/a>        &#13;<br \/>\n&#13;<br \/>\n        &#13;<br \/>\n                        &#13;<br \/>\n            &#13;<br \/>\n &#13;<\/p>\n<p>\t\t]]><\/p>\n<p>\t\t            Edellinen artikkeli<a href=\"https:\/\/www.kotimaa.fi\/finnwatchin-sonja-finer-yritysvastuusta-tinkiminen-voi-tulla-yrityksille-kalliiksi\/\" rel=\"nofollow noopener\" target=\"_blank\">Finnwatchin Sonja Fin\u00e9r: Yritysvastuusta tinkiminen voi tulla yrityksille kalliiksi<\/a>                                &#13;<br \/>\n&#13;<\/p>\n<p>Ei n\u00e4ytett\u00e4vi\u00e4 viestej\u00e4<\/p>\n","protected":false},"excerpt":{"rendered":"&#13; &#13; &#13; &#13; Aamun valo tukee nukahtamista illalla. Suomessa valo-olosuhteiden vaihtelu on unirytmille haaste. Jos nukahtamisen kanssa&hellip;\n","protected":false},"author":2,"featured_media":338533,"comment_status":"","ping_status":"","sticky":false,"template":"","format":"standard","meta":{"footnotes":"","_share_on_mastodon":"0"},"categories":[165],"tags":[41839,41840,33,31,30,166,41841,41842,41843,19473,32,167,9794,10024,15848],"class_list":["post-338532","post","type-post","status-publish","format-standard","has-post-thumbnail","category-terveys","tag-aamuvirkku","tag-elamantaito","tag-fi","tag-finland","tag-finnish","tag-health","tag-iltavirkku","tag-kronotyyppi","tag-laura-nauha","tag-lepo","tag-suomi","tag-terveys","tag-uni","tag-unirytmi","tag-vuorokausirytmi"],"share_on_mastodon":{"url":"https:\/\/pubeurope.com\/@fi\/117194215659094777","error":""},"_links":{"self":[{"href":"https:\/\/www.europesays.com\/fi\/wp-json\/wp\/v2\/posts\/338532","targetHints":{"allow":["GET"]}}],"collection":[{"href":"https:\/\/www.europesays.com\/fi\/wp-json\/wp\/v2\/posts"}],"about":[{"href":"https:\/\/www.europesays.com\/fi\/wp-json\/wp\/v2\/types\/post"}],"author":[{"embeddable":true,"href":"https:\/\/www.europesays.com\/fi\/wp-json\/wp\/v2\/users\/2"}],"replies":[{"embeddable":true,"href":"https:\/\/www.europesays.com\/fi\/wp-json\/wp\/v2\/comments?post=338532"}],"version-history":[{"count":0,"href":"https:\/\/www.europesays.com\/fi\/wp-json\/wp\/v2\/posts\/338532\/revisions"}],"wp:featuredmedia":[{"embeddable":true,"href":"https:\/\/www.europesays.com\/fi\/wp-json\/wp\/v2\/media\/338533"}],"wp:attachment":[{"href":"https:\/\/www.europesays.com\/fi\/wp-json\/wp\/v2\/media?parent=338532"}],"wp:term":[{"taxonomy":"category","embeddable":true,"href":"https:\/\/www.europesays.com\/fi\/wp-json\/wp\/v2\/categories?post=338532"},{"taxonomy":"post_tag","embeddable":true,"href":"https:\/\/www.europesays.com\/fi\/wp-json\/wp\/v2\/tags?post=338532"}],"curies":[{"name":"wp","href":"https:\/\/api.w.org\/{rel}","templated":true}]}}