{"id":338540,"date":"2026-09-01T05:54:12","date_gmt":"2026-09-01T05:54:12","guid":{"rendered":"https:\/\/www.europesays.com\/fi\/338540\/"},"modified":"2026-09-01T05:54:12","modified_gmt":"2026-09-01T05:54:12","slug":"163-lasta-pelastettiin-jattioperaatiossa-yhdysvalloissa-floridan-oikeusministeri-toimintaa-myos-suomessa","status":"publish","type":"post","link":"https:\/\/www.europesays.com\/fi\/338540\/","title":{"rendered":"163 lasta pelastettiin j\u00e4ttioperaatiossa Yhdysvalloissa \u2013 Floridan oikeusministeri: Toimintaa my\u00f6s Suomessa"},"content":{"rendered":"<p>Mittava operaatio toteutettiin muutamassa p\u00e4iv\u00e4ss\u00e4.<\/p>\n<p><img decoding=\"async\" src=\"https:\/\/www.europesays.com\/fi\/wp-content\/uploads\/2026\/09\/1788242052_963_468.jpg\" alt=\"Floridan osavaltion oikeusministeri James Uthmeier muistutti operaatiosta kertoessaan, ett\u00e4 lapsia vahingoittavien rikollisten on syyt\u00e4 vilkuilla taakseen. Viranomaiset eiv\u00e4t ole hellitt\u00e4m\u00e4ss\u00e4.\" class=\"_Img_1rerz_1\" style=\"aspect-ratio:1920\/1080\" loading=\"eager\"\/><\/p>\n<p class=\"font-(family-name:--picture-caption-font-family) text-(length:--picture-caption-font-size) leading-(--picture-caption-leading) font-(--picture-caption-font-weight) text-(color:--picture-caption-color)\">Floridan osavaltion oikeusministeri James Uthmeier muistutti operaatiosta kertoessaan, ett\u00e4 lapsia vahingoittavien rikollisten on syyt\u00e4 vilkuilla taakseen. Viranomaiset eiv\u00e4t ole hellitt\u00e4m\u00e4ss\u00e4. Kuva:\u00a0Dirk Shadd\/Tampa Bay Times via ZUMA<\/p>\n<p class=\"article-body mb-(--paragraph-margin-b) px-nof-16\">Yhteens\u00e4 163 kadonnutta lasta on pelastettu laajassa viranomaisten yhteisoperaatiossa Yhdysvalloissa, kertoo Floridan <a class=\"underline underline-offset-[0.12em] [text-decoration-thickness:var(--generic-link-underline-thickness)] [text-decoration-color:var(--generic-link-underline-color)] [text-decoration-skip-ink:var(--generic-link-underline-skip-ink)] break-words\" href=\"https:\/\/www.myfloridalegal.com\/newsrelease\/attorney-general-james-uthmeier-and-fdle-announce-rescue-and-recovery-163-missing\" rel=\"nofollow noopener\" target=\"_blank\">oikeusministerin toimisto<\/a>. Operaatio oli koko Floridan osavaltion laajuinen ja sis\u00e4lsi toimia my\u00f6s muissa osavaltioissa ja maissa.<\/p>\n<p class=\"article-body mb-(--paragraph-margin-b) px-nof-16\">Asiasta ovat uutisoineet my\u00f6s useat osavaltiossa toimivat televisiokanavat.<\/p>\n<p class=\"article-body mb-(--paragraph-margin-b) px-nof-16\">Oikeusministerin toimiston mukaan viranomaiset tekiv\u00e4t operaation aikana yhteisty\u00f6t\u00e4 my\u00f6s Suomen kanssa. Kaikki lapset l\u00f6ydettiin kuitenkin Floridan osavaltion alueelta. Nuorin uhreista on vasta kahden kuukauden ik\u00e4inen vauva. Vanhin on 17-vuotias.<\/p>\n<p class=\"article-body mb-(--paragraph-margin-b) px-nof-16\">\u2013\u2009Yhdysvaltojen ulkopuolella operaatioita toteutettiin muun muassa Brasiliassa, Kanadassa, Kolumbiassa, Dominicassa, Suomessa, Ghanassa, Guatemalassa, Italiassa, Jamaikalla, Meksikossa, Espanjassa ja Taiwanissa, toimisto kertoo tiedotteessaan.<\/p>\n<p class=\"article-body mb-(--paragraph-margin-b) px-nof-16\">Viranomaiset l\u00f6ysiv\u00e4t 46 lasta Tampa Bayn alueelta, 41 lasta Miamista, 32 Jacksonvillest\u00e4, 21 Orlandosta, 12 Fort Myersista, kahdeksan Pensacolasta ja kolme Tallahasseesta.<\/p>\n<p class=\"article-body mb-(--paragraph-margin-b) px-nof-16\">Oikeusministerin toimiston mukaan pelastettuja lapsia on hyv\u00e4ksik\u00e4ytetty, laiminly\u00f6ty tai riistetty. Osa uhreista on joutunut ihmiskaupan uhreiksi.<\/p>\n<p class=\"article-body mb-(--paragraph-margin-b) px-nof-16\">Pelastetut lapset kuljetettiin erikseen operaation k\u00e4ytt\u00f6\u00f6n varattuihin turvakeskuksiin. Heit\u00e4 tukevat muun muassa sosiaalipalvelut, lastensuojelun asiantuntijat sek\u00e4 rikosuhrien tukeen ja terveydenhuoltoon perehtyneet ammattilaiset.<\/p>\n<p class=\"article-body mb-(--paragraph-margin-b) px-nof-16\">Osavaltion oikeusministeri <a class=\"font-bold underline-offset-[0.12em] [text-decoration:var(--person-link-text-decoration)] [text-decoration-color:var(--person-link-text-decoration-color)]!\" href=\"https:\/\/www.is.fi\/haku\/?query=James%20Uthmeier\" rel=\"nofollow noopener\" target=\"_blank\">James Uthmeier<\/a> kertoo tiedotteessa, ett\u00e4 operaatiota johti Floridan osavaltion poliisi (FDLE) yhdess\u00e4 osavaltion p\u00e4\u00e4syytt\u00e4j\u00e4n ihmiskauppaan erikoistuneen erityisasiantuntijan kanssa. Mukana oli lis\u00e4ksi useita j\u00e4rjest\u00f6j\u00e4 ja muita toimijoita.<\/p>\n<p class=\"article-body mb-(--paragraph-margin-b) px-nof-16\">\u2013\u2009Monet n\u00e4ist\u00e4 lapsista ovat joutuneet sellaisten ihmisten uhreiksi, jotka k\u00e4ytt\u00e4v\u00e4t hyv\u00e4kseen kaikkein haavoittuvimpia, Uthmeier toteaa.<\/p>\n<p class=\"article-body mb-(--paragraph-margin-b) px-nof-16\">Lapset ovat oikeusministerin toimiston mukaan turvassa ja saavat tarvitsemaansa hoitoa. Viel\u00e4 l\u00f6yt\u00e4m\u00e4tt\u00e4 olevien kadonneiden lasten etsint\u00e4 jatkuu.<\/p>\n<p class=\"article-body mb-(--paragraph-margin-b) px-nof-16\">Osavaltion poliisikomissaari <a class=\"font-bold underline-offset-[0.12em] [text-decoration:var(--person-link-text-decoration)] [text-decoration-color:var(--person-link-text-decoration-color)]!\" href=\"https:\/\/www.is.fi\/haku\/?query=Mark%20Glass\" rel=\"nofollow noopener\" target=\"_blank\">Mark Glass <\/a>alleviivaa operaation laajuutta.<\/p>\n<p class=\"article-body mb-(--paragraph-margin-b) px-nof-16\">\u2013\u2009T\u00e4m\u00e4 operaatio toi yhteen osavaltion, paikalliset ja liittovaltion kumppanit, jotta 163 kadonnutta lasta saatiin turvallisesti kotiin.<\/p>\n<p class=\"article-body mb-(--paragraph-margin-b) px-nof-16\">Operation Statewide Shield kesti viisi p\u00e4iv\u00e4\u00e4. Tavoite oli selv\u00e4: tunnistaa kadonneet lapset, paikantaa heid\u00e4t ja pelastaa. Operaatiossa viranomaiset k\u00e4yttiv\u00e4t avukseen ajantasaista tiedustelutietoa ja toteuttivat lukuisia kentt\u00e4operaatioita lasten pelastamiseksi.<\/p>\n<p class=\"article-body mb-(--paragraph-margin-b) px-nof-16\">Operaation aikana poliisi pid\u00e4tti useita ep\u00e4iltyj\u00e4. Pid\u00e4tyksi\u00e4 tehd\u00e4\u00e4n todenn\u00e4k\u00f6isesti lis\u00e4\u00e4 l\u00e4hip\u00e4ivin\u00e4.<\/p>\n","protected":false},"excerpt":{"rendered":"Mittava operaatio toteutettiin muutamassa p\u00e4iv\u00e4ss\u00e4. Floridan osavaltion oikeusministeri James Uthmeier muistutti operaatiosta kertoessaan, ett\u00e4 lapsia vahingoittavien rikollisten on&hellip;\n","protected":false},"author":2,"featured_media":338541,"comment_status":"","ping_status":"","sticky":false,"template":"","format":"standard","meta":{"footnotes":"","_share_on_mastodon":"0"},"categories":[14],"tags":[22,23,26,27,33,31,30,17,34,24,25,28,29,15,18,21,32,19,20,56,16,59,60,61],"class_list":["post-338540","post","type-post","status-publish","format-standard","has-post-thumbnail","category-ulkomaat","tag-breaking-news","tag-breakingnews","tag-featured-news","tag-featurednews","tag-fi","tag-finland","tag-finnish","tag-headlines","tag-ilta-sanomat","tag-latest-news","tag-latestnews","tag-main-news","tag-mainnews","tag-news","tag-otsikot","tag-paauutiset","tag-suomi","tag-top-stories","tag-topstories","tag-ulkomaat","tag-uutiset","tag-world","tag-world-news","tag-worldnews"],"share_on_mastodon":{"url":"https:\/\/pubeurope.com\/@fi\/117194239241715371","error":""},"_links":{"self":[{"href":"https:\/\/www.europesays.com\/fi\/wp-json\/wp\/v2\/posts\/338540","targetHints":{"allow":["GET"]}}],"collection":[{"href":"https:\/\/www.europesays.com\/fi\/wp-json\/wp\/v2\/posts"}],"about":[{"href":"https:\/\/www.europesays.com\/fi\/wp-json\/wp\/v2\/types\/post"}],"author":[{"embeddable":true,"href":"https:\/\/www.europesays.com\/fi\/wp-json\/wp\/v2\/users\/2"}],"replies":[{"embeddable":true,"href":"https:\/\/www.europesays.com\/fi\/wp-json\/wp\/v2\/comments?post=338540"}],"version-history":[{"count":0,"href":"https:\/\/www.europesays.com\/fi\/wp-json\/wp\/v2\/posts\/338540\/revisions"}],"wp:featuredmedia":[{"embeddable":true,"href":"https:\/\/www.europesays.com\/fi\/wp-json\/wp\/v2\/media\/338541"}],"wp:attachment":[{"href":"https:\/\/www.europesays.com\/fi\/wp-json\/wp\/v2\/media?parent=338540"}],"wp:term":[{"taxonomy":"category","embeddable":true,"href":"https:\/\/www.europesays.com\/fi\/wp-json\/wp\/v2\/categories?post=338540"},{"taxonomy":"post_tag","embeddable":true,"href":"https:\/\/www.europesays.com\/fi\/wp-json\/wp\/v2\/tags?post=338540"}],"curies":[{"name":"wp","href":"https:\/\/api.w.org\/{rel}","templated":true}]}}