{"id":338542,"date":"2026-09-01T05:55:15","date_gmt":"2026-09-01T05:55:15","guid":{"rendered":"https:\/\/www.europesays.com\/fi\/338542\/"},"modified":"2026-09-01T05:55:15","modified_gmt":"2026-09-01T05:55:15","slug":"puolustusvoimat-rajoitti-ilmailua-ja-merenkulkua-itaisella-suomenlahdella-venaja-laukaansuussa-palaa","status":"publish","type":"post","link":"https:\/\/www.europesays.com\/fi\/338542\/","title":{"rendered":"Puolustusvoimat rajoitti ilmailua ja merenkulkua it\u00e4isell\u00e4 Suomenlahdella \u2013 Ven\u00e4j\u00e4: Laukaansuussa palaa"},"content":{"rendered":"<p>Ven\u00e4j\u00e4 ja Ukraina ovat molemmat tehneet iskuja tiistaiy\u00f6n aikana.<\/p>\n<p class=\"article-body mb-(--paragraph-margin-b) px-nof-16\">Puolustusvoimat otti y\u00f6ll\u00e4 k\u00e4ytt\u00f6\u00f6n It\u00e4isell\u00e4 Suomenlahdella tilap\u00e4isen ilmailun rajoitusalueen ja merenkulun rajoitusalueen. Rajoitukset otettiin k\u00e4ytt\u00f6\u00f6n puoli nelj\u00e4n j\u00e4lkeen tiistaiaamuy\u00f6ll\u00e4.<\/p>\n<p class=\"article-body mb-(--paragraph-margin-b) px-nof-16\">My\u00f6hemmin Puolustusvoimat kertoi viestipalvelu X:ss\u00e4, ett\u00e4 tilap\u00e4iset rajoitusalueet on purettu ilmatilan osalta klo 6.00 ja merialueen osalta klo 6.10.<\/p>\n<p class=\"article-body mb-(--paragraph-margin-b) px-nof-16\">\u2013\u2009Suomeen ei harhautunut lennokkeja. Rajoitukset olivat varotoimenpide viranomaisten toimintaedellytysten ja sivullisten turvallisuuden varmistamiseksi, julkaisussa kirjoitetaan.<\/p>\n<p class=\"article-body mb-(--paragraph-margin-b) px-nof-16\">Fintrafficin mukaan suljettuna oli Kotkan edustan merialue. Alue rajoittuu l\u00e4nness\u00e4 Kaunissaaren selk\u00e4\u00e4n, pohjoisessa Haminan satamaan ja id\u00e4ss\u00e4 ja etel\u00e4ss\u00e4 aluevesirajaan.<\/p>\n<p class=\"article-body mb-(--paragraph-margin-b) px-nof-16\">Puolustusvoimat on asettanut rajoitusalueita Suomenlahdelle useita kertoja viime aikoina. Aiemmin rajoitusten taustalla on ollut muun muassa Ukrainan puolustustaistelu Ven\u00e4j\u00e4\u00e4 vastaan.<\/p>\n<p class=\"article-body mb-(--paragraph-margin-b) px-nof-16\">Ven\u00e4j\u00e4n luoteisosassa sijaitsevalla Leningradin alueella annettiin varoitus drooniuhasta tiistain vastaisena y\u00f6n\u00e4, kertoi alueen kuvern\u00f6\u00f6ri <a class=\"font-bold underline-offset-[0.12em] [text-decoration:var(--person-link-text-decoration)] [text-decoration-color:var(--person-link-text-decoration-color)]!\" href=\"https:\/\/www.is.fi\/haku\/?query=Aleksandr%20Drozdenko\" rel=\"nofollow noopener\" target=\"_blank\">Aleksandr Drozdenko <\/a>Telegramissa.<\/p>\n<p class=\"article-body mb-(--paragraph-margin-b) px-nof-16\">Ven\u00e4j\u00e4n Leningradin alueella on ammuttu alas 44\u00a0droonia, Drozdenko ilmoitti Telegramissa varhain tiistaiaamuna. Alue rajautuu l\u00e4nness\u00e4 Suomeen ja Viroon.<\/p>\n<p class=\"article-body mb-(--paragraph-margin-b) px-nof-16\">Drooni-isku vaurioitti my\u00f6s satama-aluetta Ven\u00e4j\u00e4n Ust-Lugassa eli Laukaansuun satamassa. Satama-alueella on syttynyt tulipalo, Drozdenko kirjoittaa Telegram-viestipalvelussa. Satama sijaitsee Suomenlahden rannalla.<\/p>\n<p class=\"article-body mb-(--paragraph-margin-b) px-nof-16\">My\u00f6s Naton Baltian ilmavalvonta\u00adoperaation h\u00e4vitt\u00e4j\u00e4t h\u00e4lytettiin teht\u00e4v\u00e4lle Latviassa tiistaiy\u00f6n\u00e4, maan asevoimat kertoi viestipalvelu X:ss\u00e4.<\/p>\n<p class=\"article-body mb-(--paragraph-margin-b) px-nof-16\">Asevoimat kertoi X:ss\u00e4 mahdollisesta uhasta ilmatilassa Ludzan kunnan alueella.<\/p>\n<p class=\"article-body mb-(--paragraph-margin-b) px-nof-16\">Ludzan kunta sijaitsee it\u00e4isess\u00e4 Latviassa l\u00e4hell\u00e4 Ven\u00e4j\u00e4n rajaa.<\/p>\n<p class=\"article-body mb-(--paragraph-margin-b) px-nof-16\">Ennen kolmea y\u00f6ll\u00e4 asevoimat tiedotti, ett\u00e4 ilmauhka on p\u00e4\u00e4ttynyt.<\/p>\n<p class=\"article-body mb-(--paragraph-margin-b) px-nof-16\">Viron ulkoministeri <a class=\"font-bold underline-offset-[0.12em] [text-decoration:var(--person-link-text-decoration)] [text-decoration-color:var(--person-link-text-decoration-color)]!\" href=\"https:\/\/www.is.fi\/haku\/?query=Margus%20Tsahkna\" rel=\"nofollow noopener\" target=\"_blank\">Margus Tsahkna <\/a>kommentoi tiistaiy\u00f6n aikana tapahtunutta drooniuhkaa viestipalvelu X:ss\u00e4.<\/p>\n<p class=\"article-body mb-(--paragraph-margin-b) px-nof-16\">\u2013\u2009Y\u00f6n aikana osassa Viroa annettiin ilmah\u00e4lytys, kun droonit lensiv\u00e4t l\u00e4hell\u00e4 rajaamme ja tunkeutuivat Viron ilmatilaan. Naton \u00c4marin lentotukikohdasta l\u00e4hetettiin h\u00e4vitt\u00e4ji\u00e4 vastaamaan tilanteeseen. Viron puolustusvoimat kumosivat ilmah\u00e4lytyksen my\u00f6hemmin, ministeri kirjoittaa.<\/p>\n<p class=\"article-body mb-(--paragraph-margin-b) px-nof-16\">\u2013\u2009Nato reagoi nopeasti ja t\u00e4sm\u00e4lleen suunnitelman mukaisesti. Liittokunta on valppaana ja valmis suojelemaan liittolaisten aluetta. T\u00e4llaiset tapaukset ovat suora seuraus Ven\u00e4j\u00e4n hy\u00f6kk\u00e4yssodasta Ukrainaa vastaan ja korostavat tarvetta lis\u00e4t\u00e4 painetta Ven\u00e4j\u00e4\u00e4 kohtaan, jotta se lopettaisi aggressionsa.<\/p>\n<p class=\"article-body mb-(--paragraph-margin-b) px-nof-16\">Tiistaiy\u00f6n\u00e4 Ven\u00e4j\u00e4 on my\u00f6s tehnyt iskuja Ukrainan p\u00e4\u00e4kaupunki Kiovaan. Iskuissa kuoli ainakin nelj\u00e4 ja loukkaantui yli kymmenen.<\/p>\n<p class=\"article-body mb-(--paragraph-margin-b) px-nof-16\">Kyseess\u00e4 on kuudes per\u00e4kk\u00e4inen p\u00e4iv\u00e4, jolloin Ven\u00e4j\u00e4 on tehnyt ilmaiskuja Kiovaan ja sit\u00e4 ymp\u00e4r\u00f6iv\u00e4lle alueelle. Iskut ovat h\u00e4irinneet miljoonien ihmisten jokap\u00e4iv\u00e4ist\u00e4 el\u00e4m\u00e4\u00e4.<\/p>\n","protected":false},"excerpt":{"rendered":"Ven\u00e4j\u00e4 ja Ukraina ovat molemmat tehneet iskuja tiistaiy\u00f6n aikana. Puolustusvoimat otti y\u00f6ll\u00e4 k\u00e4ytt\u00f6\u00f6n It\u00e4isell\u00e4 Suomenlahdella tilap\u00e4isen ilmailun rajoitusalueen&hellip;\n","protected":false},"author":2,"featured_media":338543,"comment_status":"","ping_status":"","sticky":false,"template":"","format":"standard","meta":{"footnotes":"","_share_on_mastodon":"0"},"categories":[12],"tags":[22,23,26,27,33,31,30,17,34,24,25,28,29,15,18,21,32,19,20,16],"class_list":["post-338542","post","type-post","status-publish","format-standard","has-post-thumbnail","category-suomi","tag-breaking-news","tag-breakingnews","tag-featured-news","tag-featurednews","tag-fi","tag-finland","tag-finnish","tag-headlines","tag-ilta-sanomat","tag-latest-news","tag-latestnews","tag-main-news","tag-mainnews","tag-news","tag-otsikot","tag-paauutiset","tag-suomi","tag-top-stories","tag-topstories","tag-uutiset"],"share_on_mastodon":{"url":"https:\/\/pubeurope.com\/@fi\/117194242616895847","error":""},"_links":{"self":[{"href":"https:\/\/www.europesays.com\/fi\/wp-json\/wp\/v2\/posts\/338542","targetHints":{"allow":["GET"]}}],"collection":[{"href":"https:\/\/www.europesays.com\/fi\/wp-json\/wp\/v2\/posts"}],"about":[{"href":"https:\/\/www.europesays.com\/fi\/wp-json\/wp\/v2\/types\/post"}],"author":[{"embeddable":true,"href":"https:\/\/www.europesays.com\/fi\/wp-json\/wp\/v2\/users\/2"}],"replies":[{"embeddable":true,"href":"https:\/\/www.europesays.com\/fi\/wp-json\/wp\/v2\/comments?post=338542"}],"version-history":[{"count":0,"href":"https:\/\/www.europesays.com\/fi\/wp-json\/wp\/v2\/posts\/338542\/revisions"}],"wp:featuredmedia":[{"embeddable":true,"href":"https:\/\/www.europesays.com\/fi\/wp-json\/wp\/v2\/media\/338543"}],"wp:attachment":[{"href":"https:\/\/www.europesays.com\/fi\/wp-json\/wp\/v2\/media?parent=338542"}],"wp:term":[{"taxonomy":"category","embeddable":true,"href":"https:\/\/www.europesays.com\/fi\/wp-json\/wp\/v2\/categories?post=338542"},{"taxonomy":"post_tag","embeddable":true,"href":"https:\/\/www.europesays.com\/fi\/wp-json\/wp\/v2\/tags?post=338542"}],"curies":[{"name":"wp","href":"https:\/\/api.w.org\/{rel}","templated":true}]}}