{"id":338546,"date":"2026-09-01T06:09:14","date_gmt":"2026-09-01T06:09:14","guid":{"rendered":"https:\/\/www.europesays.com\/fi\/338546\/"},"modified":"2026-09-01T06:09:14","modified_gmt":"2026-09-01T06:09:14","slug":"tuukka-temosen-koti-koskettava-muisto-olga-temosesta","status":"publish","type":"post","link":"https:\/\/www.europesays.com\/fi\/338546\/","title":{"rendered":"Tuukka Temosen koti: Koskettava muisto Olga Temosesta"},"content":{"rendered":"<p>\n            (100425) &#8212; Iitti, October 4, 2025 \u2013 Tuukka Temonen poses for the camera during his interview for Seiska in his Pizzeria and Bar Rehtori in Iitti, Finland, 4. October 2025. (Matti Matikainen\/Aller Media)<br \/>\n            Matti Matikainen\n        <\/p>\n<p class=\"subtitle \">Tuukka Temonen jakoi huiman ennen ja j\u00e4lkeen -kuvasarjan kodistaan, josta paljastuu my\u00f6s koskettava muisto Olga Temosesta.<\/p>\n<p class=\"article-content article-content-width !bg-background\">, 51, jakoi sunnuntaina (30.8.) <a href=\"https:\/\/www.instagram.com\/tuukkatemonen\/\" target=\"_blank\" rel=\"nofollow noopener\">Instagramissa kuvasarjan<\/a>, jossa h\u00e4n n\u00e4ytt\u00e4\u00e4, miten perheen koti on muuttunut vuodesta 2005 vuoteen 2026. Vuosien aikana vanhasta puutalosta on kuoriutunut persoonallinen maalaiskoti, jossa edesmenneen puolison\u00a0 muisto n\u00e4kyy selke\u00e4sti.\u00a0<\/p>\n<p class=\"font-weight-bold m-font-weight-bold article-content article-content-width !bg-background\">Video: Tuukka Temonen ja Iida M\u00e4kikallio flexaa nyt<\/p>\n<p class=\"article-content article-content-width !bg-background\">Kuvakarusellissa n\u00e4hd\u00e4\u00e4n koskettavia kuvia talon eri kulmista.\u00a0Osa julkaisun kuvista on vanhoja valokuvia, toiset ovat 21 vuoden j\u00e4lkeen otettuja kuvia samoista kohdista.\u00a0<\/p>\n<p class=\"article-content article-content-width !bg-background\">Ennen-kuvissa puutalo n\u00e4ytt\u00e4\u00e4 viel\u00e4 projektia vaille valmiilta, hieman nuhjuiselta mutta t\u00e4ynn\u00e4 potentiaalia.\u00a0Tuoreemmat kuvat paljastavat, millaisella rakkaudella taloa on korjattu: viimeisteltyj\u00e4 yksityiskohtia ja ajan patinaan sopivia koristeita.<\/p>\n<p class=\"article-content article-content-width !bg-background\">Tuvan sein\u00e4ll\u00e4 roikkuu my\u00f6s er\u00e4s pys\u00e4ytt\u00e4v\u00e4 taulu: muotokuva Olgasta.\u00a0Kyseess\u00e4 on sama valokuvataulu, joka n\u00e4htiin Olgan hautajaisissa.\u00a0<\/p>\n<p class=\"article-content article-content-width !bg-background\">N\u00e4in Olgan muisto pysyy vahvasti talossa, jonka remontointiin Temoset k\u00e4yttiv\u00e4t aikaa ja vaivaa vuosien saatossa ja jossa Olga lopulta menehtyi.\u00a0<\/p>\n<p>        <a itemprop=\"url\" href=\"https:\/\/www.seiska.fi\/kotimaa\/tuukka-temoselta-ilouutinen\/2036621\" rel=\"nofollow noopener\" target=\"_blank\"><\/p>\n<p>\nTuukka Temonen\n<\/p>\n<p class=\"section-date\">\n        <strong class=\"article-section\" data-section=\"kotimaa\"><br \/>\n            kotimaa<br \/>\n        <\/strong><br \/>\n        3.1. 11:30\n    <\/p>\n<p>Tuukka Temoselta ilouutinen\n    <\/p>\n<p itemprop=\"description\" class=\"subtitle \">\n    Raskaan vuoden j\u00e4lkeen Tuukan el\u00e4m\u00e4\u00e4n on alkanut l\u00f6yty\u00e4 my\u00f6s uutta valoa.\n<\/p>\n<p>        <\/a><\/p>\n<p>Henki s\u00e4ilyy<\/p>\n<p class=\"article-content article-content-width !bg-background\">Toinen pys\u00e4ytt\u00e4v\u00e4 kuvapari on talon portailla.\u00a0<\/p>\n<p class=\"article-content article-content-width !bg-background\">Vuoden 2005 otoksessa Olga ja Tuukka istuvat hirsirakennuksen portailla, ja Tuukka pitelee k\u00e4dess\u00e4\u00e4n kookasta tykinammuksen hylsy\u00e4.\u00a0<\/p>\n<p class=\"article-content article-content-width !bg-background\">Uudessa kuvassa Tuukka istuu samassa paikassa, samassa asennossa hylsy k\u00e4dess\u00e4\u00e4n \u2013 mutta nyt Tuukka istuu portaalla yksin.<\/p>\n<p class=\"article-content article-content-width !bg-background\">Julkaisu sai monet herkistym\u00e4\u00e4n.\u00a0Syd\u00e4mi\u00e4 julkaisuun j\u00e4ttiv\u00e4t muun muassa Duudsonien , tv-l\u00e4\u00e4k\u00e4ri  ja n\u00e4yttelij\u00e4 . <\/p>\n<p class=\"article-content article-content-width !bg-background\">\u2013 Olipas pakahduttava kuvasarja,  kirjoitti Instagramissa.<\/p>\n<p class=\"article-content article-content-width !bg-background\">\u2013 Huh miten kaunista ja raastavaa,  puolestaan kommentoi julkaisuun.<\/p>\n<p class=\"italic m-italic article-content article-content-width !bg-background\"> Jos upotus ei toimi, voit katsoa julkaisun <a href=\"https:\/\/www.instagram.com\/p\/DcrGx3TjCaE\/?hl=fi&amp;img_index=10\" target=\"_blank\" rel=\"nofollow noopener\">t\u00e4\u00e4lt\u00e4<\/a>. <\/p>\n<p>        <a itemprop=\"url\" href=\"https:\/\/www.seiska.fi\/kotimaa\/kuvat-tuukka-temonen-treffeilla-tv-kaunottaren-kanssa\/2214684\" rel=\"nofollow noopener\" target=\"_blank\"><\/p>\n<p>\nKuvat!\n<\/p>\n<p class=\"section-date\">\n        <strong class=\"article-section\" data-section=\"kotimaa\"><br \/>\n            kotimaa<br \/>\n        <\/strong><br \/>\n        23.7. 05:00\n    <\/p>\n<p>Kuvat! Tuukka Temonen treffeill\u00e4 tv-kaunottaren kanssa\n    <\/p>\n<p itemprop=\"description\" class=\"subtitle \">\n    Marraskuussa leskeksi j\u00e4\u00e4nyt Tuukka yll\u00e4tti seuralaisellaan.\n<\/p>\n<p>        <\/a><\/p>\n<p>Raskas vuosi takana<\/p>\n<p class=\"article-content article-content-width !bg-background\">Olga menehtyi marraskuussa 2025 pitk\u00e4n sy\u00f6p\u00e4sairastamisen j\u00e4lkeen. Pari ehti rakentaa yhteist\u00e4 el\u00e4m\u00e4\u00e4, perhett\u00e4, elokuvia ja maalaiskotia Iitiss\u00e4 yli kahden vuosikymmenen ajan.<\/p>\n<p class=\"article-content article-content-width !bg-background\">Kev\u00e4\u00e4ll\u00e4 julkaistiin my\u00f6s Olgan el\u00e4m\u00e4kertakirja Aika jonka sain, jonka viimeistelyss\u00e4 Tuukka oli mukana.\u00a0<\/p>\n<p class=\"article-content article-content-width !bg-background\">Perheen esikoistyt\u00e4r  t\u00e4ytti kes\u00e4ll\u00e4 18 vuotta. Perheeseen kuuluvat my\u00f6s nuoremmat lapset\u00a0 ja .<\/p>\n<p class=\"article-content article-content-width !bg-background\">Tuukka Temonen tuli suurelle yleis\u00f6lle tutuksi 1990-luvulla Apulanta-yhtyeen basistina.\u00a0H\u00e4n oli mukana yhtyeen riveiss\u00e4 yli kymmenen vuoden ajan.\u00a0<\/p>\n<p class=\"article-content article-content-width !bg-background\">My\u00f6hemmin h\u00e4n siirtyi elokuvabisnekseen ohjaajaksi ja tuottajaksi. Tuukan ohjauksiin lukeutuvat muun muassa Apulannan alkuvuosista kertova Teit meist\u00e4 kauniin, Vares X ja Cancel.<\/p>\n<p class=\"article-content article-content-width !bg-background\"> Olga puolestaan tunnettiin n\u00e4yttelij\u00e4n\u00e4 muun muassa tv-sarjoista Harjunp\u00e4\u00e4 ja\u00a0Salatut el\u00e4m\u00e4t. H\u00e4n n\u00e4ytteli my\u00f6s useissa Tuukan elokuvissa.<\/p>\n<p class=\"article-content article-content-width !bg-background\">Olga kosketti suomalaisia avoimuudellaan sairastuttuaan aggressiiviseen aivosy\u00f6p\u00e4\u00e4n, josta h\u00e4n kertoi rehellisesti julkisuudessa el\u00e4m\u00e4ns\u00e4 loppuvaiheisiin asti.<\/p>\n<p>        <a itemprop=\"url\" href=\"https:\/\/www.seiska.fi\/katso\/tuukka-ja-olga-temosen-lapsilla-erikoinen-asumiskuvio\/2173455\" rel=\"nofollow noopener\" target=\"_blank\"><\/p>\n<p>\nTuukka Temosen\n<\/p>\n<p class=\"section-date\">\n        <strong class=\"article-section\" data-section=\"katso\"><br \/>\n            katso<br \/>\n        <\/strong><br \/>\n        7.6. 09:15\n    <\/p>\n<p>Tuukka ja Olga Temosen lapsilla erikoinen asumiskuvio\n    <\/p>\n<p itemprop=\"description\" class=\"subtitle \">\n    Temosten lapset asuvat poikkeuksellisella tavalla.\n<\/p>\n<p>        <\/a><\/p>\n<p><script async src=\"\/\/www.instagram.com\/embed.js\"><\/script><\/p>\n","protected":false},"excerpt":{"rendered":"(100425) &#8212; Iitti, October 4, 2025 \u2013 Tuukka Temonen poses for the camera during his interview for Seiska&hellip;\n","protected":false},"author":2,"featured_media":338547,"comment_status":"","ping_status":"","sticky":false,"template":"","format":"standard","meta":{"footnotes":"","_share_on_mastodon":"0"},"categories":[136],"tags":[542,407,137,33,31,30,408,41844,3411,3231,32,2086,2721,109],"class_list":["post-338546","post","type-post","status-publish","format-standard","has-post-thumbnail","category-julkkikset","tag-asuminen","tag-celebrities","tag-entertainment","tag-fi","tag-finland","tag-finnish","tag-julkkikset","tag-maalaiskoti","tag-olga-temonen","tag-remontti","tag-suomi","tag-suru","tag-tuukka-temonen","tag-viihde"],"share_on_mastodon":{"url":"https:\/\/pubeurope.com\/@fi\/117194297640653143","error":""},"_links":{"self":[{"href":"https:\/\/www.europesays.com\/fi\/wp-json\/wp\/v2\/posts\/338546","targetHints":{"allow":["GET"]}}],"collection":[{"href":"https:\/\/www.europesays.com\/fi\/wp-json\/wp\/v2\/posts"}],"about":[{"href":"https:\/\/www.europesays.com\/fi\/wp-json\/wp\/v2\/types\/post"}],"author":[{"embeddable":true,"href":"https:\/\/www.europesays.com\/fi\/wp-json\/wp\/v2\/users\/2"}],"replies":[{"embeddable":true,"href":"https:\/\/www.europesays.com\/fi\/wp-json\/wp\/v2\/comments?post=338546"}],"version-history":[{"count":0,"href":"https:\/\/www.europesays.com\/fi\/wp-json\/wp\/v2\/posts\/338546\/revisions"}],"wp:featuredmedia":[{"embeddable":true,"href":"https:\/\/www.europesays.com\/fi\/wp-json\/wp\/v2\/media\/338547"}],"wp:attachment":[{"href":"https:\/\/www.europesays.com\/fi\/wp-json\/wp\/v2\/media?parent=338546"}],"wp:term":[{"taxonomy":"category","embeddable":true,"href":"https:\/\/www.europesays.com\/fi\/wp-json\/wp\/v2\/categories?post=338546"},{"taxonomy":"post_tag","embeddable":true,"href":"https:\/\/www.europesays.com\/fi\/wp-json\/wp\/v2\/tags?post=338546"}],"curies":[{"name":"wp","href":"https:\/\/api.w.org\/{rel}","templated":true}]}}