{"id":338548,"date":"2026-09-01T06:10:07","date_gmt":"2026-09-01T06:10:07","guid":{"rendered":"https:\/\/www.europesays.com\/fi\/338548\/"},"modified":"2026-09-01T06:10:07","modified_gmt":"2026-09-01T06:10:07","slug":"galleria-popperissa-esilla-herkkia-hetkia-luonnosta-keski-suomi","status":"publish","type":"post","link":"https:\/\/www.europesays.com\/fi\/338548\/","title":{"rendered":"Galleria Popperissa esill\u00e4 herkki\u00e4 hetki\u00e4 luonnosta | Keski-Suomi"},"content":{"rendered":"<p>Syyskuun taiteilija Galleria Popperissa Jyv\u00e4skyl\u00e4ss\u00e4 on akvarellisti <strong>Risto Puutio<\/strong>. H\u00e4n tuo esille n\u00e4yttelyyns\u00e4 herk\u00e4ll\u00e4 tekniikalla kuvattuja hetki\u00e4 luonnosta.<\/p>\n<p>\u2013\u2009Luontohavaintojeni kohteen tarkan kuvaamisen sijaan tavoittelen vaikutelmaa valosta sek\u00e4 v\u00e4rien vivahteikkuudesta. Maalausteni l\u00e4ht\u00f6kohtana ovat omat luontohavaintoni ja luontoymp\u00e4rist\u00f6n minussa synnytt\u00e4m\u00e4t kokemukset, jyv\u00e4skyl\u00e4l\u00e4istaiteilija kertoo tiedotteessa.<\/p>\n","protected":false},"excerpt":{"rendered":"Syyskuun taiteilija Galleria Popperissa Jyv\u00e4skyl\u00e4ss\u00e4 on akvarellisti Risto Puutio. H\u00e4n tuo esille n\u00e4yttelyyns\u00e4 herk\u00e4ll\u00e4 tekniikalla kuvattuja hetki\u00e4 luonnosta.&hellip;\n","protected":false},"author":2,"featured_media":338549,"comment_status":"","ping_status":"","sticky":false,"template":"","format":"standard","meta":{"footnotes":"","_share_on_mastodon":"0"},"categories":[135],"tags":[389,387,388,390,2110,41845,137,33,31,30,425,10201,32,394,393,391,392,398,2590,109,4029],"class_list":["post-338548","post","type-post","status-publish","format-standard","has-post-thumbnail","category-taiteet-ja-suunnittelu","tag-arts","tag-arts-and-design","tag-artsanddesign","tag-design","tag-elamantapa-ja-vapaa-aika","tag-emil-cedercreutz","tag-entertainment","tag-fi","tag-finland","tag-finnish","tag-jyvaskyla","tag-porin-seutukunta","tag-suomi","tag-suunnittelu","tag-taiteet","tag-taiteet-ja-suunnittelu","tag-taiteetsuunnittelu","tag-taiteilija","tag-tanaan","tag-viihde","tag-viro"],"share_on_mastodon":{"url":"https:\/\/pubeurope.com\/@fi\/117194301386374103","error":""},"_links":{"self":[{"href":"https:\/\/www.europesays.com\/fi\/wp-json\/wp\/v2\/posts\/338548","targetHints":{"allow":["GET"]}}],"collection":[{"href":"https:\/\/www.europesays.com\/fi\/wp-json\/wp\/v2\/posts"}],"about":[{"href":"https:\/\/www.europesays.com\/fi\/wp-json\/wp\/v2\/types\/post"}],"author":[{"embeddable":true,"href":"https:\/\/www.europesays.com\/fi\/wp-json\/wp\/v2\/users\/2"}],"replies":[{"embeddable":true,"href":"https:\/\/www.europesays.com\/fi\/wp-json\/wp\/v2\/comments?post=338548"}],"version-history":[{"count":0,"href":"https:\/\/www.europesays.com\/fi\/wp-json\/wp\/v2\/posts\/338548\/revisions"}],"wp:featuredmedia":[{"embeddable":true,"href":"https:\/\/www.europesays.com\/fi\/wp-json\/wp\/v2\/media\/338549"}],"wp:attachment":[{"href":"https:\/\/www.europesays.com\/fi\/wp-json\/wp\/v2\/media?parent=338548"}],"wp:term":[{"taxonomy":"category","embeddable":true,"href":"https:\/\/www.europesays.com\/fi\/wp-json\/wp\/v2\/categories?post=338548"},{"taxonomy":"post_tag","embeddable":true,"href":"https:\/\/www.europesays.com\/fi\/wp-json\/wp\/v2\/tags?post=338548"}],"curies":[{"name":"wp","href":"https:\/\/api.w.org\/{rel}","templated":true}]}}