{"id":338550,"date":"2026-09-01T06:15:12","date_gmt":"2026-09-01T06:15:12","guid":{"rendered":"https:\/\/www.europesays.com\/fi\/338550\/"},"modified":"2026-09-01T06:15:12","modified_gmt":"2026-09-01T06:15:12","slug":"uv-sateilyn-maara-on-lisaantynyt-huolestuttavasti-stara-fi","status":"publish","type":"post","link":"https:\/\/www.europesays.com\/fi\/338550\/","title":{"rendered":"UV-s\u00e4teilyn m\u00e4\u00e4r\u00e4 on lis\u00e4\u00e4ntynyt huolestuttavasti \u2013 Stara.fi"},"content":{"rendered":"<p>UV-s\u00e4teilyn m\u00e4\u00e4r\u00e4 on kasvanut erityisesti Keski-Euroopassa vuoden 2013 j\u00e4lkeen. Asia k\u00e4y ilmi tuoreesta kansainv\u00e4lisest\u00e4 tutkimuksesta, kertoo <a href=\"https:\/\/www.ilmatieteenlaitos.fi\/uutinen\/2jWxESHO90xucKuPNL06Js\" rel=\"nofollow noopener\" target=\"_blank\">Ilmatieteen laitos<\/a>.<\/p>\n<p>Tutkimuksen mukaan UV-s\u00e4teilyn m\u00e4\u00e4r\u00e4 on kasvanut Euroopassa vuosien 2013 ja 2022 v\u00e4lill\u00e4 5-26 prosenttia. Suurin osa muutoksesta johtuu pilvisyyden v\u00e4henemisest\u00e4, ja osassa Euroopassa taustalla vaikuttaa my\u00f6s ilmakeh\u00e4n pienhiukkasten eli aerosolien v\u00e4heneminen.<\/p>\n<p>Suomesta mukana Sodankyl\u00e4n tuloksia<\/p>\n<p>Tutkimuksessa k\u00e4ytettiin aineistona 40 havaintoaseman UV-mittauksia sek\u00e4 satelliittihavaintoja. Kyseess\u00e4 oli ensimm\u00e4inen kerta, kun Euroopan UV-muutosten tutkimikseen k\u00e4ytettiin yht\u00e4 laajaa aineistoa.<\/p>\n<p>Suomesta tutkimuksessa oli mukana Ilmatieteen laitoksen 1990-luvulta alkanut UV-mittaussarja Sodankyl\u00e4st\u00e4. UV-s\u00e4teilyn m\u00e4\u00e4r\u00e4 on mittausten perusteella lis\u00e4\u00e4ntynyt Sodankyl\u00e4ss\u00e4 huhtikuussa ja kes\u00e4kuussa, ja koko tarkastelujakson aikana kasvua oli noin 10 prosenttia.<\/p>\n<p>\u2013 Tutkimuksessa korostui UV-muutosten suuruuden paikallinen vaihtelu, ja siten maanpinnalla teht\u00e4vien mittausten t\u00e4rkeys nousi esiin. Erityisesti vuoristoisilla alueilla UV-s\u00e4teilyn m\u00e4\u00e4r\u00e4 voi vaihdella pienell\u00e4kin alueella suuresti, kertoo tiedotteessa Ilmatieteen laitoksen tutkija Kaisa Lakkala.<\/p>\n<p>Ilmatieteen laitoksen mukaan tulokset ovat merkityksellisi\u00e4 niin yhteiskunnan ett\u00e4 luonnon kannalta. Tieto UV-s\u00e4teilyn alueellisista muutoksista auttaa arvioimaan niiden mahdollisia vaikutuksia terveyteen.<\/p>\n<blockquote>\n<p>Hankkeessa tarkastellaan maailmanlaajuisia muutoksia.<\/p>\n<\/blockquote>\n<p>Alueellista tietoa muutoksista voidaan hy\u00f6dynt\u00e4\u00e4 my\u00f6s esimerkiksi ilmastonmuutoksen ja UV-s\u00e4teilyn v\u00e4listen yhteyksien tutkimisessa. Lis\u00e4ksi tieto auttaa arvioimaan UV-s\u00e4teilyn vaikutuksia luonnon monimuotoisuuteen.<\/p>\n<p>UV-s\u00e4teilyn tutkiminen jatkuu Ilmatieteen laitoksen ja Helsingin yliopiston yhteisess\u00e4 GUVIR-hankkeessa. Suomen Akatemian rahoittamassa hankkeessa tarkastellaan maailmanlaajuisia muutoksia biologisesti vaikuttavan UV-s\u00e4teilyn m\u00e4\u00e4r\u00e4ss\u00e4.<\/p>\n<p>Recent increases in solar UV radiation across Europe -tutkimusta johtivat University of Veterinary Medicine -yliopiston it\u00e4valtalaiset tutkijat. Tutkimus julkaistiin Photochemical &amp; Photobiological Sciences -tiedelehdess\u00e4, ja se on luettavissa <a href=\"https:\/\/link.springer.com\/article\/10.1007\/s43630-026-00971-4\" rel=\"nofollow noopener\" target=\"_blank\">t\u00e4m\u00e4n linkin takaa<\/a>.<\/p>\n<p>L\u00e4hde: <a href=\"https:\/\/www.ilmatieteenlaitos.fi\/uutinen\/2jWxESHO90xucKuPNL06Js\" rel=\"nofollow noopener\" target=\"_blank\">Ilmatieteen laitos<\/a><\/p>\n<p>\n\t\t\t\tVoit lis\u00e4t\u00e4 Staran Googlen ensisijaiseksi l\u00e4hteeksi <a href=\"https:\/\/www.google.com\/preferences\/source?q=Stara.fi\" rel=\"external nofollow noopener\" target=\"_blank\">klikkaamalla t\u00e4st\u00e4<\/a> ja ruksittamalla laatikon. Voit my\u00f6s lukea lis\u00e4\u00e4 t\u00e4h\u00e4n artikkeliin liittyvist\u00e4 teemoista ja aiheista, kuten <a href=\"https:\/\/www.stara.fi\/asiasanat\/aurinko\/\" rel=\"tag nofollow noopener\" target=\"_blank\">aurinko<\/a>, <a href=\"https:\/\/www.stara.fi\/asiasanat\/helle\/\" rel=\"tag nofollow noopener\" target=\"_blank\">helle<\/a> tai laajemmin samasta aihealueesta <a href=\"https:\/\/www.stara.fi\/category\/uutiset\/\" rel=\"category tag nofollow noopener\" target=\"_blank\">Uutiset<\/a> -osioistamme.\n\t\t\t<\/p>\n","protected":false},"excerpt":{"rendered":"UV-s\u00e4teilyn m\u00e4\u00e4r\u00e4 on kasvanut erityisesti Keski-Euroopassa vuoden 2013 j\u00e4lkeen. Asia k\u00e4y ilmi tuoreesta kansainv\u00e4lisest\u00e4 tutkimuksesta, kertoo Ilmatieteen laitos.&hellip;\n","protected":false},"author":2,"featured_media":338551,"comment_status":"","ping_status":"","sticky":false,"template":"","format":"standard","meta":{"footnotes":"","_share_on_mastodon":"0"},"categories":[165],"tags":[33,31,30,166,32,167],"class_list":["post-338550","post","type-post","status-publish","format-standard","has-post-thumbnail","category-terveys","tag-fi","tag-finland","tag-finnish","tag-health","tag-suomi","tag-terveys"],"share_on_mastodon":{"url":"https:\/\/pubeurope.com\/@fi\/117194321225687724","error":""},"_links":{"self":[{"href":"https:\/\/www.europesays.com\/fi\/wp-json\/wp\/v2\/posts\/338550","targetHints":{"allow":["GET"]}}],"collection":[{"href":"https:\/\/www.europesays.com\/fi\/wp-json\/wp\/v2\/posts"}],"about":[{"href":"https:\/\/www.europesays.com\/fi\/wp-json\/wp\/v2\/types\/post"}],"author":[{"embeddable":true,"href":"https:\/\/www.europesays.com\/fi\/wp-json\/wp\/v2\/users\/2"}],"replies":[{"embeddable":true,"href":"https:\/\/www.europesays.com\/fi\/wp-json\/wp\/v2\/comments?post=338550"}],"version-history":[{"count":0,"href":"https:\/\/www.europesays.com\/fi\/wp-json\/wp\/v2\/posts\/338550\/revisions"}],"wp:featuredmedia":[{"embeddable":true,"href":"https:\/\/www.europesays.com\/fi\/wp-json\/wp\/v2\/media\/338551"}],"wp:attachment":[{"href":"https:\/\/www.europesays.com\/fi\/wp-json\/wp\/v2\/media?parent=338550"}],"wp:term":[{"taxonomy":"category","embeddable":true,"href":"https:\/\/www.europesays.com\/fi\/wp-json\/wp\/v2\/categories?post=338550"},{"taxonomy":"post_tag","embeddable":true,"href":"https:\/\/www.europesays.com\/fi\/wp-json\/wp\/v2\/tags?post=338550"}],"curies":[{"name":"wp","href":"https:\/\/api.w.org\/{rel}","templated":true}]}}