{"id":338560,"date":"2026-09-01T06:22:13","date_gmt":"2026-09-01T06:22:13","guid":{"rendered":"https:\/\/www.europesays.com\/fi\/338560\/"},"modified":"2026-09-01T06:22:13","modified_gmt":"2026-09-01T06:22:13","slug":"femina-salla-paajanen-sairastui-syopaan","status":"publish","type":"post","link":"https:\/\/www.europesays.com\/fi\/338560\/","title":{"rendered":"Femina: Salla Paajanen sairastui sy\u00f6p\u00e4\u00e4n"},"content":{"rendered":"<p>Salla Paajanen oli k\u00e4ynyt pitk\u00e4\u00e4n kontrolleissa ennen diagnoosia.<\/p>\n<p><img decoding=\"async\" src=\"https:\/\/www.europesays.com\/fi\/wp-content\/uploads\/2026\/09\/1788243733_709_468.jpg\" alt=\"Salla Paajanen on kertonut julkisuudessa avoimesti terveyshaasteistaan.\" class=\"_Img_1rerz_1\" style=\"aspect-ratio:1920\/1080\" loading=\"eager\"\/><\/p>\n<p class=\"font-(family-name:--picture-caption-font-family) text-(length:--picture-caption-font-size) leading-(--picture-caption-leading) font-(--picture-caption-font-weight) text-(color:--picture-caption-color)\">Salla Paajanen on kertonut julkisuudessa avoimesti terveyshaasteistaan. Kuva:\u00a0Usva Torkki<\/p>\n<p class=\"article-body mb-(--paragraph-margin-b) px-nof-16\">Toimittaja <a class=\"font-bold underline-offset-[0.12em] [text-decoration:var(--person-link-text-decoration)] [text-decoration-color:var(--person-link-text-decoration-color)]!\" href=\"https:\/\/www.is.fi\/haku\/?query=Salla%20Paajanen,\" rel=\"nofollow noopener\" target=\"_blank\">Salla Paajanen,<\/a> 61, kertoo <a class=\"underline underline-offset-[0.12em] [text-decoration-thickness:var(--generic-link-underline-thickness)] [text-decoration-color:var(--generic-link-underline-color)] [text-decoration-skip-ink:var(--generic-link-underline-skip-ink)] break-words italic\" href=\"https:\/\/www.femina.fi\/henkilot-ihmissuhteet\/haastattelut\/salla-paajanen-sai-syopadiagnoosin-pelkasin-etta-menetan-aaneni\" rel=\"nofollow noopener\" target=\"_blank\">Femina<\/a>-lehdelle, ett\u00e4 h\u00e4nen suuontelostaan l\u00f6ytyi sy\u00f6p\u00e4 vuodenvaihteessa.<\/p>\n<p class=\"article-body mb-(--paragraph-margin-b) px-nof-16\">Maaliskuussa sy\u00f6p\u00e4 leikattiin yli kaksitoista tuntia kest\u00e4neen leikkauksen j\u00e4lkeen ja suuontelosta poistettiin 3,7 senttimetrin pituinen ja reilun sentin paksuinen kasvain. Leikkauksessa kaulasta poistettiin 43 imusolmuketta, Femina kertoo.<\/p>\n<p class=\"article-body mb-(--paragraph-margin-b) px-nof-16\">\u2013 Pelk\u00e4sin, ett\u00e4 menet\u00e4n \u00e4\u00e4neni, sill\u00e4 l\u00e4\u00e4k\u00e4rit olivat varoitelleet, ettei se tule olemaan ennallaan. Se s\u00e4ik\u00e4ytti. \u00c4\u00e4ni on ollut kuitenkin iso osa persoonaani ja my\u00f6s ty\u00f6v\u00e4lineeni, josta olen ollut ylpe\u00e4, Paajanen sanoo lehdelle.<\/p>\n<p class=\"article-body mb-(--paragraph-margin-b) px-nof-16\">Paajanen kertoo, ett\u00e4 h\u00e4n k\u00e4rsi ennen diagnoosia hermokivuista ja h\u00e4nen kielenkantansa oli kipe\u00e4. H\u00e4n oli kuitenkin tottunut k\u00e4ym\u00e4\u00e4n s\u00e4\u00e4nn\u00f6llisesti kontrolleissa, sill\u00e4 h\u00e4nen kieless\u00e4\u00e4n olleita solumuutoksia oli tarkkailtu kolmentoista vuoden ajan.<\/p>\n<p class=\"article-body mb-(--paragraph-margin-b) px-nof-16\">Paajanen kertoi vuonna 2022 <a class=\"underline underline-offset-[0.12em] [text-decoration-thickness:var(--generic-link-underline-thickness)] [text-decoration-color:var(--generic-link-underline-color)] [text-decoration-skip-ink:var(--generic-link-underline-skip-ink)] break-words italic\" href=\"https:\/\/www.is.fi\/menaiset\/ihmiset-ja-suhteet\/art-2000008620833.html\" rel=\"nofollow noopener\" target=\"_blank\">Me Naisille<\/a>, ett\u00e4 h\u00e4nell\u00e4 todettiin vuonna 2014 kielen sivussa sy\u00f6v\u00e4n esiaste.<\/p>\n<p class=\"article-body mb-(--paragraph-margin-b) px-nof-16\">\u2013 Olin vaihdattanut vanhan amalgaamipaikan pois, ja uudenkarhea paikka oli hangannut kielt\u00e4 ja aiheuttanut siihen solumuutoksen. Se hoidettiin Tampereen suupolilla, en lakkaa kiitt\u00e4m\u00e4st\u00e4 heit\u00e4 huippuosaamisesta. Kielt\u00e4ni on operoitu nyt monta kertaa, ja k\u00e4yn s\u00e4\u00e4nn\u00f6llisesti kontrolleissa. Joka kerran j\u00e4nnit\u00e4n ja tied\u00e4n, ett\u00e4 t\u00e4m\u00e4 asia on mukanani loppuel\u00e4m\u00e4ni ajan, h\u00e4n totesi lehdelle.<\/p>\n<p class=\"article-body mb-(--paragraph-margin-b) px-nof-16\">Paajanen kertoi hoitavansa kielt\u00e4\u00e4n ruokavaliolla ja v\u00e4lttelev\u00e4ns\u00e4 tiettyj\u00e4 ruokia.<\/p>\n<p class=\"article-body mb-(--paragraph-margin-b) px-nof-16\">\u2013 En voi ik\u00e4v\u00e4 kyll\u00e4 sy\u00f6d\u00e4 sitrushedelmi\u00e4, happamia marjoja tai ruisleip\u00e4\u00e4, joka oli aiemmin suuri herkkuni, h\u00e4n kertoi.<\/p>\n<p class=\"article-body mb-(--paragraph-margin-b) px-nof-16\">Paajanen toimi pitk\u00e4\u00e4n toimittajana Ylell\u00e4, kunnes joutui l\u00e4htem\u00e4\u00e4n Yleisradiolta vuonna 2022 yt-neuvottelujen seurauksena. Sittemmin h\u00e4n on toiminut freelancerina.<\/p>\n","protected":false},"excerpt":{"rendered":"Salla Paajanen oli k\u00e4ynyt pitk\u00e4\u00e4n kontrolleissa ennen diagnoosia. Salla Paajanen on kertonut julkisuudessa avoimesti terveyshaasteistaan. Kuva:\u00a0Usva Torkki Toimittaja&hellip;\n","protected":false},"author":2,"featured_media":338561,"comment_status":"","ping_status":"","sticky":false,"template":"","format":"standard","meta":{"footnotes":"","_share_on_mastodon":"0"},"categories":[12],"tags":[22,23,26,27,33,31,30,17,34,24,25,28,29,15,18,21,32,19,20,16],"class_list":["post-338560","post","type-post","status-publish","format-standard","has-post-thumbnail","category-suomi","tag-breaking-news","tag-breakingnews","tag-featured-news","tag-featurednews","tag-fi","tag-finland","tag-finnish","tag-headlines","tag-ilta-sanomat","tag-latest-news","tag-latestnews","tag-main-news","tag-mainnews","tag-news","tag-otsikot","tag-paauutiset","tag-suomi","tag-top-stories","tag-topstories","tag-uutiset"],"share_on_mastodon":{"url":"https:\/\/pubeurope.com\/@fi\/117194349490273877","error":""},"_links":{"self":[{"href":"https:\/\/www.europesays.com\/fi\/wp-json\/wp\/v2\/posts\/338560","targetHints":{"allow":["GET"]}}],"collection":[{"href":"https:\/\/www.europesays.com\/fi\/wp-json\/wp\/v2\/posts"}],"about":[{"href":"https:\/\/www.europesays.com\/fi\/wp-json\/wp\/v2\/types\/post"}],"author":[{"embeddable":true,"href":"https:\/\/www.europesays.com\/fi\/wp-json\/wp\/v2\/users\/2"}],"replies":[{"embeddable":true,"href":"https:\/\/www.europesays.com\/fi\/wp-json\/wp\/v2\/comments?post=338560"}],"version-history":[{"count":0,"href":"https:\/\/www.europesays.com\/fi\/wp-json\/wp\/v2\/posts\/338560\/revisions"}],"wp:featuredmedia":[{"embeddable":true,"href":"https:\/\/www.europesays.com\/fi\/wp-json\/wp\/v2\/media\/338561"}],"wp:attachment":[{"href":"https:\/\/www.europesays.com\/fi\/wp-json\/wp\/v2\/media?parent=338560"}],"wp:term":[{"taxonomy":"category","embeddable":true,"href":"https:\/\/www.europesays.com\/fi\/wp-json\/wp\/v2\/categories?post=338560"},{"taxonomy":"post_tag","embeddable":true,"href":"https:\/\/www.europesays.com\/fi\/wp-json\/wp\/v2\/tags?post=338560"}],"curies":[{"name":"wp","href":"https:\/\/api.w.org\/{rel}","templated":true}]}}