{"id":338574,"date":"2026-09-01T06:47:11","date_gmt":"2026-09-01T06:47:11","guid":{"rendered":"https:\/\/www.europesays.com\/fi\/338574\/"},"modified":"2026-09-01T06:47:11","modified_gmt":"2026-09-01T06:47:11","slug":"maduro-vaikuttaa-laihtuneelta-uusissa-kuvissa","status":"publish","type":"post","link":"https:\/\/www.europesays.com\/fi\/338574\/","title":{"rendered":"Maduro vaikuttaa laihtuneelta uusissa kuvissa"},"content":{"rendered":"<p>Venezuelan presidentist\u00e4 julkaistiin ensimm\u00e4iset kuvat vankilassa.<\/p>\n<p><img decoding=\"async\" src=\"https:\/\/www.europesays.com\/fi\/wp-content\/uploads\/2026\/09\/1788245231_885_468.jpg\" alt=\"Nicolas Maduroa saatettiin tammikuussa Manhattanilla oikeuteen.\" class=\"_Img_1rerz_1\" style=\"aspect-ratio:1920\/1080\" loading=\"eager\"\/><\/p>\n<p class=\"font-(family-name:--picture-caption-font-family) text-(length:--picture-caption-font-size) leading-(--picture-caption-leading) font-(--picture-caption-font-weight) text-(color:--picture-caption-color)\">Nicolas Maduroa saatettiin tammikuussa Manhattanilla oikeuteen. Kuva:\u00a0Adam Gray \/ Reuters<\/p>\n<p class=\"article-body mb-(--paragraph-margin-b) px-nof-16\">Yhdysvaltain kahdeksan kuukautta sitten sieppaamasta Venezuelan presidentti <a class=\"font-bold underline-offset-[0.12em] [text-decoration:var(--person-link-text-decoration)] [text-decoration-color:var(--person-link-text-decoration-color)]!\" href=\"https:\/\/www.is.fi\/haku\/?query=Nicolas%20Madurosta\" rel=\"nofollow noopener\" target=\"_blank\">Nicolas Madurosta<\/a> on julkaistu uusia kuvia. Maduron <a class=\"underline underline-offset-[0.12em] [text-decoration-thickness:var(--generic-link-underline-thickness)] [text-decoration-color:var(--generic-link-underline-color)] [text-decoration-skip-ink:var(--generic-link-underline-skip-ink)] break-words\" href=\"https:\/\/x.com\/NicolasMaduro\/status\/2094048867662565583\" rel=\"nofollow\">X-tilill\u00e4<\/a> julkaistussa kuvissa h\u00e4n n\u00e4kyy hymyilev\u00e4n\u00e4, verryttelyasuun pukeutuneena ja tekem\u00e4ss\u00e4 k\u00e4sill\u00e4\u00e4n voitonmerkki\u00e4. Yhdess\u00e4 kuvassa h\u00e4nell\u00e4 on silm\u00e4lasit p\u00e4\u00e4ss\u00e4\u00e4n ja toisessa h\u00e4n pitelee niit\u00e4 k\u00e4dess\u00e4\u00e4n.<\/p>\n<p class=\"article-body mb-(--paragraph-margin-b) px-nof-16\"><a class=\"underline underline-offset-[0.12em] [text-decoration-thickness:var(--generic-link-underline-thickness)] [text-decoration-color:var(--generic-link-underline-color)] [text-decoration-skip-ink:var(--generic-link-underline-skip-ink)] break-words\" href=\"https:\/\/www.rtve.es\/noticias\/20260830\/maduro-publica-nuevas-imagenes-desde-su-encierro-eeuu-quiero-sepan-estamos-firmes\/17206357.shtml\" rel=\"nofollow noopener\" target=\"_blank\">RTVE:n <\/a>mukaan Maduro n\u00e4ytt\u00e4\u00e4 selv\u00e4sti laihtuneelta verrattuna vangitsemisajankohtaan.<\/p>\n<p class=\"article-body mb-(--paragraph-margin-b) px-nof-16\">Kyseess\u00e4 ovat ensimm\u00e4iset tunnetut kuvat Madurosta Brooklynin Metropolitan Detention Center -vankilan sis\u00e4lt\u00e4.<\/p>\n<p class=\"article-body mb-(--paragraph-margin-b) px-nof-16\">H\u00e4n on ollut siell\u00e4 vangittuna tammikuusta l\u00e4htien yhdess\u00e4 vaimonsa <a class=\"font-bold underline-offset-[0.12em] [text-decoration:var(--person-link-text-decoration)] [text-decoration-color:var(--person-link-text-decoration-color)]!\" href=\"https:\/\/www.is.fi\/haku\/?query=Cilia%20Floresin\" rel=\"nofollow noopener\" target=\"_blank\">Cilia Floresin<\/a> kanssa sen j\u00e4lkeen, kun h\u00e4net otettiin kiinni niin sanotun Operaatio Absolute Resolutionin yhteydess\u00e4.<\/p>\n<p class=\"article-body mb-(--paragraph-margin-b) px-nof-16\">\u2013 Haluan teid\u00e4n tiet\u00e4v\u00e4n, ett\u00e4 pysymme lujina, Maduro kirjoitti perheelleen osoittamassaan viestiss\u00e4, joka julkaistiin kuvien yhteydess\u00e4.<\/p>\n<p class=\"article-body mb-(--paragraph-margin-b) px-nof-16\">Kuvat on p\u00e4iv\u00e4tty 25. kes\u00e4kuuta, ja niiss\u00e4 Maduro on pukeutunut harmaisiin housuihin ja collegepaitaan. Kuvien yhteydess\u00e4 julkaistussa viestiss\u00e4 niit\u00e4 kuvaillaan \u201dpieneksi rakkauden ja toivon lahjaksi\u201d h\u00e4nen kannattajilleen, kertoo <a class=\"underline underline-offset-[0.12em] [text-decoration-thickness:var(--generic-link-underline-thickness)] [text-decoration-color:var(--generic-link-underline-color)] [text-decoration-skip-ink:var(--generic-link-underline-skip-ink)] break-words\" href=\"https:\/\/es.euronews.com\/2026\/08\/30\/maduro-reaparece-desde-prision-en-unas-fotos-difundidas-a-traves-de-sus-redes-sociales\" rel=\"nofollow noopener\" target=\"_blank\">Euronews<\/a>.<\/p>\n<p class=\"article-body mb-(--paragraph-margin-b) px-nof-16\">\u2013 Haluan teid\u00e4n tiet\u00e4v\u00e4n, ett\u00e4 pysymme lujina, Maduro kirjoitti perheelleen osoittamassaan viestiss\u00e4, joka julkaistiin kuvien yhteydess\u00e4.<\/p>\n<p class=\"article-body mb-(--paragraph-margin-b) px-nof-16\">Kuvat julkaistiin vain muutamia p\u00e4ivi\u00e4 sen j\u00e4lkeen, kun ilmoitettiin Yhdysvaltojen kanssa tehdyst\u00e4 \u00f6ljysopimuksesta. Sopimuksen mukaan Venezuela luovuttaa Yhdysvalloille 65 miljardia barrelia \u00f6ljy\u00e4, noin 22 prosenttia maan kokonais\u00f6ljyvarannoista.<\/p>\n<p class=\"article-body mb-(--paragraph-margin-b) px-nof-16\">Maduro on edelleen vangittuna New Yorkissa odottamassa oikeudenk\u00e4ynti\u00e4, jonka on ilmoitettu alkavan ensi vuoden kes\u00e4kuussa.<\/p>\n","protected":false},"excerpt":{"rendered":"Venezuelan presidentist\u00e4 julkaistiin ensimm\u00e4iset kuvat vankilassa. Nicolas Maduroa saatettiin tammikuussa Manhattanilla oikeuteen. Kuva:\u00a0Adam Gray \/ Reuters Yhdysvaltain kahdeksan&hellip;\n","protected":false},"author":2,"featured_media":338575,"comment_status":"","ping_status":"","sticky":false,"template":"","format":"standard","meta":{"footnotes":"","_share_on_mastodon":"0"},"categories":[14],"tags":[22,23,26,27,33,31,30,17,34,24,25,28,29,15,18,21,32,19,20,56,16,59,60,61],"class_list":["post-338574","post","type-post","status-publish","format-standard","has-post-thumbnail","category-ulkomaat","tag-breaking-news","tag-breakingnews","tag-featured-news","tag-featurednews","tag-fi","tag-finland","tag-finnish","tag-headlines","tag-ilta-sanomat","tag-latest-news","tag-latestnews","tag-main-news","tag-mainnews","tag-news","tag-otsikot","tag-paauutiset","tag-suomi","tag-top-stories","tag-topstories","tag-ulkomaat","tag-uutiset","tag-world","tag-world-news","tag-worldnews"],"share_on_mastodon":{"url":"https:\/\/pubeurope.com\/@fi\/117194447500836728","error":""},"_links":{"self":[{"href":"https:\/\/www.europesays.com\/fi\/wp-json\/wp\/v2\/posts\/338574","targetHints":{"allow":["GET"]}}],"collection":[{"href":"https:\/\/www.europesays.com\/fi\/wp-json\/wp\/v2\/posts"}],"about":[{"href":"https:\/\/www.europesays.com\/fi\/wp-json\/wp\/v2\/types\/post"}],"author":[{"embeddable":true,"href":"https:\/\/www.europesays.com\/fi\/wp-json\/wp\/v2\/users\/2"}],"replies":[{"embeddable":true,"href":"https:\/\/www.europesays.com\/fi\/wp-json\/wp\/v2\/comments?post=338574"}],"version-history":[{"count":0,"href":"https:\/\/www.europesays.com\/fi\/wp-json\/wp\/v2\/posts\/338574\/revisions"}],"wp:featuredmedia":[{"embeddable":true,"href":"https:\/\/www.europesays.com\/fi\/wp-json\/wp\/v2\/media\/338575"}],"wp:attachment":[{"href":"https:\/\/www.europesays.com\/fi\/wp-json\/wp\/v2\/media?parent=338574"}],"wp:term":[{"taxonomy":"category","embeddable":true,"href":"https:\/\/www.europesays.com\/fi\/wp-json\/wp\/v2\/categories?post=338574"},{"taxonomy":"post_tag","embeddable":true,"href":"https:\/\/www.europesays.com\/fi\/wp-json\/wp\/v2\/tags?post=338574"}],"curies":[{"name":"wp","href":"https:\/\/api.w.org\/{rel}","templated":true}]}}