{"id":338578,"date":"2026-09-01T06:49:17","date_gmt":"2026-09-01T06:49:17","guid":{"rendered":"https:\/\/www.europesays.com\/fi\/338578\/"},"modified":"2026-09-01T06:49:17","modified_gmt":"2026-09-01T06:49:17","slug":"paakirjaston-vuoden-2027-nayttelyhaku-kaynnistyy","status":"publish","type":"post","link":"https:\/\/www.europesays.com\/fi\/338578\/","title":{"rendered":"P\u00e4\u00e4kirjaston vuoden 2027 n\u00e4yttelyhaku k\u00e4ynnistyy"},"content":{"rendered":"<p>\u2013 Viime vuonna j\u00e4rjestimme ensimm\u00e4ist\u00e4 kertaa avoimen haun p\u00e4\u00e4kirjaston n\u00e4yttelytiloihin, ja saimme ilahduttavan monta kiinnostavaa hakemusta, joista rakentui monipuolinen n\u00e4yttelyohjelmisto. Odotan innolla, millaisia hakemuksia t\u00e4n\u00e4 vuonna saamme vastaanottaa. Haluamme tarjota tilaa my\u00f6s esitt\u00e4ville taiteille, joten n\u00e4yttelyhaun yhteydess\u00e4 voi ehdottaa my\u00f6s tapahtumallista sis\u00e4lt\u00f6\u00e4, vinkkaa tapahtumainformaatikko <strong>Suvi Kiukas<\/strong>.<\/p>\n<p>Vuoden 2027 n\u00e4yttelyhaku painottaa moni\u00e4\u00e4nisyytt\u00e4\u00a0<\/p>\n<p>Kuten edellisvuonna, n\u00e4yttelyaikaa voivat hakea yksityishenkil\u00f6t, yhteis\u00f6t tai ty\u00f6ryhm\u00e4t, ammattilaistaiteilijat, kuva- tai k\u00e4dentaitojen harrastajat sek\u00e4 toimintaansa esittelev\u00e4t yhdistystoimijat. Kirjasto haluaa tarjota tiloja erityisesti paikallisille kulttuuritoimijoille ja j\u00e4rjest\u00f6ille.\u00a0\u00a0<\/p>\n<p>Haussa tullaan painottamaan moninaisuutta ja moni\u00e4\u00e4nisyytt\u00e4, n\u00e4yttelysis\u00e4lt\u00f6jen kiinnostavuutta, ajankohtaisuutta ja soveltuvuutta kirjaston tiloihin. N\u00e4yttelyaika my\u00f6nnet\u00e4\u00e4n noin kalenterikuukaudeksi. N\u00e4yttelytiloista ei perit\u00e4 vuokraa.\u00a0 N\u00e4yttelyvalinnoista vastaa kirjaston n\u00e4yttelyty\u00f6ryhm\u00e4 ja valinnoista ilmoitetaan hakijoille marraskuun 2026 loppuun menness\u00e4.\u00a0\u00a0\u00a0<\/p>\n<p>N\u00e4yttelyk\u00e4ytt\u00f6\u00f6n varattua tilaa on p\u00e4\u00e4kirjaston uudisosan ala-aulassa sek\u00e4 uudisosan 2. kerroksen aulassa kirjaston tieto-osastolla. N\u00e4yttelyn voi p\u00e4\u00e4kirjaston lis\u00e4ksi j\u00e4rjest\u00e4\u00e4 jossakin Turun kaupunginkirjaston l\u00e4hikirjastoista tiedustelemalla n\u00e4yttelyaikaa suoraan kyseisest\u00e4 kirjastosta.\u00a0\u00a0<\/p>\n","protected":false},"excerpt":{"rendered":"\u2013 Viime vuonna j\u00e4rjestimme ensimm\u00e4ist\u00e4 kertaa avoimen haun p\u00e4\u00e4kirjaston n\u00e4yttelytiloihin, ja saimme ilahduttavan monta kiinnostavaa hakemusta, joista rakentui&hellip;\n","protected":false},"author":2,"featured_media":338579,"comment_status":"","ping_status":"","sticky":false,"template":"","format":"standard","meta":{"footnotes":"","_share_on_mastodon":"0"},"categories":[5],"tags":[22,23,26,27,33,31,30,17,24,25,28,29,15,18,21,32,19,20,16],"class_list":["post-338578","post","type-post","status-publish","format-standard","has-post-thumbnail","category-otsikot","tag-breaking-news","tag-breakingnews","tag-featured-news","tag-featurednews","tag-fi","tag-finland","tag-finnish","tag-headlines","tag-latest-news","tag-latestnews","tag-main-news","tag-mainnews","tag-news","tag-otsikot","tag-paauutiset","tag-suomi","tag-top-stories","tag-topstories","tag-uutiset"],"share_on_mastodon":{"url":"https:\/\/pubeurope.com\/@fi\/117194454901031444","error":""},"_links":{"self":[{"href":"https:\/\/www.europesays.com\/fi\/wp-json\/wp\/v2\/posts\/338578","targetHints":{"allow":["GET"]}}],"collection":[{"href":"https:\/\/www.europesays.com\/fi\/wp-json\/wp\/v2\/posts"}],"about":[{"href":"https:\/\/www.europesays.com\/fi\/wp-json\/wp\/v2\/types\/post"}],"author":[{"embeddable":true,"href":"https:\/\/www.europesays.com\/fi\/wp-json\/wp\/v2\/users\/2"}],"replies":[{"embeddable":true,"href":"https:\/\/www.europesays.com\/fi\/wp-json\/wp\/v2\/comments?post=338578"}],"version-history":[{"count":0,"href":"https:\/\/www.europesays.com\/fi\/wp-json\/wp\/v2\/posts\/338578\/revisions"}],"wp:featuredmedia":[{"embeddable":true,"href":"https:\/\/www.europesays.com\/fi\/wp-json\/wp\/v2\/media\/338579"}],"wp:attachment":[{"href":"https:\/\/www.europesays.com\/fi\/wp-json\/wp\/v2\/media?parent=338578"}],"wp:term":[{"taxonomy":"category","embeddable":true,"href":"https:\/\/www.europesays.com\/fi\/wp-json\/wp\/v2\/categories?post=338578"},{"taxonomy":"post_tag","embeddable":true,"href":"https:\/\/www.europesays.com\/fi\/wp-json\/wp\/v2\/tags?post=338578"}],"curies":[{"name":"wp","href":"https:\/\/api.w.org\/{rel}","templated":true}]}}