{"id":338582,"date":"2026-09-01T07:02:10","date_gmt":"2026-09-01T07:02:10","guid":{"rendered":"https:\/\/www.europesays.com\/fi\/338582\/"},"modified":"2026-09-01T07:02:10","modified_gmt":"2026-09-01T07:02:10","slug":"kansainvalisesti-tunnetun-taiteilijan-upeat-lasiveistokset-esilla-finlandia-talossa-paikalliset","status":"publish","type":"post","link":"https:\/\/www.europesays.com\/fi\/338582\/","title":{"rendered":"Kansainv\u00e4lisesti tunnetun taiteilijan upeat lasiveistokset esill\u00e4 Finlandia-talossa | Paikalliset"},"content":{"rendered":"<p>Finlandia-talon Showroomissa avautuu t\u00e4n\u00e4\u00e4n n\u00e4yttely, joka esittelee <strong>Soile Yli-M\u00e4yryn <\/strong>upeita massiivilasiveistoksia ensimm\u00e4ist\u00e4 kertaa Helsingiss\u00e4, Finlandia-talo kertoo tiedotteessa.<\/p>\n<p>S\u00e4rkyneet k\u00e4det -n\u00e4yttelyss\u00e4 on esill\u00e4 laaja kokoelma teoksia, mukaan lukien yli kahden metrin korkuisia lasitoteemeja sek\u00e4 maalauksia, jotka ovat toimineet veistosten l\u00e4ht\u00f6kohtina.<\/p>\n<p>Yli-M\u00e4yry on tunnettu v\u00e4rikyll\u00e4isest\u00e4 ja tunnistettavasta maalaustyylist\u00e4\u00e4n, ja h\u00e4nen taidettaan on ollut esill\u00e4 yli 300 n\u00e4yttelyss\u00e4 30 eri maassa.<\/p>\n<p>Nyt h\u00e4nen lasiveistoksensa n\u00e4hd\u00e4\u00e4n Helsingiss\u00e4 ensimm\u00e4ist\u00e4 kertaa, ja n\u00e4yttely tarjoaa mahdollisuuden n\u00e4hd\u00e4 taiteilijan viimeisen kahden vuosikymmenen ty\u00f6 lasin parissa. Teokset on valmistettu yhteisty\u00f6ss\u00e4 italialaisten lasimestareiden kanssa Venetsian Muranossa.<\/p>\n<p>N\u00e4yttelyn yhteydess\u00e4 julkaistaan my\u00f6s Yli-M\u00e4yryn uusi kirja, joka kokoaa yhteen h\u00e4nen lasitaiteensa vuosilta 2006\u20132026.<\/p>\n<p>N\u00e4yttely on avoinna tiistaista lauantaihin kello 11\u201318 Finlandia-talon Showroomissa.<\/p>\n<p>\t\t\t\t\t<img class=\"diks-card__image\" src=\"https:\/\/www.europesays.com\/fi\/wp-content\/uploads\/2026\/09\/11600908.jpg\"   loading=\"lazy\" decoding=\"sync\" alt=\"\"\/><\/p>\n<p>\t\t\t\t\t<img class=\"diks-card__image\" src=\"https:\/\/www.europesays.com\/fi\/wp-content\/uploads\/2026\/09\/11599153.jpg\"   loading=\"lazy\" decoding=\"sync\" alt=\"\"\/><\/p>\n","protected":false},"excerpt":{"rendered":"Finlandia-talon Showroomissa avautuu t\u00e4n\u00e4\u00e4n n\u00e4yttely, joka esittelee Soile Yli-M\u00e4yryn upeita massiivilasiveistoksia ensimm\u00e4ist\u00e4 kertaa Helsingiss\u00e4, Finlandia-talo kertoo tiedotteessa. S\u00e4rkyneet&hellip;\n","protected":false},"author":2,"featured_media":338583,"comment_status":"","ping_status":"","sticky":false,"template":"","format":"standard","meta":{"footnotes":"","_share_on_mastodon":"0"},"categories":[135],"tags":[29949,389,387,388,390,137,33,31,30,104,763,524,32,394,397,485,484,393,391,392,398,109],"class_list":["post-338582","post","type-post","status-publish","format-standard","has-post-thumbnail","category-taiteet-ja-suunnittelu","tag-ai-uutiset","tag-arts","tag-arts-and-design","tag-artsanddesign","tag-design","tag-entertainment","tag-fi","tag-finland","tag-finnish","tag-helsinki","tag-kulttuuri-ja-viihde","tag-kulttuuri-ja-taidetapahtumat-ja-nayttelyt","tag-suomi","tag-suunnittelu","tag-taide","tag-taide-yleista","tag-taiteellinen-ilmaisu-ja-mediat","tag-taiteet","tag-taiteet-ja-suunnittelu","tag-taiteetsuunnittelu","tag-taiteilija","tag-viihde"],"share_on_mastodon":{"url":"https:\/\/pubeurope.com\/@fi\/117194506688724578","error":""},"_links":{"self":[{"href":"https:\/\/www.europesays.com\/fi\/wp-json\/wp\/v2\/posts\/338582","targetHints":{"allow":["GET"]}}],"collection":[{"href":"https:\/\/www.europesays.com\/fi\/wp-json\/wp\/v2\/posts"}],"about":[{"href":"https:\/\/www.europesays.com\/fi\/wp-json\/wp\/v2\/types\/post"}],"author":[{"embeddable":true,"href":"https:\/\/www.europesays.com\/fi\/wp-json\/wp\/v2\/users\/2"}],"replies":[{"embeddable":true,"href":"https:\/\/www.europesays.com\/fi\/wp-json\/wp\/v2\/comments?post=338582"}],"version-history":[{"count":0,"href":"https:\/\/www.europesays.com\/fi\/wp-json\/wp\/v2\/posts\/338582\/revisions"}],"wp:featuredmedia":[{"embeddable":true,"href":"https:\/\/www.europesays.com\/fi\/wp-json\/wp\/v2\/media\/338583"}],"wp:attachment":[{"href":"https:\/\/www.europesays.com\/fi\/wp-json\/wp\/v2\/media?parent=338582"}],"wp:term":[{"taxonomy":"category","embeddable":true,"href":"https:\/\/www.europesays.com\/fi\/wp-json\/wp\/v2\/categories?post=338582"},{"taxonomy":"post_tag","embeddable":true,"href":"https:\/\/www.europesays.com\/fi\/wp-json\/wp\/v2\/tags?post=338582"}],"curies":[{"name":"wp","href":"https:\/\/api.w.org\/{rel}","templated":true}]}}