{"id":338586,"date":"2026-09-01T07:08:14","date_gmt":"2026-09-01T07:08:14","guid":{"rendered":"https:\/\/www.europesays.com\/fi\/338586\/"},"modified":"2026-09-01T07:08:14","modified_gmt":"2026-09-01T07:08:14","slug":"tekeeko-sami-pajari-allistyttavan-tempun-valtava-uhka","status":"publish","type":"post","link":"https:\/\/www.europesays.com\/fi\/338586\/","title":{"rendered":"Tekeek\u00f6 Sami Pajari \u00e4llistytt\u00e4v\u00e4n tempun? \u201dValtava uhka\u201d"},"content":{"rendered":"<p><img decoding=\"async\" class=\"image image-show image-preview\" src=\"https:\/\/www.europesays.com\/fi\/wp-content\/uploads\/2026\/09\/27f98ba8fe152c99136876c840403f3871c50b0dc7f54dc8932ba42e081dcc9f.jpg\" alt=\"\"\/><img decoding=\"async\" class=\"image image-show\" src=\"https:\/\/www.europesays.com\/fi\/wp-content\/uploads\/2026\/09\/1788246494_901_27f98ba8fe152c99136876c840403f3871c50b0dc7f54dc8932ba42e081dcc9f.jpg\" alt=\"\"\/><\/p>\n<p>Sami Pajari on MM-sarjan kuumin kuljettaja. Vesa P\u00f6pp\u00f6nen \/ All Over Press<\/p>\n<p class=\"paragraph\"><strong>Sami Pajari<\/strong> on voittanut jo kolme MM-osakilpailua putkeen. H\u00e4n on MM-pisteiss\u00e4 kakkosena Elfyn Evansin per\u00e4ss\u00e4. K\u00e4rkiduon ero on 20 pistett\u00e4.<\/p>\n<p class=\"paragraph\">\u2013 Evansilla on yh\u00e4 etuly\u00f6ntiasema. H\u00e4nell\u00e4 on enemm\u00e4n pisteit\u00e4, vaikka johto hupenikin Paraguayssa 30 pisteest\u00e4 20 pisteeseen. Ratkaisevaa saattaa olla my\u00f6s se, ett\u00e4 h\u00e4nell\u00e4 on enemm\u00e4n kokemusta, <a href=\"https:\/\/dirtfish.com\/rally\/wrc\/what-we-learned-from-rally-del-paraguay-2026\/\" target=\"_blank\" rel=\"noopener nofollow\">Dirtfish-sivuston<\/a> rallitoimittaja <strong>Luke Barry<\/strong> pohtii.<\/p>\n<p class=\"paragraph\">Barryn mukaan 37-vuotias walesilainen on ollut t\u00e4ll\u00e4 vuosikymmenell\u00e4 mukana yht\u00e4 lukuun ottamatta kaikissa maailmanmestaruustaisteluissa.<\/p>\n<p class=\"paragraph\">\u2013 Mutta Pajari on niin uhkaavalta n\u00e4ytt\u00e4v\u00e4ss\u00e4 rytmiss\u00e4, ett\u00e4 h\u00e4net voi n\u00e4hd\u00e4 valtavana uhkana walesilaiselle, Barry kirjoittaa.<\/p>\n<p class=\"paragraph\">Pajarista tuli Paraguayssa historian ensimm\u00e4inen kuski, joka on napannut kolme osakilpailuvoittoa per\u00e4kk\u00e4in uransa ensimm\u00e4isen WRC-voiton j\u00e4lkeen.<\/p>\n<p class=\"paragraph\">\u2013 Se on jo vaikuttava saavutus, mutta viel\u00e4 vaikuttavampi olisi maailmanmestaruuden voittaminen vain 25-vuotiaana vasta toisella t\u00e4ydell\u00e4 kaudella huipputasolla.<\/p>\n<p class=\"paragraph\">\u2013 Eik\u00e4 se todellakaan ole mik\u00e4\u00e4n absurdi mahdollisuus.<\/p>\n<p class=\"paragraph\">Yhdest\u00e4 rallista voi saada maksimissaan 35 MM-pistett\u00e4, ja osakilpailuja on viel\u00e4 edess\u00e4 2\u20133. Kalenteriin on merkattu kolme osakilpailua, mutta Saudi-Arabian p\u00e4\u00e4t\u00f6skisa saatetaan perua L\u00e4hi-id\u00e4n ep\u00e4vakaan turvallisuustilanteen takia.<\/p>\n<p class=\"paragraph\">Rallin MM-sarja jatkuu Chiless\u00e4 10.9.\u201313.9.<\/p>\n","protected":false},"excerpt":{"rendered":"Sami Pajari on MM-sarjan kuumin kuljettaja. Vesa P\u00f6pp\u00f6nen \/ All Over Press Sami Pajari on voittanut jo kolme&hellip;\n","protected":false},"author":2,"featured_media":338587,"comment_status":"","ping_status":"","sticky":false,"template":"","format":"standard","meta":{"footnotes":"","_share_on_mastodon":"0"},"categories":[158],"tags":[35,648,2810,33,31,30,121,41,83,159,32,160],"class_list":["post-338586","post","type-post","status-publish","format-standard","has-post-thumbnail","category-urheilu","tag-24h","tag-autot","tag-autourheilu-ja-urheiluautot","tag-fi","tag-finland","tag-finnish","tag-liikenne-ja-kuljetus","tag-liikunta-ja-urheilu","tag-moottoriurheilu","tag-sports","tag-suomi","tag-urheilu"],"share_on_mastodon":{"url":"https:\/\/pubeurope.com\/@fi\/117194529678770219","error":""},"_links":{"self":[{"href":"https:\/\/www.europesays.com\/fi\/wp-json\/wp\/v2\/posts\/338586","targetHints":{"allow":["GET"]}}],"collection":[{"href":"https:\/\/www.europesays.com\/fi\/wp-json\/wp\/v2\/posts"}],"about":[{"href":"https:\/\/www.europesays.com\/fi\/wp-json\/wp\/v2\/types\/post"}],"author":[{"embeddable":true,"href":"https:\/\/www.europesays.com\/fi\/wp-json\/wp\/v2\/users\/2"}],"replies":[{"embeddable":true,"href":"https:\/\/www.europesays.com\/fi\/wp-json\/wp\/v2\/comments?post=338586"}],"version-history":[{"count":0,"href":"https:\/\/www.europesays.com\/fi\/wp-json\/wp\/v2\/posts\/338586\/revisions"}],"wp:featuredmedia":[{"embeddable":true,"href":"https:\/\/www.europesays.com\/fi\/wp-json\/wp\/v2\/media\/338587"}],"wp:attachment":[{"href":"https:\/\/www.europesays.com\/fi\/wp-json\/wp\/v2\/media?parent=338586"}],"wp:term":[{"taxonomy":"category","embeddable":true,"href":"https:\/\/www.europesays.com\/fi\/wp-json\/wp\/v2\/categories?post=338586"},{"taxonomy":"post_tag","embeddable":true,"href":"https:\/\/www.europesays.com\/fi\/wp-json\/wp\/v2\/tags?post=338586"}],"curies":[{"name":"wp","href":"https:\/\/api.w.org\/{rel}","templated":true}]}}