{"id":338592,"date":"2026-09-01T07:13:17","date_gmt":"2026-09-01T07:13:17","guid":{"rendered":"https:\/\/www.europesays.com\/fi\/338592\/"},"modified":"2026-09-01T07:13:17","modified_gmt":"2026-09-01T07:13:17","slug":"marius-borg-hoiby-kantoi-haraldin-arkkua","status":"publish","type":"post","link":"https:\/\/www.europesays.com\/fi\/338592\/","title":{"rendered":"Marius Borg H\u00f8iby kantoi Haraldin arkkua"},"content":{"rendered":"<p><strong class=\"typography-bold\">Seksuaalirikoksista tuomittu Marius Borg H\u00f8iby kantoi kuningas Haraldin arkkua.\u00a0<\/strong><\/p>\n<p>Kuningas <a class=\"cursor-pointer underline\" data-testid=\"internal-link\" role=\"link\" href=\"https:\/\/www.mtvuutiset.fi\/aihe\/kuningas-harald\/7954874\" rel=\"nofollow noopener\" target=\"_blank\"><strong class=\"typography-bold\">Haraldin<\/strong><\/a> arkku kannettiin Oslon kuninkaanlinnan kappeliin eilen maanantaina. Aiemmin arkku oli esill\u00e4 linnan salongissa.<\/p>\n<p>Arkkua kantoivat kuninkaan lapset ja lapsenlapset. Kantamassa arkkua oli my\u00f6s <a class=\"cursor-pointer underline\" data-testid=\"internal-link\" role=\"link\" href=\"https:\/\/www.mtvuutiset.fi\/aihe\/marius-borg-hiby\/9056910\" rel=\"nofollow noopener\" target=\"_blank\"><strong class=\"typography-bold\">Marius Borg H\u00f8iby<\/strong><\/a>, joka tuomittiin kes\u00e4ll\u00e4 useista seksuaalirikoksista.<\/p>\n<p>H\u00e4nen \u00e4itins\u00e4, keuhkonsiirrosta toipuva kuningatar <a class=\"cursor-pointer underline\" data-testid=\"internal-link\" role=\"link\" href=\"https:\/\/www.mtvuutiset.fi\/aihe\/kuningatar-mette-marit\/2836364\" rel=\"nofollow noopener\" target=\"_blank\"><strong class=\"typography-bold\">Mette-Marit<\/strong><\/a>, seurasi kulkueessa poikansa takana.\u00a0<\/p>\n<p>Prinsessa Martha Louise, kuningas Haakon, kuningatar Mette-Marit ja kuningatar Sonja tervehtiv\u00e4t palatsin aukiolla surijoita ja ihastelivat kukkamerta sek\u00e4 kunnianosoituksia, jotka oli j\u00e4tetty kuningas Harald V:n kuoleman j\u00e4lkeen 31. elokuuta.<\/p>\n<p>Eilisen tilaisuuden lis\u00e4ksi H\u00f8iby<strong class=\"typography-bold\"> <\/strong>on saanu luvan osallistua isois\u00e4puolensa hautajaisiin. Aftonbladetin <a class=\"underline\" data-testid=\"external-link\" href=\"https:\/\/www.aftonbladet.se\/kungligt\/a\/m0pG5p\/bonusprinsen-vid-slottet\" rel=\"noopener nofollow\" target=\"_blank\">mukaan<\/a> syytt\u00e4j\u00e4 on my\u00f6nt\u00e4nyt H\u00f8ibylle luvan poistua Skaugumin residenssist\u00e4 9. syyskuuta pidett\u00e4vien hautajaisten ajaksi.<\/p>\n","protected":false},"excerpt":{"rendered":"Seksuaalirikoksista tuomittu Marius Borg H\u00f8iby kantoi kuningas Haraldin arkkua.\u00a0 Kuningas Haraldin arkku kannettiin Oslon kuninkaanlinnan kappeliin eilen maanantaina.&hellip;\n","protected":false},"author":2,"featured_media":338593,"comment_status":"","ping_status":"","sticky":false,"template":"","format":"standard","meta":{"footnotes":"","_share_on_mastodon":"0"},"categories":[14],"tags":[22,23,26,27,33,31,30,17,24,25,28,29,15,18,21,32,19,20,56,16,59,60,61],"class_list":["post-338592","post","type-post","status-publish","format-standard","has-post-thumbnail","category-ulkomaat","tag-breaking-news","tag-breakingnews","tag-featured-news","tag-featurednews","tag-fi","tag-finland","tag-finnish","tag-headlines","tag-latest-news","tag-latestnews","tag-main-news","tag-mainnews","tag-news","tag-otsikot","tag-paauutiset","tag-suomi","tag-top-stories","tag-topstories","tag-ulkomaat","tag-uutiset","tag-world","tag-world-news","tag-worldnews"],"share_on_mastodon":{"url":"https:\/\/pubeurope.com\/@fi\/117194549078665811","error":""},"_links":{"self":[{"href":"https:\/\/www.europesays.com\/fi\/wp-json\/wp\/v2\/posts\/338592","targetHints":{"allow":["GET"]}}],"collection":[{"href":"https:\/\/www.europesays.com\/fi\/wp-json\/wp\/v2\/posts"}],"about":[{"href":"https:\/\/www.europesays.com\/fi\/wp-json\/wp\/v2\/types\/post"}],"author":[{"embeddable":true,"href":"https:\/\/www.europesays.com\/fi\/wp-json\/wp\/v2\/users\/2"}],"replies":[{"embeddable":true,"href":"https:\/\/www.europesays.com\/fi\/wp-json\/wp\/v2\/comments?post=338592"}],"version-history":[{"count":0,"href":"https:\/\/www.europesays.com\/fi\/wp-json\/wp\/v2\/posts\/338592\/revisions"}],"wp:featuredmedia":[{"embeddable":true,"href":"https:\/\/www.europesays.com\/fi\/wp-json\/wp\/v2\/media\/338593"}],"wp:attachment":[{"href":"https:\/\/www.europesays.com\/fi\/wp-json\/wp\/v2\/media?parent=338592"}],"wp:term":[{"taxonomy":"category","embeddable":true,"href":"https:\/\/www.europesays.com\/fi\/wp-json\/wp\/v2\/categories?post=338592"},{"taxonomy":"post_tag","embeddable":true,"href":"https:\/\/www.europesays.com\/fi\/wp-json\/wp\/v2\/tags?post=338592"}],"curies":[{"name":"wp","href":"https:\/\/api.w.org\/{rel}","templated":true}]}}