{"id":338594,"date":"2026-09-01T07:14:15","date_gmt":"2026-09-01T07:14:15","guid":{"rendered":"https:\/\/www.europesays.com\/fi\/338594\/"},"modified":"2026-09-01T07:14:15","modified_gmt":"2026-09-01T07:14:15","slug":"kuulutko-tahan-isoon-ihmisjoukkoon-vaite-orpon-hallitus-sivuutti-sinut-veronkevennyksissa","status":"publish","type":"post","link":"https:\/\/www.europesays.com\/fi\/338594\/","title":{"rendered":"Kuulutko t\u00e4h\u00e4n isoon ihmisjoukkoon? V\u00e4ite: Orpon hallitus sivuutti sinut veronkevennyksiss\u00e4"},"content":{"rendered":"<p>Insin\u00f6\u00f6riliiton arvion mukaan ylemm\u00e4t toimihenkil\u00f6t j\u00e4\u00e4v\u00e4t l\u00e4hes kokonaan vaille veronkevennyksi\u00e4.<\/p>\n<p><img decoding=\"async\" class=\"image image-show image-preview\" src=\"https:\/\/www.europesays.com\/fi\/wp-content\/uploads\/2026\/09\/249722cd4fa67680fc59bd98ba6678b445ab76e27676485a4c4239fe14217d4e.jpg\" alt=\"\"\/><img decoding=\"async\" class=\"image image-show\" src=\"https:\/\/www.europesays.com\/fi\/wp-content\/uploads\/2026\/09\/1788246855_559_249722cd4fa67680fc59bd98ba6678b445ab76e27676485a4c4239fe14217d4e.jpg\" alt=\"\"\/><\/p>\n<p>Insin\u00f6\u00f6riliitto nuhtelee hallituksen veropolitiikkaa ja sanoo, ett\u00e4 keskiluokka on kotimaisen kulutuksen kivijalka. Kuvituskuva. Mostphotos<\/p>\n<p class=\"paragraph\">Insin\u00f6\u00f6riliitto arvostelee <strong>Petteri Orpon<\/strong> (kok) hallituksen budjettiehdotusta ylempien toimihenkil\u00f6iden sivuuttamisesta.<\/p>\n<p class=\"paragraph\">Liiton tuoreen tiedotteen mukaan mediaanituloinen insin\u00f6\u00f6ri tienaa 4 700 euroa kuussa, ja 40 prosenttia liiton j\u00e4senist\u00e4 mahtuu tuloluokkaan 4 700 \u2013 6 800 euroa kuussa. Vastaavilla tuloilla veroaste pienenee 0,3 prosenttia vaalikauden aikana. Tiedotteen mukaan laskelmat on tehnyt Veronmaksajain keskusliitto.<\/p>\n<p class=\"paragraph\">\u2013 Veronkevennykset esitettiin vastapainoksi hallituksen vaalikaudella ajamille ty\u00f6lains\u00e4\u00e4d\u00e4nn\u00f6n heikennyksille. Tosiasia on, ett\u00e4 suuri osa Insin\u00f6\u00f6riliiton j\u00e4senkunnasta ei ole saanut taloudellista kompensaatiota ty\u00f6el\u00e4m\u00e4n ep\u00e4varmuuden kasvattamisesta, sanoo Insin\u00f6\u00f6riliiton puheenjohtaja <strong>Samu Salo<\/strong> tiedotteessa.<\/p>\n<p class=\"paragraph\">Liiton mukaan veronkevennyksist\u00e4 p\u00e4\u00e4sev\u00e4t nauttimaan eniten yli 10 000 euroa kuussa tai alle 3 000 euroa kuussa tienaavat. Puheenjohtaja Salon mukaan ylemm\u00e4t toimihenkil\u00f6t eiv\u00e4t v\u00e4ltt\u00e4m\u00e4tt\u00e4 en\u00e4\u00e4 halua tehd\u00e4 lis\u00e4t\u00f6it\u00e4 tai ottaa vastaan kovatuloisempia t\u00f6it\u00e4, jos verotusta ei kevennet\u00e4.<\/p>\n<p class=\"paragraph\">Suomessa on arviolta satojatuhansia ylempi\u00e4 toimihenkil\u00f6it\u00e4.<\/p>\n<p class=\"paragraph\">Insin\u00f6\u00f6riliitto katsoo, ett\u00e4 sen j\u00e4senten ja muiden tekniikan asiantuntijoiden ostovoima on kehittynyt l\u00e4hes pelk\u00e4st\u00e4\u00e4n neuvoteltujen yleiskorotusten ansiosta. Teknologiateollisuuden ylempien toimihenkil\u00f6iden p\u00e4\u00e4llekk\u00e4iset sopimuskorotukset ovat nousseet nelj\u00e4n vuoden aikana 11,9 prosenttiin, joista puolet on ollut yleiskorotusta, liitto arvioi. Insin\u00f6\u00f6riliitto ottaa tiedotteessa kunniaa palkkatason nostamisesta.<\/p>\n<p class=\"paragraph\">Samu Salon mukaan hallituksen verop\u00e4\u00e4t\u00f6sten painotukset ovat huonoja.<\/p>\n<p class=\"paragraph\">\u2013 P\u00e4\u00e4tt\u00e4jien pit\u00e4\u00e4 ymm\u00e4rt\u00e4\u00e4, ett\u00e4 keskiluokka on kotimaisen kulutuksen kivijalka. Jos keskituloisen palkka ei kehity, se n\u00e4ivett\u00e4\u00e4 kotimaisten tuotteiden ja palveluiden kulutuskysynt\u00e4\u00e4.<\/p>\n","protected":false},"excerpt":{"rendered":"Insin\u00f6\u00f6riliiton arvion mukaan ylemm\u00e4t toimihenkil\u00f6t j\u00e4\u00e4v\u00e4t l\u00e4hes kokonaan vaille veronkevennyksi\u00e4. Insin\u00f6\u00f6riliitto nuhtelee hallituksen veropolitiikkaa ja sanoo, ett\u00e4 keskiluokka&hellip;\n","protected":false},"author":2,"featured_media":338595,"comment_status":"","ping_status":"","sticky":false,"template":"","format":"standard","meta":{"footnotes":"","_share_on_mastodon":"0"},"categories":[12],"tags":[35,22,23,26,27,33,31,30,863,17,24,25,28,29,15,18,21,2645,637,32,19,20,860,862,16],"class_list":["post-338594","post","type-post","status-publish","format-standard","has-post-thumbnail","category-suomi","tag-24h","tag-breaking-news","tag-breakingnews","tag-featured-news","tag-featurednews","tag-fi","tag-finland","tag-finnish","tag-hallitus","tag-headlines","tag-latest-news","tag-latestnews","tag-main-news","tag-mainnews","tag-news","tag-otsikot","tag-paauutiset","tag-palkka-ja-tyosuhde-edut","tag-politiikka","tag-suomi","tag-top-stories","tag-topstories","tag-tyoelama","tag-tyollisyys","tag-uutiset"],"share_on_mastodon":{"url":"https:\/\/pubeurope.com\/@fi\/117194553962185638","error":""},"_links":{"self":[{"href":"https:\/\/www.europesays.com\/fi\/wp-json\/wp\/v2\/posts\/338594","targetHints":{"allow":["GET"]}}],"collection":[{"href":"https:\/\/www.europesays.com\/fi\/wp-json\/wp\/v2\/posts"}],"about":[{"href":"https:\/\/www.europesays.com\/fi\/wp-json\/wp\/v2\/types\/post"}],"author":[{"embeddable":true,"href":"https:\/\/www.europesays.com\/fi\/wp-json\/wp\/v2\/users\/2"}],"replies":[{"embeddable":true,"href":"https:\/\/www.europesays.com\/fi\/wp-json\/wp\/v2\/comments?post=338594"}],"version-history":[{"count":0,"href":"https:\/\/www.europesays.com\/fi\/wp-json\/wp\/v2\/posts\/338594\/revisions"}],"wp:featuredmedia":[{"embeddable":true,"href":"https:\/\/www.europesays.com\/fi\/wp-json\/wp\/v2\/media\/338595"}],"wp:attachment":[{"href":"https:\/\/www.europesays.com\/fi\/wp-json\/wp\/v2\/media?parent=338594"}],"wp:term":[{"taxonomy":"category","embeddable":true,"href":"https:\/\/www.europesays.com\/fi\/wp-json\/wp\/v2\/categories?post=338594"},{"taxonomy":"post_tag","embeddable":true,"href":"https:\/\/www.europesays.com\/fi\/wp-json\/wp\/v2\/tags?post=338594"}],"curies":[{"name":"wp","href":"https:\/\/api.w.org\/{rel}","templated":true}]}}