{"id":338596,"date":"2026-09-01T07:15:14","date_gmt":"2026-09-01T07:15:14","guid":{"rendered":"https:\/\/www.europesays.com\/fi\/338596\/"},"modified":"2026-09-01T07:15:14","modified_gmt":"2026-09-01T07:15:14","slug":"slovakia-hankki-279-liikennekameraa-venalainen-takaovi-paljastui","status":"publish","type":"post","link":"https:\/\/www.europesays.com\/fi\/338596\/","title":{"rendered":"Slovakia hankki 279 liikennekameraa, ven\u00e4l\u00e4inen takaovi paljastui"},"content":{"rendered":"<p>Kamerat aiottiin asentaa tienvarteen Slovakiassa, Risky Bulletin kertoo.<\/p>\n<p><img decoding=\"async\" src=\"https:\/\/www.europesays.com\/fi\/wp-content\/uploads\/2026\/09\/1788246914_680_468.jpg\" alt=\"Slovakia keskeytti hankkeensa. Arkistokuva.\" class=\"_Img_1rerz_1\" style=\"aspect-ratio:1920\/1080\" loading=\"eager\"\/><\/p>\n<p class=\"font-(family-name:--picture-caption-font-family) text-(length:--picture-caption-font-size) leading-(--picture-caption-leading) font-(--picture-caption-font-weight) text-(color:--picture-caption-color)\">Slovakia keskeytti hankkeensa. Arkistokuva. Kuva:\u00a0Phanuwat Nandee \/ Colourbox<\/p>\n<p class=\"article-body mb-(--paragraph-margin-b) px-nof-16\">Slovakian EU-rahoitteinen 30 miljoonan euron hanke tieliikenteen valvonnan uudistamiseksi kohtasi merkitt\u00e4v\u00e4n nopeust\u00f6yssyn. Tietoturva-aiheisen <a class=\"underline underline-offset-[0.12em] [text-decoration-thickness:var(--generic-link-underline-thickness)] [text-decoration-color:var(--generic-link-underline-color)] [text-decoration-skip-ink:var(--generic-link-underline-skip-ink)] break-words\" href=\"https:\/\/risky.biz\/risky-bulletin-slovakia-finds-russian-backdoor-in-traffic-speed-cameras\/\" rel=\"nofollow noopener\" target=\"_blank\">Risky Bulletinin mukaan<\/a> nopeusvalvontaan oletetusti kaavaillut 279 kameraa sis\u00e4lt\u00e4v\u00e4t takaoven.<\/p>\n<p class=\"article-body mb-(--paragraph-margin-b) px-nof-16\">Takaovi tarkoittaa tarkoituksellista mekanismia, jolla ulkopuolinen taho voi p\u00e4\u00e4st\u00e4 k\u00e4siksi laitteisiin et\u00e4\u00e4lt\u00e4. Kameroissa t\u00e4m\u00e4 olisi onnistunut tekstiviestill\u00e4, kun se olisi saapunut joukosta sis\u00e4\u00e4n rakennettuja ven\u00e4l\u00e4isi\u00e4 puhelinnumeroita.<\/p>\n<p class=\"article-body mb-(--paragraph-margin-b) px-nof-16\">Kameroista varoitti Slovakian kansallinen turvallisuusvirasto NBU. Se luonnehti l\u00f6yd\u00f6ksi\u00e4 merkitt\u00e4v\u00e4ksi kyberuhkaksi.<\/p>\n<p class=\"article-body mb-(--paragraph-margin-b) px-nof-16\">NBU ei <a class=\"underline underline-offset-[0.12em] [text-decoration-thickness:var(--generic-link-underline-thickness)] [text-decoration-color:var(--generic-link-underline-color)] [text-decoration-skip-ink:var(--generic-link-underline-skip-ink)] break-words\" href=\"https:\/\/www.nbu.gov.sk\/varovanie-pred-rizikami-cestnych-meradiel\/\" rel=\"nofollow noopener\" target=\"_blank\">tiedotteessaan<\/a> maininnut takaovia suoraan taikka linkitt\u00e4nyt niit\u00e4 Ven\u00e4j\u00e4n hallitukseen. Tiedotteessa todetaan, ett\u00e4 osa tuotteista on valmistettu Ven\u00e4j\u00e4ll\u00e4.<\/p>\n<p class=\"article-body mb-(--paragraph-margin-b) px-nof-16\">Risky Bulletinin mukaan kyseiset NERO R-ONE -nopeuskamerat ovat uudelleen br\u00e4nd\u00e4tty versio ven\u00e4l\u00e4isist\u00e4 CORDON PRO.M -kameroista. Paikallisten uutisten mukaan kamerat ostettiin kyproslaiselta p\u00f6yt\u00e4laatikkofirmalta.<\/p>\n<p class=\"article-body mb-(--paragraph-margin-b) px-nof-16\">Kameroista paljastui muitakin ongelmia. Niiden suoraa videokuvaa p\u00e4\u00e4see katsomaan ilman salasanaa, kunhan tiet\u00e4\u00e4 kameran ip-osoitteen. Ip-osoite yksil\u00f6i enemm\u00e4n tai v\u00e4hemm\u00e4n tarkasti internetiin kytketyn laitteen.<\/p>\n<p class=\"article-body mb-(--paragraph-margin-b) px-nof-16\">Slovakian sis\u00e4ministeri\u00f6 keskeytti hankkeen NBU:n l\u00f6yd\u00f6sten j\u00e4lkeen. Hiljattain paljastui, ett\u00e4 Ven\u00e4j\u00e4 vakoili sotilasliitto Natoa hakkeroimalla siviilik\u00e4yt\u00f6ss\u00e4 olevia kameroita.<\/p>\n<p class=\"article-body mb-(--paragraph-margin-b) px-nof-16\">Alankomaiden tiedustelupalvelujen mukaa kamerat osoittivat Naton kuljetusreittej\u00e4 kohti, ja Ven\u00e4j\u00e4n toiveena oli tunnistaa, millaisia aseita Ukrainaan oli matkalla.<\/p>\n","protected":false},"excerpt":{"rendered":"Kamerat aiottiin asentaa tienvarteen Slovakiassa, Risky Bulletin kertoo. Slovakia keskeytti hankkeensa. Arkistokuva. Kuva:\u00a0Phanuwat Nandee \/ Colourbox Slovakian EU-rahoitteinen&hellip;\n","protected":false},"author":2,"featured_media":338597,"comment_status":"","ping_status":"","sticky":false,"template":"","format":"standard","meta":{"footnotes":"","_share_on_mastodon":"0"},"categories":[5],"tags":[22,23,26,27,33,31,30,17,34,24,25,28,29,15,18,21,32,19,20,16],"class_list":["post-338596","post","type-post","status-publish","format-standard","has-post-thumbnail","category-otsikot","tag-breaking-news","tag-breakingnews","tag-featured-news","tag-featurednews","tag-fi","tag-finland","tag-finnish","tag-headlines","tag-ilta-sanomat","tag-latest-news","tag-latestnews","tag-main-news","tag-mainnews","tag-news","tag-otsikot","tag-paauutiset","tag-suomi","tag-top-stories","tag-topstories","tag-uutiset"],"share_on_mastodon":{"url":"https:\/\/pubeurope.com\/@fi\/117194557143262767","error":""},"_links":{"self":[{"href":"https:\/\/www.europesays.com\/fi\/wp-json\/wp\/v2\/posts\/338596","targetHints":{"allow":["GET"]}}],"collection":[{"href":"https:\/\/www.europesays.com\/fi\/wp-json\/wp\/v2\/posts"}],"about":[{"href":"https:\/\/www.europesays.com\/fi\/wp-json\/wp\/v2\/types\/post"}],"author":[{"embeddable":true,"href":"https:\/\/www.europesays.com\/fi\/wp-json\/wp\/v2\/users\/2"}],"replies":[{"embeddable":true,"href":"https:\/\/www.europesays.com\/fi\/wp-json\/wp\/v2\/comments?post=338596"}],"version-history":[{"count":0,"href":"https:\/\/www.europesays.com\/fi\/wp-json\/wp\/v2\/posts\/338596\/revisions"}],"wp:featuredmedia":[{"embeddable":true,"href":"https:\/\/www.europesays.com\/fi\/wp-json\/wp\/v2\/media\/338597"}],"wp:attachment":[{"href":"https:\/\/www.europesays.com\/fi\/wp-json\/wp\/v2\/media?parent=338596"}],"wp:term":[{"taxonomy":"category","embeddable":true,"href":"https:\/\/www.europesays.com\/fi\/wp-json\/wp\/v2\/categories?post=338596"},{"taxonomy":"post_tag","embeddable":true,"href":"https:\/\/www.europesays.com\/fi\/wp-json\/wp\/v2\/tags?post=338596"}],"curies":[{"name":"wp","href":"https:\/\/api.w.org\/{rel}","templated":true}]}}