{"id":338600,"date":"2026-09-01T07:22:10","date_gmt":"2026-09-01T07:22:10","guid":{"rendered":"https:\/\/www.europesays.com\/fi\/338600\/"},"modified":"2026-09-01T07:22:10","modified_gmt":"2026-09-01T07:22:10","slug":"visulahden-datakeskuksen-kayttaja-julki-yhdysvaltalainen-tekoaly-yritys-cerebras-lupaa-pitkaa-sitoutumista-mikkeliin-paikalliset","status":"publish","type":"post","link":"https:\/\/www.europesays.com\/fi\/338600\/","title":{"rendered":"Visulahden datakeskuksen k\u00e4ytt\u00e4j\u00e4 julki \u2013 Yhdysvaltalainen teko\u00e4ly-yritys Cerebras lupaa pitk\u00e4\u00e4 sitoutumista Mikkeliin | Paikalliset"},"content":{"rendered":"<p>Mikkelin Visulahteen rakenteilla olevan datakeskuksen k\u00e4ytt\u00e4j\u00e4 on julkistettu. Yhdysvaltalainen teko\u00e4ly-yritys Cerebras systems tiedotti tiistaina olevansa hankkeen taustalla oleva yhti\u00f6.<\/p>\n<p>T\u00e4ss\u00e4 vaiheessa Cerebras systems ilmoitti tehneens\u00e4 datakeskusta rakentavan Compute Nordic Finlandin kanssa seitsem\u00e4n vuoden sopimuksen datakeskuskapasiteetista.<\/p>\n<p>Vuonna 2015 perustettu Cerebras on erikoistunut suunnittelemaan ja rakentamaan laitteistoja sek\u00e4 ohjelmistoja teko\u00e4lyn py\u00f6ritt\u00e4miseen. Tiedotteen mukaan sen asiakkaita ovat kansainv\u00e4liset suuryritykset, tutkimuslaitokset sek\u00e4 valtiot. Yhti\u00f6n p\u00e4\u00e4konttori on Kaliforniassa.<\/p>\n<p>Yrityksen markkina-arvo on noin 37 miljardia euroa ja liikevaihto noin 585 miljoonaa euroa.<\/p>\n<p><strong class=\"diks-storyline__impact\">Datakeskuksen<\/strong> ensimm\u00e4isen vaiheen kapasiteetti on 50 megawattia ja sit\u00e4 on tarkoitus kasvattaa 80 megawattiin ja edelleen 165 megawattiin.<\/p>\n<p>Cerebras sanoo tiedotteessaan, ett\u00e4 se haluaa sitoutua Mikkeliin pitk\u00e4ksi aikaa ja synnytt\u00e4\u00e4 paikkakunnalle pysyvi\u00e4 ty\u00f6paikkoja. Ulkopuolisen arvion mukaan lopullisessa koossaan Visulahden datakeskus tuo alueelle jopa 1,7 miljardin euron investoinnit, 80\u2013250 suoraa vakituista ty\u00f6paikkaa ja 0,8\u20132,5 miljoonan euron vuosittaiset kiinteist\u00f6verotulot.<\/p>\n<p><strong class=\"diks-storyline__impact\">Datakeskusta<\/strong> rakennuttavan Compute Nordic Finlandin toimitusjohtaja <strong>Pyry Virrantaus<\/strong> korostaa tiedotteessa, ett\u00e4 yhteisty\u00f6ss\u00e4 Cerebrasin kanssa on kyse selke\u00e4sti sovitusta n\u00e4kemyksest\u00e4 tulevaisuuden datakeskustarpeista.<\/p>\n<p>Tiedotteen mukaan Visulahden datakeskus on suunniteltu sek\u00e4 veden ett\u00e4 energian k\u00e4yt\u00f6n kannalta mahdollisimman tehokkaaksi. Keskuksen j\u00e4\u00e4hdytyksess\u00e4 k\u00e4ytet\u00e4\u00e4n veden suljettua kiertoa, eik\u00e4 j\u00e4\u00e4hdytysvett\u00e4 oteta jatkuvasti kunnallisesta verkostosta.<\/p>\n<p>Keskuksen hukkal\u00e4mp\u00f6\u00e4 on mahdollista hy\u00f6dynt\u00e4\u00e4 kaukol\u00e4mp\u00f6n\u00e4.<\/p>\n<p>Asiasta kertoi ensimm\u00e4isen\u00e4 Yle.<\/p>\n<p>Juttua p\u00e4ivitetty kello 9.57.<\/p>\n","protected":false},"excerpt":{"rendered":"Mikkelin Visulahteen rakenteilla olevan datakeskuksen k\u00e4ytt\u00e4j\u00e4 on julkistettu. Yhdysvaltalainen teko\u00e4ly-yritys Cerebras systems tiedotti tiistaina olevansa hankkeen taustalla oleva&hellip;\n","protected":false},"author":2,"featured_media":338601,"comment_status":"","ping_status":"","sticky":false,"template":"","format":"standard","meta":{"footnotes":"","_share_on_mastodon":"0"},"categories":[89],"tags":[432,431,33,31,30,3004,685,686,32,91,92,487,433,719,538,149],"class_list":["post-338600","post","type-post","status-publish","format-standard","has-post-thumbnail","category-tekoaly","tag-ai","tag-artificial-intelligence","tag-fi","tag-finland","tag-finnish","tag-liiketoiminta","tag-mikkeli","tag-mikkelin-seutukunta","tag-suomi","tag-technology","tag-teknologia","tag-teknologia-yleista","tag-tekoaly","tag-tiede-yleista","tag-tiede-ja-tekniikka","tag-tietojenkasittely-ja-informaatioteknologia"],"share_on_mastodon":{"url":"https:\/\/pubeurope.com\/@fi\/117194584659683250","error":""},"_links":{"self":[{"href":"https:\/\/www.europesays.com\/fi\/wp-json\/wp\/v2\/posts\/338600","targetHints":{"allow":["GET"]}}],"collection":[{"href":"https:\/\/www.europesays.com\/fi\/wp-json\/wp\/v2\/posts"}],"about":[{"href":"https:\/\/www.europesays.com\/fi\/wp-json\/wp\/v2\/types\/post"}],"author":[{"embeddable":true,"href":"https:\/\/www.europesays.com\/fi\/wp-json\/wp\/v2\/users\/2"}],"replies":[{"embeddable":true,"href":"https:\/\/www.europesays.com\/fi\/wp-json\/wp\/v2\/comments?post=338600"}],"version-history":[{"count":0,"href":"https:\/\/www.europesays.com\/fi\/wp-json\/wp\/v2\/posts\/338600\/revisions"}],"wp:featuredmedia":[{"embeddable":true,"href":"https:\/\/www.europesays.com\/fi\/wp-json\/wp\/v2\/media\/338601"}],"wp:attachment":[{"href":"https:\/\/www.europesays.com\/fi\/wp-json\/wp\/v2\/media?parent=338600"}],"wp:term":[{"taxonomy":"category","embeddable":true,"href":"https:\/\/www.europesays.com\/fi\/wp-json\/wp\/v2\/categories?post=338600"},{"taxonomy":"post_tag","embeddable":true,"href":"https:\/\/www.europesays.com\/fi\/wp-json\/wp\/v2\/tags?post=338600"}],"curies":[{"name":"wp","href":"https:\/\/api.w.org\/{rel}","templated":true}]}}