{"id":338612,"date":"2026-09-01T07:39:11","date_gmt":"2026-09-01T07:39:11","guid":{"rendered":"https:\/\/www.europesays.com\/fi\/338612\/"},"modified":"2026-09-01T07:39:11","modified_gmt":"2026-09-01T07:39:11","slug":"nepalin-ja-tiibetin-raja-alueen-akkitulvissa-kuolleiden-maara-on-noussut-yli-tuhanteen-uutissuomalainen","status":"publish","type":"post","link":"https:\/\/www.europesays.com\/fi\/338612\/","title":{"rendered":"Nepalin ja Tiibetin raja-alueen \u00e4kkitulvissa kuolleiden m\u00e4\u00e4r\u00e4 on noussut yli tuhanteen | Uutissuomalainen"},"content":{"rendered":"<p>Nepalin ja Tiibetin raja-alueen \u00e4kkitulvissa kuolleiden m\u00e4\u00e4r\u00e4 on noussut yli tuhanteen. Paikallinen viranomainen kertoi tiistaina, ett\u00e4 Nepalissa on kuollut liki 990 ihmist\u00e4.<\/p>\n<p>Kiinan hallitsemassa Tiibetiss\u00e4 on kuollut valtionmedian mukaan 16 ihmist\u00e4.<\/p>\n<p>Kadoksissa on edelleen yli 4\u2009400 ihmist\u00e4.<\/p>\n<p>Suurinta osaa kadonneista etsit\u00e4\u00e4n Nepalissa. Kadonneiden joukossa on yli 580 ulkomaalaista, jotka edustavat yli 30:t\u00e4 kansallisuutta.<\/p>\n<p>Aiemmin on kerrottu, ett\u00e4 yksi Nepalissa kadonneista on suomalainen.<\/p>\n<p>Kiinassa kadonneita ihmisi\u00e4 on runsaat 500. Kiinassa on kadonnut yli 260 ulkomaalaista, jotka tulevat 23 maasta.<\/p>\n<p>Suurin osa kadonneista ulkomaalaisista on Intian kansalaisia tai kotoisin Intiasta.<\/p>\n<p>Intiassa jokien alajuoksulta on l\u00f6ydetty viranomaisten mukaan liki 20 vainajaa, joiden uskotaan olevan tulvien uhreja.<\/p>\n","protected":false},"excerpt":{"rendered":"Nepalin ja Tiibetin raja-alueen \u00e4kkitulvissa kuolleiden m\u00e4\u00e4r\u00e4 on noussut yli tuhanteen. Paikallinen viranomainen kertoi tiistaina, ett\u00e4 Nepalissa on&hellip;\n","protected":false},"author":2,"featured_media":338613,"comment_status":"","ping_status":"","sticky":false,"template":"","format":"standard","meta":{"footnotes":"","_share_on_mastodon":"0"},"categories":[14],"tags":[22,23,26,27,33,31,30,17,2455,683,24,25,72,28,29,15,18,21,637,103,32,19,20,56,16,59,60,61,796,534],"class_list":["post-338612","post","type-post","status-publish","format-standard","has-post-thumbnail","category-ulkomaat","tag-breaking-news","tag-breakingnews","tag-featured-news","tag-featurednews","tag-fi","tag-finland","tag-finnish","tag-headlines","tag-hengenvaara-ja-loukkaantuminen","tag-kuolema","tag-latest-news","tag-latestnews","tag-luonto","tag-main-news","tag-mainnews","tag-news","tag-otsikot","tag-paauutiset","tag-politiikka","tag-sosiaalikysymykset","tag-suomi","tag-top-stories","tag-topstories","tag-ulkomaat","tag-uutiset","tag-world","tag-world-news","tag-worldnews","tag-yhteiskunta","tag-ymparisto-ja-luonto"],"share_on_mastodon":{"url":"","error":""},"_links":{"self":[{"href":"https:\/\/www.europesays.com\/fi\/wp-json\/wp\/v2\/posts\/338612","targetHints":{"allow":["GET"]}}],"collection":[{"href":"https:\/\/www.europesays.com\/fi\/wp-json\/wp\/v2\/posts"}],"about":[{"href":"https:\/\/www.europesays.com\/fi\/wp-json\/wp\/v2\/types\/post"}],"author":[{"embeddable":true,"href":"https:\/\/www.europesays.com\/fi\/wp-json\/wp\/v2\/users\/2"}],"replies":[{"embeddable":true,"href":"https:\/\/www.europesays.com\/fi\/wp-json\/wp\/v2\/comments?post=338612"}],"version-history":[{"count":0,"href":"https:\/\/www.europesays.com\/fi\/wp-json\/wp\/v2\/posts\/338612\/revisions"}],"wp:featuredmedia":[{"embeddable":true,"href":"https:\/\/www.europesays.com\/fi\/wp-json\/wp\/v2\/media\/338613"}],"wp:attachment":[{"href":"https:\/\/www.europesays.com\/fi\/wp-json\/wp\/v2\/media?parent=338612"}],"wp:term":[{"taxonomy":"category","embeddable":true,"href":"https:\/\/www.europesays.com\/fi\/wp-json\/wp\/v2\/categories?post=338612"},{"taxonomy":"post_tag","embeddable":true,"href":"https:\/\/www.europesays.com\/fi\/wp-json\/wp\/v2\/tags?post=338612"}],"curies":[{"name":"wp","href":"https:\/\/api.w.org\/{rel}","templated":true}]}}