{"id":338616,"date":"2026-09-01T07:41:11","date_gmt":"2026-09-01T07:41:11","guid":{"rendered":"https:\/\/www.europesays.com\/fi\/338616\/"},"modified":"2026-09-01T07:41:11","modified_gmt":"2026-09-01T07:41:11","slug":"katse-tulevaisuuteen-talousarvion-valmistelussa-savonlinna","status":"publish","type":"post","link":"https:\/\/www.europesays.com\/fi\/338616\/","title":{"rendered":"Katse tulevaisuuteen talousarvion valmistelussa &#8211; Savonlinna"},"content":{"rendered":"<p>\ttiistaina 1. syyskuuta 2026<\/p>\n<p class=\"wp-block-paragraph\">Olemme aloittamassa Savonlinnan kaupungin taloussuunnittelua vuodelle 2027. Aiheesta pidettiin tilaisuus perjantaina 28.8., jossa korostui yhteinen viesti: tulevaisuuteen vaikuttavat p\u00e4\u00e4t\u00f6kset tehd\u00e4\u00e4n nyt.<\/p>\n<p class=\"wp-block-paragraph\">Kuntaliiton ekonomisti <strong>Sanna Lehtonen<\/strong> muistutti, ett\u00e4 historiaa on t\u00e4rke\u00e4 tarkastella, mutta taloussuunnittelussa katse tulee suunnata ennen kaikkea eteenp\u00e4in.<\/p>\n<p class=\"wp-block-paragraph\">\u2013 On hyv\u00e4 katsoa my\u00f6s historiaan, esimerkiksi velkaantumisen n\u00e4k\u00f6kulmasta, mutta kaikki tulevaisuuteen vaikuttavat isot p\u00e4\u00e4t\u00f6kset ovat t\u00e4m\u00e4n hetken p\u00e4\u00e4tt\u00e4jien k\u00e4siss\u00e4, Lehtonen sanoi.<\/p>\n<p class=\"wp-block-paragraph\">Savonlinnan talousjohtaja <strong>Hannele P\u00f6ykk\u00f6l\u00e4n<\/strong> mukaan k\u00e4ynniss\u00e4 olevassa talousarviokierroksessa korostuvat p\u00e4\u00e4t\u00f6ksenteko ja yhteinen sitoutuminen muutoksiin.<\/p>\n<p class=\"wp-block-paragraph\">\u2013 Nyt ei voi en\u00e4\u00e4 lyk\u00e4t\u00e4 p\u00e4\u00e4t\u00f6ksi\u00e4. Meid\u00e4n pit\u00e4\u00e4 olla kaikki samassa veneess\u00e4 ja katsoa eteenp\u00e4in positiivisesti, vaikka muutostarpeita on my\u00f6s talouden n\u00e4k\u00f6kulmasta, P\u00f6ykk\u00f6l\u00e4 totesi.<\/p>\n<p class=\"wp-block-paragraph\">Lehtonen kiitti Savonlinnan kehitt\u00e4m\u00e4\u00e4 talousprosessia, joka tuo valmisteluun selkeytt\u00e4 ja tukee p\u00e4\u00e4t\u00f6ksentekoa. Talouden tasapainottamistavoitteet ovat mittavia, mutta niiden saavuttaminen edellytt\u00e4\u00e4 johdonmukaista etenemist\u00e4.<\/p>\n<p class=\"wp-block-paragraph\">Keskusteluissa nousivat esiin erityisesti kiinteist\u00f6ihin liittyv\u00e4t ratkaisut sek\u00e4 toimintatapojen uudistaminen. Lehtosen mukaan monet kunnat kohtaavat niin sanotun \u201dkiinteist\u00f6tsunamin\u201d, kun rakennuskanta aiheuttaa kasvavia kustannuksia.<\/p>\n<p class=\"wp-block-paragraph\">\u2013 Kiinteist\u00f6t ovat merkitt\u00e4v\u00e4 kustannuser\u00e4, johon voidaan vaikuttaa suoraan p\u00e4\u00e4t\u00f6ksill\u00e4. Samalla on arvioitava, tehd\u00e4\u00e4nk\u00f6 asioita edelleen samalla tavalla kuin 20 vuotta sitten. Ymp\u00e4rist\u00f6 on muuttunut merkitt\u00e4v\u00e4sti sote-uudistuksen, TE-uudistuksen ja uusien varautumisvelvoitteiden my\u00f6t\u00e4, h\u00e4n sanoi.<\/p>\n<p class=\"wp-block-paragraph\">P\u00f6ykk\u00f6l\u00e4 korostaa my\u00f6s puheen voimaa kaupungin tulevaisuuden rakentamisessa.<\/p>\n<p class=\"wp-block-paragraph\">\u2013 Meill\u00e4 on mahtava kaupunki ja paljon vahvuuksia. Jokainen voi omalla toiminnallaan ja puheellaan vaikuttaa siihen, miten Savonlinna n\u00e4hd\u00e4\u00e4n. Sill\u00e4 on merkityst\u00e4 my\u00f6s kaupungin vetovoiman kannalta.<\/p>\n<p class=\"wp-block-paragraph\">Talousarviovalmisteluun l\u00e4hdet\u00e4\u00e4n Savonlinnassa luottavaisin mielin.<\/p>\n<p class=\"wp-block-paragraph\">\u2013 Prosessi vie asiaa eteenp\u00e4in, eik\u00e4 h\u00e4t\u00e4jarrutukseen ole syyt\u00e4. Teemme ratkaisuja hyv\u00e4n tulevaisuuden ja hyv\u00e4n Savonlinnan puolesta, P\u00f6ykk\u00f6l\u00e4 tiivist\u00e4\u00e4.<\/p>\n<p><img fetchpriority=\"high\" decoding=\"async\" width=\"768\" height=\"1024\" src=\"https:\/\/www.europesays.com\/fi\/wp-content\/uploads\/2026\/09\/20260828_141218-768x1024.jpg\" alt=\"\" class=\"wp-image-81261\"  \/>Kuntatalousasioiden johtaja Sanna Lehtonen Kuntaliitosta ja Savonlinnan kaupungin talousjohtaja Hannele P\u00f6ykk\u00f6l\u00e4 korostavat nostamaan katseen eteenp\u00e4in taloussuunnittelussa.<\/p>\n","protected":false},"excerpt":{"rendered":"tiistaina 1. syyskuuta 2026 Olemme aloittamassa Savonlinnan kaupungin taloussuunnittelua vuodelle 2027. Aiheesta pidettiin tilaisuus perjantaina 28.8., jossa korostui&hellip;\n","protected":false},"author":2,"featured_media":338617,"comment_status":"","ping_status":"","sticky":false,"template":"","format":"standard","meta":{"footnotes":"","_share_on_mastodon":"0"},"categories":[5],"tags":[22,23,26,27,33,31,30,17,24,25,28,29,15,18,21,32,19,20,16],"class_list":["post-338616","post","type-post","status-publish","format-standard","has-post-thumbnail","category-otsikot","tag-breaking-news","tag-breakingnews","tag-featured-news","tag-featurednews","tag-fi","tag-finland","tag-finnish","tag-headlines","tag-latest-news","tag-latestnews","tag-main-news","tag-mainnews","tag-news","tag-otsikot","tag-paauutiset","tag-suomi","tag-top-stories","tag-topstories","tag-uutiset"],"share_on_mastodon":{"url":"https:\/\/pubeurope.com\/@fi\/117194659763405293","error":""},"_links":{"self":[{"href":"https:\/\/www.europesays.com\/fi\/wp-json\/wp\/v2\/posts\/338616","targetHints":{"allow":["GET"]}}],"collection":[{"href":"https:\/\/www.europesays.com\/fi\/wp-json\/wp\/v2\/posts"}],"about":[{"href":"https:\/\/www.europesays.com\/fi\/wp-json\/wp\/v2\/types\/post"}],"author":[{"embeddable":true,"href":"https:\/\/www.europesays.com\/fi\/wp-json\/wp\/v2\/users\/2"}],"replies":[{"embeddable":true,"href":"https:\/\/www.europesays.com\/fi\/wp-json\/wp\/v2\/comments?post=338616"}],"version-history":[{"count":0,"href":"https:\/\/www.europesays.com\/fi\/wp-json\/wp\/v2\/posts\/338616\/revisions"}],"wp:featuredmedia":[{"embeddable":true,"href":"https:\/\/www.europesays.com\/fi\/wp-json\/wp\/v2\/media\/338617"}],"wp:attachment":[{"href":"https:\/\/www.europesays.com\/fi\/wp-json\/wp\/v2\/media?parent=338616"}],"wp:term":[{"taxonomy":"category","embeddable":true,"href":"https:\/\/www.europesays.com\/fi\/wp-json\/wp\/v2\/categories?post=338616"},{"taxonomy":"post_tag","embeddable":true,"href":"https:\/\/www.europesays.com\/fi\/wp-json\/wp\/v2\/tags?post=338616"}],"curies":[{"name":"wp","href":"https:\/\/api.w.org\/{rel}","templated":true}]}}