{"id":338660,"date":"2026-09-01T09:12:14","date_gmt":"2026-09-01T09:12:14","guid":{"rendered":"https:\/\/www.europesays.com\/fi\/338660\/"},"modified":"2026-09-01T09:12:14","modified_gmt":"2026-09-01T09:12:14","slug":"ville-haapasalo-esittelee-sisu-poikansa-video","status":"publish","type":"post","link":"https:\/\/www.europesays.com\/fi\/338660\/","title":{"rendered":"Ville Haapasalo esittelee Sisu-poikansa &#8211; video"},"content":{"rendered":"<p>            Timo Korhonen\n        <\/p>\n<p class=\"subtitle \">Kuin kaksi marjaa, kuuluu vanha sanonta. T\u00e4ss\u00e4 tapauksessa marjoja on kuitenkin hieman enemm\u00e4n.<\/p>\n<p class=\"article-content article-content-width !bg-background\">N\u00e4yttelij\u00e4\u00a0 yll\u00e4tti huhtikuussa, kun tieto t\u00e4m\u00e4n naimisiinmenosta levisi.\u00a0<\/p>\n<p class=\"font-weight-bold m-font-weight-bold article-content article-content-width !bg-background\">Videolla Nanna Karalahti kertoo v\u00e4leist\u00e4 ex-puolisoonsa:<\/p>\n<p class=\"article-content article-content-width !bg-background\">Ville asteli avioliiton satamaan elokuvaohjaaja  kanssa. H\u00e4it\u00e4 vietettiin Georgiassa, jossa hatsapureihin hurahtanut Ville on viett\u00e4nyt runsaasti aikaa mennein\u00e4 vuosina.\u00a0<\/p>\n<p class=\"article-content article-content-width !bg-background\">Yll\u00e4tt\u00e4v\u00e4n Villen avioitumisesta teki se, ett\u00e4 h\u00e4n oli eronnut vaimostaan  vasta helmikuussa. Uusi liitto solmittiin siis pikavauhdilla.\u00a0<\/p>\n<p>        <a itemprop=\"url\" href=\"https:\/\/www.seiska.fi\/vain-seiskassa\/ville-haapasalo-kaljakaupoilla-katso-kuvat\/2184208\" rel=\"nofollow noopener\" target=\"_blank\"><\/p>\n<p>\nSalakuvat!\n<\/p>\n<p class=\"section-date\">\n        <strong class=\"article-section\" data-section=\"vain seiskassa\"><br \/>\n            vain seiskassa<br \/>\n        <\/strong><br \/>\n        23.6. 06:00\n    <\/p>\n<p>Ville Haapasalo kaljakaupoilla \u2013 katso kuvat!\n    <\/p>\n<p itemprop=\"description\" class=\"subtitle \">\n    Seiskan lukija h\u00e4mm\u00e4styi kohdatessaan tutut kasvot ja \u00e4\u00e4nen Imatran Lidlin parkkipaikalla.\n<\/p>\n<p>        <\/a><\/p>\n<p>                <img decoding=\"async\" src=\"https:\/\/www.europesays.com\/fi\/wp-content\/uploads\/2026\/09\/2249665.webp\" width=\"576\" height=\"720\" alt=\"Ville Haapasalo on paitsi kansainv\u00e4linen t\u00e4hti my\u00f6s kulinaristi. Viime vuosina h\u00e4n on keskittynyt py\u00f6rittelem\u00e4\u00e4n hatsapureja. Arkistokuva.\" loading=\"lazy\" \/>            <\/p>\n<p>\n            Ville Haapasalo on paitsi kansainv\u00e4linen t\u00e4hti my\u00f6s kulinaristi. Viime vuosina h\u00e4n on keskittynyt py\u00f6rittelem\u00e4\u00e4n hatsapureja. Arkistokuva.<br \/>\n            Matti Matikainen\n        <\/p>\n<p>T\u00e4ss\u00e4 on Sisu<\/p>\n<p class=\"article-content article-content-width !bg-background\">Ville ei ole avannut rakkausel\u00e4m\u00e4\u00e4ns\u00e4 kovinkaan monisanaisesti. Nyt h\u00e4n kuitenkin esittelee yhden perheenj\u00e4senist\u00e4\u00e4n sosiaalisessa mediassa: videolla Ville ahertaa pakastuspuuhissa poikansa  kanssa.\u00a0<\/p>\n<p class=\"article-content article-content-width !bg-background\">\u2013 Me ollaan nyt kuukauden p\u00e4iv\u00e4t kontitettu ja t\u00e4ss\u00e4 on kontittajana poikani Sisu, joka on p\u00e4\u00e4ssyt viett\u00e4m\u00e4\u00e4n laatuaikaa is\u00e4n kanssa, Ville sanailee videolla.<\/p>\n<p class=\"article-content article-content-width !bg-background\">Ville kysyy pojaltaan, milt\u00e4 hommat maistuvat, johon t\u00e4m\u00e4 vastaa virnist\u00e4en:<\/p>\n<p class=\"article-content article-content-width !bg-background\">\u2013 No ei ne kauheemmin kyll\u00e4 maistu.\u00a0<\/p>\n<p>        <a itemprop=\"url\" href=\"https:\/\/www.seiska.fi\/kotimaa\/lahipiiri-paljastaa-tallaiset-olivat-ville-haapasalon-uskomattomat-salahaat-georgiassa\/2139375\" rel=\"nofollow noopener\" target=\"_blank\"><\/p>\n<p>\nL\u00e4hipiiri paljastaa\n<\/p>\n<p class=\"section-date\">\n        <strong class=\"article-section\" data-section=\"kotimaa\"><br \/>\n            kotimaa<br \/>\n        <\/strong><br \/>\n        29.4. 12:00\n    <\/p>\n<p>L\u00e4hipiiri paljastaa: T\u00e4llaiset olivat Ville Haapasalon uskomattomat salah\u00e4\u00e4t Georgiassa\n    <\/p>\n<p itemprop=\"description\" class=\"subtitle \">\n    \u2013 Siell\u00e4 oli satoja vieraita linnamaisessa milj\u00f6\u00f6ss\u00e4. My\u00f6s rikkaita ven\u00e4l\u00e4isi\u00e4, Seiskalle supatellaan salah\u00e4ist\u00e4.\n<\/p>\n<p>        <\/a><\/p>\n<p>                <img decoding=\"async\" src=\"https:\/\/www.europesays.com\/fi\/wp-content\/uploads\/2026\/09\/2249668.webp\" width=\"576\" height=\"720\" alt=\"Ville vietti aiemmin paljon aikaa my\u00f6s Ven\u00e4j\u00e4ll\u00e4, Nyky\u00e4\u00e4n h\u00e4n asuu ainakin osan ajastaan Georgiassa. Arkistokuva 2024.\" loading=\"lazy\" \/>            <\/p>\n<p>\n            Ville vietti aiemmin paljon aikaa my\u00f6s Ven\u00e4j\u00e4ll\u00e4, Nyky\u00e4\u00e4n h\u00e4n asuu ainakin osan ajastaan Georgiassa. Arkistokuva 2024.<br \/>\n            Timo Korhonen\n        <\/p>\n<p>Laatuaikaa kellon ymp\u00e4ri<\/p>\n<p class=\"article-content article-content-width !bg-background\">Huumori selv\u00e4sti kukkii is\u00e4n ja pojan v\u00e4lill\u00e4. Ville naureskelee videolla, ettei Sisu tainnut tiet\u00e4\u00e4, mihin tuli suostuneeksi. N\u00e4yttelij\u00e4 kertoo kaksikon painaneen hommia kuukauden ajan t\u00e4ysi\u00e4 viikkoja, minimiss\u00e4\u00e4n 12 tuntia p\u00e4iv\u00e4ss\u00e4.\u00a0<\/p>\n<p class=\"article-content article-content-width !bg-background\">\u2013 Yritt\u00e4j\u00e4n el\u00e4m\u00e4 on hienoa, Ville tokaisee.<\/p>\n<p>        <a itemprop=\"url\" href=\"https:\/\/www.seiska.fi\/kotimaa\/ville-haapasalo-aikoo-muuttaa-georgiaan-uutta-tietoa-matkasta\/2123761\" rel=\"nofollow noopener\" target=\"_blank\"><\/p>\n<p>\nVille Haapasalo\n<\/p>\n<p class=\"section-date\">\n        <strong class=\"article-section\" data-section=\"kotimaa\"><br \/>\n            kotimaa<br \/>\n        <\/strong><br \/>\n        8.4. 20:52\n    <\/p>\n<p>Ville Haapasalo aikoo muuttaa Georgiaan: Uutta tietoa matkasta\n    <\/p>\n<p itemprop=\"description\" class=\"subtitle \">\n    Ville paljastaa Instagramissa matkasuunnitelmiaan.\n<\/p>\n<p>        <\/a><\/p>\n<p class=\"article-content article-content-width !bg-background\">Hienoa on sekin, ett\u00e4 yhdess\u00e4 ty\u00f6skentelyn lis\u00e4ksi Ville ja Sisu saavat viett\u00e4\u00e4 runsaasti aikaa yhdess\u00e4 my\u00f6s vapaalla. He nimitt\u00e4in asuvat samassa m\u00f6kiss\u00e4.\u00a0<\/p>\n<p class=\"article-content article-content-width !bg-background\">\u2013 Saamme olla yhdess\u00e4 24 tuntia vuorokaudessa! Taitaa olla niin, etten ole n\u00e4hnyt poikaani n\u00e4in paljon koko h\u00e4nen aikuisi\u00e4ll\u00e4\u00e4n, Ville r\u00e4k\u00e4tt\u00e4\u00e4.\u00a0<\/p>\n<p>Taiteelliset lahjat periytyneet?<\/p>\n<p class=\"article-content article-content-width !bg-background\">Ilmeisesti marjojen pakastaminen ei ole Sisun ainoa intohimo. Ville paljastaa, ett\u00e4 t\u00e4lt\u00e4 on tulossa musiikkia.\u00a0<\/p>\n<p class=\"article-content article-content-width !bg-background\">\u2013 Biisin nimi on Ihan sama, Sisu ilmoittaa.\u00a0<\/p>\n<p class=\"italic m-italic article-content article-content-width !bg-background\">Jos upotus ei toimi, <a href=\"https:\/\/www.instagram.com\/p\/DctoaMZIZIQ\/?hl=fi\" target=\"_blank\" rel=\"nofollow noopener\">voit katsoa julkaisun my\u00f6s t\u00e4\u00e4lt\u00e4<\/a>.<\/p>\n<p><script async src=\"\/\/www.instagram.com\/embed.js\"><\/script><\/p>\n","protected":false},"excerpt":{"rendered":"Timo Korhonen Kuin kaksi marjaa, kuuluu vanha sanonta. T\u00e4ss\u00e4 tapauksessa marjoja on kuitenkin hieman enemm\u00e4n. N\u00e4yttelij\u00e4\u00a0 yll\u00e4tti huhtikuussa,&hellip;\n","protected":false},"author":2,"featured_media":338661,"comment_status":"","ping_status":"","sticky":false,"template":"","format":"standard","meta":{"footnotes":"","_share_on_mastodon":"0"},"categories":[136],"tags":[407,137,1664,33,31,30,8605,1208,408,99,1478,38185,98,1128,32,939,6137,109,15655],"class_list":["post-338660","post","type-post","status-publish","format-standard","has-post-thumbnail","category-julkkikset","tag-celebrities","tag-entertainment","tag-ero","tag-fi","tag-finland","tag-finnish","tag-georgia","tag-haat","tag-julkkikset","tag-lapset","tag-matkailu","tag-munasolujen-pakastus","tag-perhe","tag-poika","tag-suomi","tag-tyo","tag-vaimo","tag-viihde","tag-ville-haapasalo"],"share_on_mastodon":{"url":"https:\/\/pubeurope.com\/@fi\/117195017540961179","error":""},"_links":{"self":[{"href":"https:\/\/www.europesays.com\/fi\/wp-json\/wp\/v2\/posts\/338660","targetHints":{"allow":["GET"]}}],"collection":[{"href":"https:\/\/www.europesays.com\/fi\/wp-json\/wp\/v2\/posts"}],"about":[{"href":"https:\/\/www.europesays.com\/fi\/wp-json\/wp\/v2\/types\/post"}],"author":[{"embeddable":true,"href":"https:\/\/www.europesays.com\/fi\/wp-json\/wp\/v2\/users\/2"}],"replies":[{"embeddable":true,"href":"https:\/\/www.europesays.com\/fi\/wp-json\/wp\/v2\/comments?post=338660"}],"version-history":[{"count":0,"href":"https:\/\/www.europesays.com\/fi\/wp-json\/wp\/v2\/posts\/338660\/revisions"}],"wp:featuredmedia":[{"embeddable":true,"href":"https:\/\/www.europesays.com\/fi\/wp-json\/wp\/v2\/media\/338661"}],"wp:attachment":[{"href":"https:\/\/www.europesays.com\/fi\/wp-json\/wp\/v2\/media?parent=338660"}],"wp:term":[{"taxonomy":"category","embeddable":true,"href":"https:\/\/www.europesays.com\/fi\/wp-json\/wp\/v2\/categories?post=338660"},{"taxonomy":"post_tag","embeddable":true,"href":"https:\/\/www.europesays.com\/fi\/wp-json\/wp\/v2\/tags?post=338660"}],"curies":[{"name":"wp","href":"https:\/\/api.w.org\/{rel}","templated":true}]}}