{"id":338664,"date":"2026-09-01T09:20:08","date_gmt":"2026-09-01T09:20:08","guid":{"rendered":"https:\/\/www.europesays.com\/fi\/338664\/"},"modified":"2026-09-01T09:20:08","modified_gmt":"2026-09-01T09:20:08","slug":"dolly-partonin-viimeinen-kappale-kuullaan-vasta-2040-luvulla-uutissuomalainen","status":"publish","type":"post","link":"https:\/\/www.europesays.com\/fi\/338664\/","title":{"rendered":"Dolly Partonin viimeinen kappale kuullaan vasta 2040-luvulla | Uutissuomalainen"},"content":{"rendered":"<p>Viime viikolla sy\u00f6p\u00e4\u00e4n menehtyneen laulajalegenda <strong>Dolly Partonin <\/strong>viimeinen biisi on visusti lukkojen takana, eik\u00e4 sit\u00e4 kuulla viel\u00e4 pitk\u00e4\u00e4n aikaan, brittilehti Telegraph kertoo.<\/p>\n<p>My Place in History -niminen kappale on tallennettu CD-levyille ja kaseteille, joka lep\u00e4\u00e4v\u00e4t yhdess\u00e4 soittimien kanssa puisessa arkussa Dollywood\u2019s DreamMore Resort &amp; Spa -lomakeskuksessa. <\/p>\n<p>Arkun yhteydess\u00e4 on tiukat ohjeet siit\u00e4, ettei kappaletta saa julkaista ennen tammikuuta 2046, Telegraph kertoo. Tuolloin Partonin syntym\u00e4st\u00e4 tulee kuluneeksi 100 vuotta.<\/p>\n<p>Aikakapseli avataan vuonna 2045 lomakohteen 30-vuotisjuhlien yhteydess\u00e4, <a href=\"https:\/\/variety.com\/2026\/music\/news\/dolly-parton-song-buried-time-capsule-my-place-in-history-1236844669\/\" rel=\"nofollow noopener\" target=\"_blank\">Variety<\/a> kertoo.<\/p>\n<p><strong class=\"diks-storyline__impact\">Parton puhui <\/strong>asiasta Kelly Clarkson Show <a href=\"https:\/\/www.youtube.com\/watch?v=INHV3lvyBfM&amp;t=165s\" rel=\"nofollow noopener\" target=\"_blank\">-ohjelmassa <\/a>vuonna 2022.<\/p>\n<p>\u2013\u2009Et voi kuvitellakaan, kuinka paljon se on vaivannut minua. Haluaisin niin kovasti kaivaa sen esiin. Se on todella hyv\u00e4 kappale, Parton toteaa haastattelussa.<\/p>\n<p>Parton my\u00f6nsi haastattelussa, ettei tied\u00e4, onko kappale en\u00e4\u00e4 kuunneltavissa, kun on aika nostaa se esiin.<\/p>\n<p>\u2013\u2009Minua h\u00e4iritsee ajatus siit\u00e4, ett\u00e4 se on biisi, jota kukaan ei tule koskaan kuulemaan ja se m\u00e4t\u00e4nee sinne ennen kuin he avaavat sen.<\/p>\n<p>Parton kuoli 25. elokuuta 80-vuotiaana.<\/p>\n","protected":false},"excerpt":{"rendered":"Viime viikolla sy\u00f6p\u00e4\u00e4n menehtyneen laulajalegenda Dolly Partonin viimeinen biisi on visusti lukkojen takana, eik\u00e4 sit\u00e4 kuulla viel\u00e4 pitk\u00e4\u00e4n&hellip;\n","protected":false},"author":2,"featured_media":338665,"comment_status":"","ping_status":"","sticky":false,"template":"","format":"standard","meta":{"footnotes":"","_share_on_mastodon":"0"},"categories":[130],"tags":[138,137,33,31,30,683,525,47,141,1223,32,484,109],"class_list":["post-338664","post","type-post","status-publish","format-standard","has-post-thumbnail","category-viihde","tag-audio","tag-entertainment","tag-fi","tag-finland","tag-finnish","tag-kuolema","tag-laulaminen-ja-laulajat","tag-musiikki","tag-muusikot-bandit","tag-popmusiikki","tag-suomi","tag-taiteellinen-ilmaisu-ja-mediat","tag-viihde"],"share_on_mastodon":{"url":"https:\/\/pubeurope.com\/@fi\/117195048616350639","error":""},"_links":{"self":[{"href":"https:\/\/www.europesays.com\/fi\/wp-json\/wp\/v2\/posts\/338664","targetHints":{"allow":["GET"]}}],"collection":[{"href":"https:\/\/www.europesays.com\/fi\/wp-json\/wp\/v2\/posts"}],"about":[{"href":"https:\/\/www.europesays.com\/fi\/wp-json\/wp\/v2\/types\/post"}],"author":[{"embeddable":true,"href":"https:\/\/www.europesays.com\/fi\/wp-json\/wp\/v2\/users\/2"}],"replies":[{"embeddable":true,"href":"https:\/\/www.europesays.com\/fi\/wp-json\/wp\/v2\/comments?post=338664"}],"version-history":[{"count":0,"href":"https:\/\/www.europesays.com\/fi\/wp-json\/wp\/v2\/posts\/338664\/revisions"}],"wp:featuredmedia":[{"embeddable":true,"href":"https:\/\/www.europesays.com\/fi\/wp-json\/wp\/v2\/media\/338665"}],"wp:attachment":[{"href":"https:\/\/www.europesays.com\/fi\/wp-json\/wp\/v2\/media?parent=338664"}],"wp:term":[{"taxonomy":"category","embeddable":true,"href":"https:\/\/www.europesays.com\/fi\/wp-json\/wp\/v2\/categories?post=338664"},{"taxonomy":"post_tag","embeddable":true,"href":"https:\/\/www.europesays.com\/fi\/wp-json\/wp\/v2\/tags?post=338664"}],"curies":[{"name":"wp","href":"https:\/\/api.w.org\/{rel}","templated":true}]}}