{"id":338670,"date":"2026-09-01T09:25:08","date_gmt":"2026-09-01T09:25:08","guid":{"rendered":"https:\/\/www.europesays.com\/fi\/338670\/"},"modified":"2026-09-01T09:25:08","modified_gmt":"2026-09-01T09:25:08","slug":"labissa-alkoi-lakko-myos-lappeenrannassa-osa-opetusta-ja-ohjausta-jaa-toteutumatta-paikalliset","status":"publish","type":"post","link":"https:\/\/www.europesays.com\/fi\/338670\/","title":{"rendered":"LABissa alkoi lakko my\u00f6s Lappeenrannassa, osa opetusta ja ohjausta j\u00e4\u00e4 toteutumatta | Paikalliset"},"content":{"rendered":"<p>OAJ:n ty\u00f6taistelut jatkuvat syyskuussa, jos ty\u00f6riitaan ei saada ratkaisua.<\/p>\n<p>LAB-ammattikorkeakoulussa alkoi maanantaina kolmip\u00e4iv\u00e4inen lakko. Ty\u00f6nseisaus koskee kaikkia OAJ:n j\u00e4seni\u00e4. Ty\u00f6taistelun syyn\u00e4 on ammattikorkeakoulujen ty\u00f6riita, johon ei ole saatu ratkaisua kes\u00e4tauon j\u00e4lkeen.<\/p>\n<p>OAJ on kertonut, ett\u00e4 sen tavoitteena on saada ty\u00f6nantaja tasoittamaan palkkaeroja sek\u00e4 rakentaa uusi selke\u00e4 ja oikeudenmukainen palkkausj\u00e4rjestelm\u00e4.<\/p>\n","protected":false},"excerpt":{"rendered":"OAJ:n ty\u00f6taistelut jatkuvat syyskuussa, jos ty\u00f6riitaan ei saada ratkaisua. LAB-ammattikorkeakoulussa alkoi maanantaina kolmip\u00e4iv\u00e4inen lakko. Ty\u00f6nseisaus koskee kaikkia OAJ:n&hellip;\n","protected":false},"author":2,"featured_media":338671,"comment_status":"","ping_status":"","sticky":false,"template":"","format":"standard","meta":{"footnotes":"","_share_on_mastodon":"0"},"categories":[12],"tags":[22,23,26,27,33,31,30,17,96,1801,1446,24,25,28,29,15,18,952,21,32,19,20,2371,860,862,16],"class_list":["post-338670","post","type-post","status-publish","format-standard","has-post-thumbnail","category-suomi","tag-breaking-news","tag-breakingnews","tag-featured-news","tag-featurednews","tag-fi","tag-finland","tag-finnish","tag-headlines","tag-koulutus","tag-lahti","tag-lappeenranta","tag-latest-news","tag-latestnews","tag-main-news","tag-mainnews","tag-news","tag-otsikot","tag-oulu","tag-paauutiset","tag-suomi","tag-top-stories","tag-topstories","tag-tyo-ja-raha","tag-tyoelama","tag-tyollisyys","tag-uutiset"],"share_on_mastodon":{"url":"https:\/\/pubeurope.com\/@fi\/117195068328720017","error":""},"_links":{"self":[{"href":"https:\/\/www.europesays.com\/fi\/wp-json\/wp\/v2\/posts\/338670","targetHints":{"allow":["GET"]}}],"collection":[{"href":"https:\/\/www.europesays.com\/fi\/wp-json\/wp\/v2\/posts"}],"about":[{"href":"https:\/\/www.europesays.com\/fi\/wp-json\/wp\/v2\/types\/post"}],"author":[{"embeddable":true,"href":"https:\/\/www.europesays.com\/fi\/wp-json\/wp\/v2\/users\/2"}],"replies":[{"embeddable":true,"href":"https:\/\/www.europesays.com\/fi\/wp-json\/wp\/v2\/comments?post=338670"}],"version-history":[{"count":0,"href":"https:\/\/www.europesays.com\/fi\/wp-json\/wp\/v2\/posts\/338670\/revisions"}],"wp:featuredmedia":[{"embeddable":true,"href":"https:\/\/www.europesays.com\/fi\/wp-json\/wp\/v2\/media\/338671"}],"wp:attachment":[{"href":"https:\/\/www.europesays.com\/fi\/wp-json\/wp\/v2\/media?parent=338670"}],"wp:term":[{"taxonomy":"category","embeddable":true,"href":"https:\/\/www.europesays.com\/fi\/wp-json\/wp\/v2\/categories?post=338670"},{"taxonomy":"post_tag","embeddable":true,"href":"https:\/\/www.europesays.com\/fi\/wp-json\/wp\/v2\/tags?post=338670"}],"curies":[{"name":"wp","href":"https:\/\/api.w.org\/{rel}","templated":true}]}}