{"id":338672,"date":"2026-09-01T09:26:13","date_gmt":"2026-09-01T09:26:13","guid":{"rendered":"https:\/\/www.europesays.com\/fi\/338672\/"},"modified":"2026-09-01T09:26:13","modified_gmt":"2026-09-01T09:26:13","slug":"kaksi-miesta-yritti-tappaa-15-vuotiaan-forssassa-toinen-puukotti-toinen-piti-kiinni-kotimaa","status":"publish","type":"post","link":"https:\/\/www.europesays.com\/fi\/338672\/","title":{"rendered":"Kaksi miest\u00e4 yritti tappaa 15-vuotiaan Forssassa \u2013 toinen puukotti, toinen piti kiinni | Kotimaa"},"content":{"rendered":"<p class=\"aw__sc-1qwuw0s-0 aw__sc-1vg2sqm-0 epAWpq ecELkD yle__article__paragraph\">Kahden seurueen v\u00e4linen sanaharkka johti lyhyeen tappeluun. Uhri sai puukosta kolme kertaa.<\/p>\n<p><img decoding=\"async\" alt=\"Punatiilinen rakennus kuvattu alhaalta yl\u00f6s kohti taivasta. Talon sein\u00e4ss\u00e4 olevat isot kirjaimet muodotavat sanan oikeustalo. \" src=\"https:\/\/www.europesays.com\/fi\/wp-content\/uploads\/2026\/09\/1788246187.jpeg\" class=\"aw__sc-dklauk-0 LPzKX\"\/><\/p>\n<p>Avaa kuvien katselu<\/p>\n<p>Kanta-H\u00e4meen k\u00e4r\u00e4j\u00e4oikeus antoi tuomion kahdelle miehelle tapon yrityksest\u00e4 eilen maanantaina. Kuva: Tiina Kokko \/ Yle<\/p>\n<ul class=\"aw__sc-1yb43iq-0 gFXHv yle__article__list yle__article__list--ul\">\n<li class=\"aw__sc-1yb43iq-1 gVAzbt\">Kanta-H\u00e4meen k\u00e4r\u00e4j\u00e4oikeus tuomitsi kaksi miest\u00e4 tapon yrityksest\u00e4. He olivat teon aikaan 18 ja 21 vuotta. Uhrina oli 15-vuotias.<\/li>\n<li class=\"aw__sc-1yb43iq-1 gVAzbt\">Joulukuussa Forssassa nuorempi piti 15-vuotiasta kiinni ja vanhempi puukotti poikaa kolme kertaa takaa. Uhri sai vammoja.<\/li>\n<li class=\"aw__sc-1yb43iq-1 gVAzbt\">Oikeus katsoi molemmat syyllisiksi, koska he toimivat yhdess\u00e4. Tuomiot olivat 2 ja 3,5 vuotta vankeutta. Tuomio ei ole lainvoimainen.<\/li>\n<\/ul>\n<p class=\"aw__sc-1qwuw0s-0 aw__sc-ngllmo-0 epAWpq fzYpjk yle__article__paragraph\">Kanta-H\u00e4meen k\u00e4r\u00e4j\u00e4oikeus on tuominnut tekoaikaan 18- ja 21-vuotiaat miehet 15-vuotiaan pojan tapon yrityksest\u00e4.<\/p>\n<p class=\"aw__sc-1qwuw0s-0 aw__sc-ngllmo-0 epAWpq fzYpjk yle__article__paragraph\">21-vuotias sai rangaistuksekseen 3 vuotta ja 9 kuukautta vankeutta. Nuoremman tuomio on 2 vuotta ja 2 kuukautta vankeutta.<\/p>\n<p class=\"aw__sc-1qwuw0s-0 aw__sc-ngllmo-0 epAWpq fzYpjk yle__article__paragraph\">V\u00e4kivallanteko <a class=\"aw__sc-ngllmo-1 bTDnwX yle__article__link\" href=\"https:\/\/yle.fi\/a\/74-20198677?utm_medium=social&amp;utm_source=copy-link-share\" role=\"link\" rel=\"nofollow noopener\" target=\"_blank\">tapahtui Forssassa vuoden 2025 joulukuussa<\/a>, kun kaksi seuruetta kohtasi l\u00e4hell\u00e4 paikallista koulua.<\/p>\n<p class=\"aw__sc-1qwuw0s-0 aw__sc-ngllmo-0 epAWpq fzYpjk yle__article__paragraph\">Seurueiden v\u00e4lill\u00e4 oli ollut j\u00e4nnitteit\u00e4 ja huutelua tapahtumap\u00e4iv\u00e4n\u00e4 ennen kohtaamista.<\/p>\n<p class=\"aw__sc-1qwuw0s-0 aw__sc-ngllmo-0 epAWpq fzYpjk yle__article__paragraph\">18- ja 21-vuotiaat olivat vahvasti p\u00e4ihtyneit\u00e4 joulukuisena iltana.<\/p>\n<p class=\"aw__sc-1qwuw0s-0 aw__sc-ngllmo-0 epAWpq fzYpjk yle__article__paragraph\">Tuomitut ja heid\u00e4n seurueensa ovat kertoneet esitutkinnassa, ett\u00e4 heill\u00e4 oli erimielisyyksi\u00e4 ulkomaalaistaustaisen seurueen kanssa.<\/p>\n<p class=\"aw__sc-1qwuw0s-0 aw__sc-ngllmo-0 epAWpq fzYpjk yle__article__paragraph\">Todistajien kertomukset p\u00e4iv\u00e4n ja illan kulusta olivat eri\u00e4v\u00e4iset.<\/p>\n<p class=\"aw__sc-1qwuw0s-0 aw__sc-ngllmo-0 epAWpq fzYpjk yle__article__paragraph\">Tuomitut olivat varautuneet kohtaamiseen puukolla ja metalliputkella. Toisesta seurueesta yhdell\u00e4 oli mukanaan kadulta l\u00f6ytynyt muovinen keppi.<\/p>\n<p><img decoding=\"async\" alt=\"Ison kiviverhoillun talon p\u00e4\u00e4sis\u00e4\u00e4nk\u00e4ynti. Sis\u00e4\u00e4nk\u00e4ynnin yl\u00e4puolella oikeustalo-kyltt.\" src=\"https:\/\/www.europesays.com\/fi\/wp-content\/uploads\/2026\/09\/1728646135.jpeg\" class=\"aw__sc-dklauk-0 LPzKX\"\/><\/p>\n<p class=\"aw__sc-1qwuw0s-0 aw__sc-ngllmo-0 epAWpq fzYpjk yle__article__paragraph\">K\u00e4r\u00e4j\u00e4oikeus katsoi, ett\u00e4 tuomituista nuorempi aloitti toiseen seurueeseen kohdistuneen v\u00e4kivallan.<\/p>\n<p class=\"aw__sc-1qwuw0s-0 aw__sc-ngllmo-0 epAWpq fzYpjk yle__article__paragraph\">Kohtaaminen koululla p\u00e4\u00e4tyi siihen, ett\u00e4 nuorempi tuomituista oli ollut maassa ja uhri h\u00e4nen p\u00e4\u00e4ll\u00e4\u00e4n.<\/p>\n<p class=\"aw__sc-1qwuw0s-0 aw__sc-ngllmo-0 epAWpq fzYpjk yle__article__paragraph\">Uhri nousi heti yl\u00f6s, mutta nuorempi piti uhrista kiinni ja vanhempi puukotti 15-vuotiasta kolme kertaa takaa p\u00e4in.<\/p>\n<p class=\"aw__sc-1qwuw0s-0 aw__sc-ngllmo-0 epAWpq fzYpjk yle__article__paragraph\">Nuorempi mies kiisti kiinnipit\u00e4misen. Nuoremman tuomitun mukaan mukaan my\u00f6s h\u00e4neen kohdistui v\u00e4kivaltaa uhrin seurueen puolelta.<\/p>\n<p class=\"aw__sc-1qwuw0s-0 aw__sc-ngllmo-0 epAWpq fzYpjk yle__article__paragraph\">15-vuotias uhri sai kolmesta puukoniskusta muun muassa haavoja ja sis\u00e4isi\u00e4 vammoja.<\/p>\n<p class=\"aw__sc-1qwuw0s-0 aw__sc-ngllmo-0 epAWpq fzYpjk yle__article__paragraph\">Tappelutilanne kesti alle minuutin. Lopulta seurueiden j\u00e4senet olivat l\u00e4hteneet juoksemaan eri suuntiin.<\/p>\n<p class=\"aw__sc-1qwuw0s-0 aw__sc-ngllmo-0 epAWpq fzYpjk yle__article__paragraph\">Uhrin seurueesta soitettiin h\u00e4t\u00e4keskukseen. Poliisi otti 18- ja 21-vuotiaan kiinni l\u00e4helt\u00e4 tekopaikkaa.<\/p>\n<p>Miehet toimivat yhdess\u00e4<\/p>\n<p class=\"aw__sc-1qwuw0s-0 aw__sc-ngllmo-0 epAWpq fzYpjk yle__article__paragraph\">Vanhempi tuomituista vetosi siihen, ett\u00e4 h\u00e4n suojeli nuorempaa yst\u00e4v\u00e4\u00e4ns\u00e4 ja itse\u00e4\u00e4n. K\u00e4r\u00e4j\u00e4oikeuden mukaan nuoremman vammat eiv\u00e4t tue k\u00e4sityst\u00e4 h\u00e4neen v\u00e4itetysti kohdistetusta voimakkaasta v\u00e4kivallasta.<\/p>\n<p class=\"aw__sc-1qwuw0s-0 aw__sc-ngllmo-0 epAWpq fzYpjk yle__article__paragraph\">K\u00e4r\u00e4j\u00e4oikeus katsoi, ettei kysymyksess\u00e4 ollut h\u00e4t\u00e4varjelun liioittelu.<\/p>\n<p class=\"aw__sc-1qwuw0s-0 aw__sc-ngllmo-0 epAWpq fzYpjk yle__article__paragraph\">Nuorempi ei ly\u00f6nyt uhria puukolla. Oikeudessa arvioitavaksi j\u00e4i, toimiko nuorempi vanhemman tekij\u00e4kumppanina tai v\u00e4hint\u00e4\u00e4n avunantajana.<\/p>\n<p class=\"aw__sc-1qwuw0s-0 aw__sc-ngllmo-0 epAWpq fzYpjk yle__article__paragraph\">Molemmat olivat menneet tilanteeseen valmistautuneina kohdistamaan uhrin seurueeseen v\u00e4kivaltaa. Vanhempi otti mukaan puukon, nuorempi otti metalliputken. Merkityksellist\u00e4 oikeuden mukaan oli my\u00f6s se, ett\u00e4 nuorempi piti uhrista kiinni est\u00e4en t\u00e4m\u00e4n pakenemisen-<\/p>\n<p class=\"aw__sc-1qwuw0s-0 aw__sc-ngllmo-0 epAWpq fzYpjk yle__article__paragraph\">K\u00e4r\u00e4j\u00e4oikeus katsoi miesten toimineen yhdess\u00e4 ja molempien syyksi luettiin tapon yritys.<\/p>\n<p class=\"aw__sc-1qwuw0s-0 aw__sc-ngllmo-0 epAWpq fzYpjk yle__article__paragraph\">Tuomitut velvoitettiin yhteisvastuullisesti korvaamaan 15-vuotiaalle uhrille l\u00e4hes 20\u00a0000 euroa.<\/p>\n<p class=\"aw__sc-1qwuw0s-0 aw__sc-ngllmo-0 epAWpq fzYpjk yle__article__paragraph\">Lis\u00e4ksi tuomittujen korvattavaksi j\u00e4\u00e4 uhrin oikeudenk\u00e4yntikulut, noin 7\u00a0500 euroa.<\/p>\n<p class=\"aw__sc-1qwuw0s-0 aw__sc-ngllmo-0 epAWpq fzYpjk yle__article__paragraph\">K\u00e4r\u00e4j\u00e4oikeuden tuomio ei ole lainvoimainen.<\/p>\n","protected":false},"excerpt":{"rendered":"Kahden seurueen v\u00e4linen sanaharkka johti lyhyeen tappeluun. Uhri sai puukosta kolme kertaa. Avaa kuvien katselu Kanta-H\u00e4meen k\u00e4r\u00e4j\u00e4oikeus antoi&hellip;\n","protected":false},"author":2,"featured_media":338673,"comment_status":"","ping_status":"","sticky":false,"template":"","format":"standard","meta":{"footnotes":"","_share_on_mastodon":"0"},"categories":[5],"tags":[22,23,26,27,33,31,30,2909,17,1794,12523,71,24,25,28,29,15,18,21,1726,581,32,19,20,1727,16,37,8170],"class_list":["post-338672","post","type-post","status-publish","format-standard","has-post-thumbnail","category-otsikot","tag-breaking-news","tag-breakingnews","tag-featured-news","tag-featurednews","tag-fi","tag-finland","tag-finnish","tag-forssa","tag-headlines","tag-kanta-hame","tag-karajaoikeudet","tag-kotimaa","tag-latest-news","tag-latestnews","tag-main-news","tag-mainnews","tag-news","tag-otsikot","tag-paauutiset","tag-rangaistukset","tag-rikokset","tag-suomi","tag-top-stories","tag-topstories","tag-tuomiot","tag-uutiset","tag-vakivaltarikokset","tag-vankeus"],"share_on_mastodon":{"url":"https:\/\/pubeurope.com\/@fi\/117195072826572672","error":""},"_links":{"self":[{"href":"https:\/\/www.europesays.com\/fi\/wp-json\/wp\/v2\/posts\/338672","targetHints":{"allow":["GET"]}}],"collection":[{"href":"https:\/\/www.europesays.com\/fi\/wp-json\/wp\/v2\/posts"}],"about":[{"href":"https:\/\/www.europesays.com\/fi\/wp-json\/wp\/v2\/types\/post"}],"author":[{"embeddable":true,"href":"https:\/\/www.europesays.com\/fi\/wp-json\/wp\/v2\/users\/2"}],"replies":[{"embeddable":true,"href":"https:\/\/www.europesays.com\/fi\/wp-json\/wp\/v2\/comments?post=338672"}],"version-history":[{"count":0,"href":"https:\/\/www.europesays.com\/fi\/wp-json\/wp\/v2\/posts\/338672\/revisions"}],"wp:featuredmedia":[{"embeddable":true,"href":"https:\/\/www.europesays.com\/fi\/wp-json\/wp\/v2\/media\/338673"}],"wp:attachment":[{"href":"https:\/\/www.europesays.com\/fi\/wp-json\/wp\/v2\/media?parent=338672"}],"wp:term":[{"taxonomy":"category","embeddable":true,"href":"https:\/\/www.europesays.com\/fi\/wp-json\/wp\/v2\/categories?post=338672"},{"taxonomy":"post_tag","embeddable":true,"href":"https:\/\/www.europesays.com\/fi\/wp-json\/wp\/v2\/tags?post=338672"}],"curies":[{"name":"wp","href":"https:\/\/api.w.org\/{rel}","templated":true}]}}