{"id":338678,"date":"2026-09-01T09:46:12","date_gmt":"2026-09-01T09:46:12","guid":{"rendered":"https:\/\/www.europesays.com\/fi\/338678\/"},"modified":"2026-09-01T09:46:12","modified_gmt":"2026-09-01T09:46:12","slug":"tampere-jazz-happeningin-ohjelma-julki-uutiset","status":"publish","type":"post","link":"https:\/\/www.europesays.com\/fi\/338678\/","title":{"rendered":"Tampere Jazz Happeningin ohjelma julki &#8211; Uutiset"},"content":{"rendered":"<p>          1.9.2026 12:00<\/p>\n<p>&#13;<br \/>\n<strong>Pyh\u00e4inp\u00e4iv\u00e4n\u00e4 viikonloppuna 45. kerran j\u00e4rjestett\u00e4v\u00e4ll\u00e4 Tampere Jazz Happeningilla on kunnia avata uudistetun Tullikamarin ovet yleis\u00f6lle. Festivaalin uuden taiteellisen johtajan Martyna van Nieuwlandin kokoamassa ohjelmassa on teemamaana Alankomaat. Hollantilaista musiikkia kuullaan sek\u00e4 torstain 29.10. avajaiskonsertissa Klubilla ett\u00e4 viikonlopun Pakkahuoneen konserteissa.  <\/strong><\/p>\n<p>Netherjazz-avajaiskonsertin uusia, nousevia nimi\u00e4 esittelev\u00e4ss\u00e4 ohjelmistossa kuullaan kolmea yhtyett\u00e4, joita yhdist\u00e4\u00e4 elektronisen musiikin ja jazzin ennakkoluuloton yhdistely sek\u00e4 hollantilaisen jazzin monimuotoisuus ja kansainv\u00e4lisyys. Tilaisuudessa esiintyv\u00e4t triot Neon River ja Raw Fish sek\u00e4 bolivialaistaustaisen artistin <strong>Ibelisse Guardia Ferraguttin <\/strong>johtama sekstetti AWICHAS. Klubilla j\u00e4rjestett\u00e4v\u00e4\u00e4n konserttiin on vapaa p\u00e4\u00e4sy.<\/p>\n<p>Perjantaina 30.10. aukeavat ensimm\u00e4ist\u00e4 kertaa Pakkahuoneen ovet. Palkintoseremoniassa jaetaan Suomen arvostetuin jazzmuusikolle my\u00f6nnett\u00e4v\u00e4 tunnustus, Suomen Jazzliiton Yrj\u00f6-palkinto sek\u00e4 palkitaan muita alan ansioituneita tekij\u00f6it\u00e4. Palkintojenjaon p\u00e4\u00e4tteeksi Yrj\u00f6-palkinnon voittaja esiintyy. <\/p>\n<p>Varsinaisen konserttiohjelman aloittaa Cosmic Ear, joka rakentaa er\u00e4\u00e4nlaisen jatkumon viime vuoden festivaaliin: viime vuoden kansainv\u00e4lisen ohjelman p\u00e4\u00e4tt\u00e4nyt <strong>Goran Kajfe\u0161<\/strong> palaa nyt lavalle k\u00e4ynnist\u00e4m\u00e4\u00e4n Happeningin 45. juhlavuoden viikonlopun. Cosmic Ear on ruotsalaisen jazzin superyhtye, jossa Kajfe\u0161in rinnalla soittavat mm. Tampereen yleis\u00f6lle monista yhteyksist\u00e4 tuttu <strong>Mats Gustafsson<\/strong> sek\u00e4 <strong>Don Cherrynkin<\/strong> kanssa esiintynyt ja levytt\u00e4nyt <strong>Christer Both\u00e9n<\/strong>. Illan muut esiintyj\u00e4t ovat <strong>Tomasz D\u0105browski<\/strong> &amp; The Individual Beings, joka saa solistikseen <strong>Johanna Elina Sulkusen<\/strong>, sek\u00e4 hollantilais-yhdysvaltalais-bolivialainen MESTIZX, jonka laulajana on avajaiskonsertissakin esiintyv\u00e4 Ibelisse Guardia Ferragutti.<\/p>\n<p>Telakka t\u00e4yttyy festivaaliviikonloppuna tuttuun tapaan kotimaisesta jazzista. Perjantaina esiintyv\u00e4t <strong>Linda Fredrikssonin<\/strong>, <strong>Laura Naukkarisen<\/strong> ja <strong>Matti Byen<\/strong> muodostama Kiri Ra!, laulaja <strong>Anna Dantchevin<\/strong> johtama Dantchev: Domain ja kotimaisen elektrojazzin kiintot\u00e4hti RinneRadio.<\/p>\n<p>Lauantaina Pakkahuoneella soi el\u00e4v\u00e4 musiikki kahden konserttitilaisuuden ja kuuden yhtyeen voimin. P\u00e4iv\u00e4tilaisuudessa kuullaan pianistivetoisia yhtyeit\u00e4, kuubalaisen <strong>Aru\u00e1n Ortizin<\/strong> I\u2019ve Known Rivers Trioa ja sveitsil\u00e4isen <strong>Colin Vallonin<\/strong> trioa. Lis\u00e4ksi juhlistetaan Jazz Suomi 100 -vuotta <strong>Mikko Innasen<\/strong> Juhlayhtyeen johdolla, solistivierainaan <strong>Selma Savolainen<\/strong>, <strong>Juhani Aaltonen<\/strong> ja <strong>Adele Sauros<\/strong>.<\/p>\n<p>Iltatilaisuuden aluksi matkataan Kaukoit\u00e4\u00e4n, kun hollantilaisfonisti <strong>Benjamin Hermanin <\/strong>trio yhdist\u00e4\u00e4 voimansa japanilaisen <strong>Tomoaki Baban<\/strong> kanssa ja tuo lavalle Tokion melun, nopean rytmin ja omaleimaisen ilmapiirin. Ranskalaisyhtye Kolingan johtajana toimii muusikko, kirjailija, s\u00e4velt\u00e4j\u00e4 ja laulaja <strong>R\u00e9becca M\u2019Boungou<\/strong>. Illan viimeinen kokoonpano tuo kuultavaksi harvinaisempia soittimia, <strong>Manu Delagon<\/strong> handpanin sek\u00e4 <strong>Max ZT<\/strong>:n dulcimerin. <\/p>\n<p>Telakalla soittavat lauantaina s\u00e4hk\u00f6kitaristi <strong>Jukka K\u00e4\u00e4ri\u00e4inen<\/strong> ja argentiinalaisfonisti <strong>Camila Nebbia<\/strong>, kitaristi<strong> Raoul Bj\u00f6rkenheim <\/strong>ja norjalaisrumpali <strong>Paal Nilssen-Love<\/strong> sek\u00e4 <strong>Anni Elifin<\/strong>, <strong>Pauli Lyytisen<\/strong> ja <strong>Olavi Louhivuoren<\/strong> yhtye Elifantree.<\/p>\n<p>Sunnuntaina Pakkahuoneen ohjelman avaa norjalais-hollantilainen Beiggja, joka n\u00e4hd\u00e4\u00e4n nyt ensi kertaa Suomessa. Ranskalainen kontrabasisti <strong>Claude Tchamitchian <\/strong>tuo Vapaat \u00e4\u00e4net -kiertuetoiminnan 30-vuotista taivalta juhlistavaan konserttiin yhtyeens\u00e4 Poetic Power. Pakkahuoneen kansainv\u00e4lisen ohjelman huipentaa yhdysvaltalainen vibrafonisti <strong>Joel Ross<\/strong> uuden Gospel Music -projektinsa kanssa.<\/p>\n<p>Sunnuntai-iltana jazz tekee viel\u00e4 paluun Klubille, kun p\u00e4\u00e4t\u00f6skonsertissa p\u00e4\u00e4st\u00e4\u00e4n nauttimaan ranskalais-kolumbialaisen \u00a1Ya Voy! -yhtyeen tarjoilemista keinuvista rytmeist\u00e4. P\u00e4\u00e4t\u00f6skonserttiin on vapaa p\u00e4\u00e4sy.<\/p>\n<p><a href=\"https:\/\/www.tiketti.fi\/tampere-jazz-happening-2026-pakkahuone-klubi-ja-telakka-lippuja\/120322\" class=\"buy\" rel=\"nofollow noopener\" target=\"_blank\">Osta lippu<\/a><\/p>\n","protected":false},"excerpt":{"rendered":"1.9.2026 12:00 &#13; Pyh\u00e4inp\u00e4iv\u00e4n\u00e4 viikonloppuna 45. kerran j\u00e4rjestett\u00e4v\u00e4ll\u00e4 Tampere Jazz Happeningilla on kunnia avata uudistetun Tullikamarin ovet yleis\u00f6lle.&hellip;\n","protected":false},"author":2,"featured_media":338679,"comment_status":"","ping_status":"","sticky":false,"template":"","format":"standard","meta":{"footnotes":"","_share_on_mastodon":"0"},"categories":[130],"tags":[16941,137,23940,33,31,30,23941,8972,4810,6746,23938,23937,32,11758,1667,23939,109],"class_list":["post-338678","post","type-post","status-publish","format-standard","has-post-thumbnail","category-viihde","tag-bileet","tag-entertainment","tag-entrance-fee","tag-fi","tag-finland","tag-finnish","tag-gigs","tag-keikat","tag-keikka","tag-lippu","tag-lippuja","tag-liput","tag-suomi","tag-tapahtuma","tag-tapahtumat","tag-tickets","tag-viihde"],"share_on_mastodon":{"url":"https:\/\/pubeurope.com\/@fi\/117195150912158994","error":""},"_links":{"self":[{"href":"https:\/\/www.europesays.com\/fi\/wp-json\/wp\/v2\/posts\/338678","targetHints":{"allow":["GET"]}}],"collection":[{"href":"https:\/\/www.europesays.com\/fi\/wp-json\/wp\/v2\/posts"}],"about":[{"href":"https:\/\/www.europesays.com\/fi\/wp-json\/wp\/v2\/types\/post"}],"author":[{"embeddable":true,"href":"https:\/\/www.europesays.com\/fi\/wp-json\/wp\/v2\/users\/2"}],"replies":[{"embeddable":true,"href":"https:\/\/www.europesays.com\/fi\/wp-json\/wp\/v2\/comments?post=338678"}],"version-history":[{"count":0,"href":"https:\/\/www.europesays.com\/fi\/wp-json\/wp\/v2\/posts\/338678\/revisions"}],"wp:featuredmedia":[{"embeddable":true,"href":"https:\/\/www.europesays.com\/fi\/wp-json\/wp\/v2\/media\/338679"}],"wp:attachment":[{"href":"https:\/\/www.europesays.com\/fi\/wp-json\/wp\/v2\/media?parent=338678"}],"wp:term":[{"taxonomy":"category","embeddable":true,"href":"https:\/\/www.europesays.com\/fi\/wp-json\/wp\/v2\/categories?post=338678"},{"taxonomy":"post_tag","embeddable":true,"href":"https:\/\/www.europesays.com\/fi\/wp-json\/wp\/v2\/tags?post=338678"}],"curies":[{"name":"wp","href":"https:\/\/api.w.org\/{rel}","templated":true}]}}