{"id":338690,"date":"2026-09-01T10:17:12","date_gmt":"2026-09-01T10:17:12","guid":{"rendered":"https:\/\/www.europesays.com\/fi\/338690\/"},"modified":"2026-09-01T10:17:12","modified_gmt":"2026-09-01T10:17:12","slug":"mikkelin-musiikkijuhlille-myytiin-enemman-lippuja-kuin-koskaan-mutta-talous-jai-silti-miinukselle-etela-savo","status":"publish","type":"post","link":"https:\/\/www.europesays.com\/fi\/338690\/","title":{"rendered":"Mikkelin musiikkijuhlille\u00ad myytiin enemm\u00e4n lippuja kuin koskaan, mutta talous j\u00e4i silti miinukselle | Etel\u00e4-Savo"},"content":{"rendered":"<p class=\"aw__sc-1qwuw0s-0 aw__sc-1vg2sqm-0 epAWpq ecELkD yle__article__paragraph\">Musiikkijuhlien lippujen hintoja tuskin nostetaan, vaikka rahasta on pulaa.<\/p>\n<p><img decoding=\"async\" alt=\"Nainen ja mies seisovat k\u00e4si k\u00e4dess\u00e4 orkesterin ja musiikki-instrumenttien edess\u00e4 konserttisalissa.\" src=\"https:\/\/www.europesays.com\/fi\/wp-content\/uploads\/2026\/09\/1788191202.jpeg\" class=\"aw__sc-dklauk-0 LPzKX\"\/><\/p>\n<p>Avaa kuvien katselu<\/p>\n<p>Gabriela Montero esiintyi musiikkijuhlilla yhdess\u00e4 Santtu-Matias Rouvalin johtaman Philharmonia -orkesterin kanssa. Kuva: Ville Hautakangas \/ Mikkelin Musiikkijuhlat<\/p>\n<p class=\"aw__sc-1qwuw0s-0 aw__sc-ngllmo-0 epAWpq fzYpjk yle__article__paragraph\">Mikkelin musiikkijuhlat teki t\u00e4n\u00e4 kes\u00e4n\u00e4 lipunmyyntienn\u00e4tyksen jo toista kertaa putkeen.<\/p>\n<p class=\"aw__sc-1qwuw0s-0 aw__sc-ngllmo-0 epAWpq fzYpjk yle__article__paragraph\">Yhteens\u00e4 46 tilaisuuteen myytiin 5\u00a0600 lippua, mik\u00e4 on 550 enemm\u00e4n kuin edellisvuonna. Lipputuloja saatiin festivaalijohtaja <strong class=\"aw__sc-ngllmo-2 gdRrun yle__article__strong\">Mirva Helskeen<\/strong> mukaan noin 20 prosenttia viime vuotta enemm\u00e4n.<\/p>\n<p class=\"aw__sc-1qwuw0s-0 aw__sc-ngllmo-0 epAWpq fzYpjk yle__article__paragraph\">Elokuun alussa j\u00e4rjestetty perinteik\u00e4s festivaali joutui t\u00e4n\u00e4 vuonna karsimaan ohjelmistoaan, koska tapahtuman s\u00e4\u00e4ti\u00f6avustusten m\u00e4\u00e4r\u00e4 laski merkitt\u00e4v\u00e4sti.<\/p>\n<p class=\"aw__sc-1qwuw0s-0 aw__sc-ngllmo-0 epAWpq fzYpjk yle__article__paragraph\">Lipunmyyntienn\u00e4tyksest\u00e4 huolimatta musiikkijuhlat j\u00e4\u00e4 taloudellisesti hieman tappiolle. Helskeen mukaan suuri osa festivaalin kustannuksista katetaan lipputuloilla.<\/p>\n<p class=\"aw__sc-1qwuw0s-0 aw__sc-ngllmo-0 epAWpq fzYpjk yle__article__paragraph\">\u2013 Hyvin harvalla klassisen musiikin tapahtumalla on n\u00e4in \u00e4lyt\u00f6n omarahoituksen osuus.<\/p>\n<p class=\"aw__sc-1qwuw0s-0 aw__sc-ngllmo-0 epAWpq fzYpjk yle__article__paragraph\">Helskeen mukaan kuluja ei pysty juuri enemp\u00e4\u00e4 karsimaan.<\/p>\n<p class=\"aw__sc-1qwuw0s-0 aw__sc-ngllmo-0 epAWpq fzYpjk yle__article__paragraph\">\u2013 Me teemme t\u00e4t\u00e4 melkein talkoilla jo nyt. T\u00e4m\u00e4n kokoista tapahtumaan ei pysty tekem\u00e4\u00e4n t\u00e4t\u00e4 pienemmin.<\/p>\n<p class=\"aw__sc-1qwuw0s-0 aw__sc-ngllmo-0 epAWpq fzYpjk yle__article__paragraph\">Taloudelliset haasteet tuskin johtavat kuitenkaan lipun hintojen nostamiseen. Todenn\u00e4k\u00f6isemp\u00e4\u00e4 on, ett\u00e4 ohjelmistoa karsitaan entisest\u00e4\u00e4n.<\/p>\n<p class=\"aw__sc-1qwuw0s-0 aw__sc-ngllmo-0 epAWpq fzYpjk yle__article__paragraph\">\u2013 Ehk\u00e4 j\u00e4t\u00e4mme pois joitakin pienempi\u00e4 konsertteja ja etsimme vaihtoehtoisia eri tiloja. V\u00e4henn\u00e4mme toimintaa sellaiseksi, mihin on varaa.<\/p>\n<p>Yhteisty\u00f6 Philharmonian kanssa jatkuu<\/p>\n<p class=\"aw__sc-1qwuw0s-0 aw__sc-ngllmo-0 epAWpq fzYpjk yle__article__paragraph\">Ensi kes\u00e4lle on t\u00e4ll\u00e4 hetkell\u00e4 myynniss\u00e4 kaksi lontoolaisen Philharmonia- orkesterin konserttia. Lippuja on myyty jo noin 600.<\/p>\n<p class=\"aw__sc-1qwuw0s-0 aw__sc-ngllmo-0 epAWpq fzYpjk yle__article__paragraph\">Muuta ohjelmistoa Helske ja taiteellinen johtaja <strong class=\"aw__sc-ngllmo-2 gdRrun yle__article__strong\">Erkki Lasonpalo<\/strong> suunnittelevat jo kovaa vauhtia. Samaan aikaan Helske kirjoittaa apurahahakemuksia.<\/p>\n<p class=\"aw__sc-1qwuw0s-0 aw__sc-ngllmo-0 epAWpq fzYpjk yle__article__paragraph\">\u2013 Ymm\u00e4rryksemme siit\u00e4, mist\u00e4 ihmiset t\u00e4\u00e4ll\u00e4 pit\u00e4v\u00e4t, on tarkentunut. J\u00e4\u00e4 n\u00e4ht\u00e4v\u00e4ksi, millaisia yritystukijoita ja muita rahoituskanavia l\u00f6yd\u00e4mme. T\u00e4ytyy toteuttaa asioita, mitk\u00e4 ovat taloudellisesti mahdollisia.<\/p>\n<p class=\"aw__sc-1qwuw0s-0 aw__sc-ngllmo-0 epAWpq fzYpjk yle__article__paragraph\">Yhteist\u00f6 Philharmonian kanssa jatkuu ainakin ensi kes\u00e4n. Monen vuoden kumppanuudesta ei haluttu luopua, sill\u00e4 ensi vuonna juhlitaan festivaalin 35-vuotisjuhlaa.<\/p>\n","protected":false},"excerpt":{"rendered":"Musiikkijuhlien lippujen hintoja tuskin nostetaan, vaikka rahasta on pulaa. Avaa kuvien katselu Gabriela Montero esiintyi musiikkijuhlilla yhdess\u00e4 Santtu-Matias&hellip;\n","protected":false},"author":2,"featured_media":338691,"comment_status":"","ping_status":"","sticky":false,"template":"","format":"standard","meta":{"footnotes":"","_share_on_mastodon":"0"},"categories":[130],"tags":[137,184,970,33,31,30,3147,3525,108,1802,685,19178,686,47,4923,32,1667,109],"class_list":["post-338690","post","type-post","status-publish","format-standard","has-post-thumbnail","category-viihde","tag-entertainment","tag-etela-savo","tag-festivaalit","tag-fi","tag-finland","tag-finnish","tag-klassinen-musiikki","tag-konsertit","tag-kulttuuri","tag-kulttuuritapahtumat","tag-mikkeli","tag-mikkelin-musiikkijuhlat","tag-mikkelin-seutukunta","tag-musiikki","tag-musiikkijuhlat","tag-suomi","tag-tapahtumat","tag-viihde"],"share_on_mastodon":{"url":"https:\/\/pubeurope.com\/@fi\/117195273425039095","error":""},"_links":{"self":[{"href":"https:\/\/www.europesays.com\/fi\/wp-json\/wp\/v2\/posts\/338690","targetHints":{"allow":["GET"]}}],"collection":[{"href":"https:\/\/www.europesays.com\/fi\/wp-json\/wp\/v2\/posts"}],"about":[{"href":"https:\/\/www.europesays.com\/fi\/wp-json\/wp\/v2\/types\/post"}],"author":[{"embeddable":true,"href":"https:\/\/www.europesays.com\/fi\/wp-json\/wp\/v2\/users\/2"}],"replies":[{"embeddable":true,"href":"https:\/\/www.europesays.com\/fi\/wp-json\/wp\/v2\/comments?post=338690"}],"version-history":[{"count":0,"href":"https:\/\/www.europesays.com\/fi\/wp-json\/wp\/v2\/posts\/338690\/revisions"}],"wp:featuredmedia":[{"embeddable":true,"href":"https:\/\/www.europesays.com\/fi\/wp-json\/wp\/v2\/media\/338691"}],"wp:attachment":[{"href":"https:\/\/www.europesays.com\/fi\/wp-json\/wp\/v2\/media?parent=338690"}],"wp:term":[{"taxonomy":"category","embeddable":true,"href":"https:\/\/www.europesays.com\/fi\/wp-json\/wp\/v2\/categories?post=338690"},{"taxonomy":"post_tag","embeddable":true,"href":"https:\/\/www.europesays.com\/fi\/wp-json\/wp\/v2\/tags?post=338690"}],"curies":[{"name":"wp","href":"https:\/\/api.w.org\/{rel}","templated":true}]}}