{"id":338702,"date":"2026-09-01T10:41:10","date_gmt":"2026-09-01T10:41:10","guid":{"rendered":"https:\/\/www.europesays.com\/fi\/338702\/"},"modified":"2026-09-01T10:41:10","modified_gmt":"2026-09-01T10:41:10","slug":"hanoissa-rekisteroitiin-268-denguekuumetapausta-viikossa","status":"publish","type":"post","link":"https:\/\/www.europesays.com\/fi\/338702\/","title":{"rendered":"Hanoissa rekister\u00f6itiin 268 denguekuumetapausta viikossa."},"content":{"rendered":"<p style=\"text-align: justify;\"> Hanoin tautientorjuntakeskuksen (CDC) mukaan kaupungissa rekister\u00f6itiin viikolla 21.\u201328. elokuuta 268 denguekuumetapausta 74 vaalipiiriss\u00e4 ja kunnassa, mik\u00e4 on 41 tapausta v\u00e4hemm\u00e4n kuin edellisen\u00e4 viikkona.<\/p>\n<p style=\"text-align: justify;\"> Vuoden 2026 alusta Hanoissa on rekister\u00f6ity 2 175 denguekuumetapausta 117 piirikunnassa ja kunnassa, eik\u00e4 kuolemantapauksia ole raportoitu. Tapausten m\u00e4\u00e4r\u00e4 laski 533:lla viiden vuoden 2021\u20132025 keskiarvoon verrattuna ja laski merkitt\u00e4v\u00e4sti verrattuna samaan ajanjaksoon vuonna 2023.<\/p>\n<p style=\"text-align: justify;\"> T\u00e4ll\u00e4 viikolla kaupungissa rekister\u00f6itiin 12 uutta denguekuume-epidemiaa. Vuoden alusta l\u00e4htien Hanoissa on rekister\u00f6ity 91 taudinpurkausta, joista 30 on t\u00e4ll\u00e4 hetkell\u00e4 aktiivisia.<\/p>\n<p style=\"text-align: justify;\"> Hanoissa kirjattiin 115 k\u00e4si-, jalka- ja sorkkataudin tapausta 58 piirikunnassa ja kunnassa, mik\u00e4 on 61 tapausta v\u00e4hemm\u00e4n kuin edellisen\u00e4 viikkona. Vuoden alusta l\u00e4htien kaupungissa on kirjattu yhteens\u00e4 4 830 tapausta, eik\u00e4 kuolemantapauksia ole. Yen Langin piirikunnassa ilmeni t\u00e4ll\u00e4 viikolla yhteis\u00f6llinen epidemia; yksi epidemia on edelleen aktiivinen.<\/p>\n<p style=\"text-align: justify;\"> Lis\u00e4ksi Hanoissa kirjattiin t\u00e4ll\u00e4 viikolla 4 tuhkarokkotapausta, 2 hinkuysk\u00e4tapausta ja 53 COVID-19-tapausta. Vuoden alusta l\u00e4htien kaupungissa on kirjattu yhteens\u00e4 392 tuhkarokkotapausta, 103 hinkuysk\u00e4tapausta ja 1 577 COVID-19-tapausta, eik\u00e4 kuolemantapauksia ole raportoitu.<\/p>\n<p style=\"text-align: justify;\"> Hanoin CDC ennustaa, ett\u00e4 k\u00e4si-, jalka- ja suutautitapausten m\u00e4\u00e4r\u00e4 saattaa lis\u00e4\u00e4nty\u00e4 syyskuussa oppilaiden palatessa kouluun.<\/p>\n<p style=\"text-align: justify;\"> Hanoin tautikeskus CDC jatkaa tulevana aikana denguekuumeen sek\u00e4 k\u00e4si-, jalka- ja sorkkataudin epidemioiden seurantaa; vahvistaa ymp\u00e4rist\u00f6hygieniaa, h\u00e4vitt\u00e4\u00e4 hyttysten toukkia ja desinfioi alueita, joilla on tartuntatapauksia ja epidemioita. <a class=\"data-link\" data-org-href=\"https:\/\/www.vietnam.vn\/fi\/category\/y-te\" href=\"https:\/\/www.vietnam.vn\/fi\/category\/y-te\" title=\"l\u00e4\u00e4ketieteellinen\" target=\"_blank\" rel=\"nofollow noopener\">Terveydenhuollon<\/a> laitosten on tehostettava tautien havaitsemista yhteis\u00f6iss\u00e4, esikouluissa ja p\u00e4iv\u00e4kodeissa.<\/p>\n<p style=\"text-align: justify;\"> Hanoin kansallisp\u00e4iv\u00e4n\u00e4 2. syyskuuta Hanoin CDC organisoi liikkuvan tiimin tautien ehk\u00e4isy\u00e4 ja torjuntaa varten valmiudessa reagoimaan kaikkiin uusiin tautiepidemioihin.<\/p>\n<p style=\"text-align: justify;\"> Terveysala my\u00f6s neuvoo ihmisi\u00e4 ryhtym\u00e4\u00e4n ennakoivasti ennaltaehk\u00e4iseviin toimenpiteisiin ja ottamaan kaikki rokotteet t\u00e4ysim\u00e4\u00e4r\u00e4isesti ja aikataulussa.<\/p>\n<p class=\"mb-0\"> L\u00e4hde: https:\/\/vtv.vn\/ha-noi-ghi-nhan-268-ca-sot-xuat-huyet-trong-mot-tuan-100260901134008777.htm<\/p>\n","protected":false},"excerpt":{"rendered":"Hanoin tautientorjuntakeskuksen (CDC) mukaan kaupungissa rekister\u00f6itiin viikolla 21.\u201328. elokuuta 268 denguekuumetapausta 74 vaalipiiriss\u00e4 ja kunnassa, mik\u00e4 on 41&hellip;\n","protected":false},"author":2,"featured_media":338703,"comment_status":"","ping_status":"","sticky":false,"template":"","format":"standard","meta":{"footnotes":"","_share_on_mastodon":"0"},"categories":[165],"tags":[37479,41852,33,31,30,166,32,167],"class_list":["post-338702","post","type-post","status-publish","format-standard","has-post-thumbnail","category-terveys","tag-denguekuume","tag-epideeminen-tilanne","tag-fi","tag-finland","tag-finnish","tag-health","tag-suomi","tag-terveys"],"share_on_mastodon":{"url":"https:\/\/pubeurope.com\/@fi\/117195367252203848","error":""},"_links":{"self":[{"href":"https:\/\/www.europesays.com\/fi\/wp-json\/wp\/v2\/posts\/338702","targetHints":{"allow":["GET"]}}],"collection":[{"href":"https:\/\/www.europesays.com\/fi\/wp-json\/wp\/v2\/posts"}],"about":[{"href":"https:\/\/www.europesays.com\/fi\/wp-json\/wp\/v2\/types\/post"}],"author":[{"embeddable":true,"href":"https:\/\/www.europesays.com\/fi\/wp-json\/wp\/v2\/users\/2"}],"replies":[{"embeddable":true,"href":"https:\/\/www.europesays.com\/fi\/wp-json\/wp\/v2\/comments?post=338702"}],"version-history":[{"count":0,"href":"https:\/\/www.europesays.com\/fi\/wp-json\/wp\/v2\/posts\/338702\/revisions"}],"wp:featuredmedia":[{"embeddable":true,"href":"https:\/\/www.europesays.com\/fi\/wp-json\/wp\/v2\/media\/338703"}],"wp:attachment":[{"href":"https:\/\/www.europesays.com\/fi\/wp-json\/wp\/v2\/media?parent=338702"}],"wp:term":[{"taxonomy":"category","embeddable":true,"href":"https:\/\/www.europesays.com\/fi\/wp-json\/wp\/v2\/categories?post=338702"},{"taxonomy":"post_tag","embeddable":true,"href":"https:\/\/www.europesays.com\/fi\/wp-json\/wp\/v2\/tags?post=338702"}],"curies":[{"name":"wp","href":"https:\/\/api.w.org\/{rel}","templated":true}]}}