{"id":338704,"date":"2026-09-01T10:42:14","date_gmt":"2026-09-01T10:42:14","guid":{"rendered":"https:\/\/www.europesays.com\/fi\/338704\/"},"modified":"2026-09-01T10:42:14","modified_gmt":"2026-09-01T10:42:14","slug":"valtteri-bottas-kommentoi-kohupotkuja-en-odottanut","status":"publish","type":"post","link":"https:\/\/www.europesays.com\/fi\/338704\/","title":{"rendered":"Valtteri Bottas kommentoi kohupotkuja: \u201dEn odottanut\u201d"},"content":{"rendered":"<p>Cadillacin peliliike yll\u00e4tti suomalaisen.<\/p>\n<p><img decoding=\"async\" class=\"image image-show image-preview\" src=\"https:\/\/www.europesays.com\/fi\/wp-content\/uploads\/2026\/09\/03aba456158450d34466e36a34cb8ea76f33a830a9d9dd3723bdebf437084545.jpg\" alt=\"\"\/><img decoding=\"async\" class=\"image image-show\" src=\"https:\/\/www.europesays.com\/fi\/wp-content\/uploads\/2026\/09\/1788259334_581_03aba456158450d34466e36a34cb8ea76f33a830a9d9dd3723bdebf437084545.jpg\" alt=\"\"\/><\/p>\n<p>Valtteri Bottas ei odottanut, ett\u00e4 Cadillacin tallip\u00e4\u00e4llikk\u00f6 saa potkut kesken kauden. AOP<\/p>\n<p class=\"paragraph\">Cadillac antoi taannoin potkut tallip\u00e4\u00e4llik\u00f6lleen <strong>Graeme Lowdonille<\/strong>.<\/p>\n<p class=\"paragraph\">\u2013 Jonkin piti muuttua. Jotkut ongelmat ovat olleet niin pitk\u00e4\u00e4n mukana, mutta en odottanut n\u00e4in suurta muutosta. Odotin ehk\u00e4 enemm\u00e4n, ett\u00e4 jotain tapahtuisi tehtaalla, Cadillacin konkarikuski <strong>Valtteri Bottas<\/strong> totesi Lowdonin potkuista <a href=\"https:\/\/www.planetf1.com\/news\/valtteri-bottas-graeme-lowdon-cadillac-f1\" target=\"_blank\" rel=\"noopener nofollow\">Planet F1:lle<\/a>.<\/p>\n<p class=\"paragraph\">Bottas kuitenkin painotti, ettei h\u00e4nell\u00e4 ole parasta mahdollista kokonaiskuvaa.<\/p>\n<p class=\"paragraph\">\u2013 Me kuskit emme aina n\u00e4e, mit\u00e4 pit\u00e4\u00e4 muuttaa, koska keskitymme ajamiseen, suorituskykyyn ja palautteen antamiseen.<\/p>\n<p class=\"paragraph\">Bottas arvioi, ett\u00e4 Amerikassa saatetaan reagoida ongelmiin hieman nopeammin kuin Euroopassa. Sen takia Lowdonin potkut saattoivat tulla monelle yll\u00e4tyksen\u00e4.<\/p>\n<p class=\"paragraph\">\u2013 Luulen, ettei heit\u00e4 pelota vaihtaa ihmisi\u00e4 nopeasti, jos he uskovat, ett\u00e4 se on hyv\u00e4 asia tulevaisuuden kannalta.<\/p>\n<p class=\"paragraph\">Lowdonin tilalle hypp\u00e4si Alpinen entinen tallip\u00e4\u00e4llikk\u00f6 <strong>Marcin Budkowski<\/strong>.<\/p>\n<p class=\"paragraph\">F1-kausi jatkuu ensi viikonloppuna Monzassa.<\/p>\n","protected":false},"excerpt":{"rendered":"Cadillacin peliliike yll\u00e4tti suomalaisen. Valtteri Bottas ei odottanut, ett\u00e4 Cadillacin tallip\u00e4\u00e4llikk\u00f6 saa potkut kesken kauden. AOP Cadillac antoi&hellip;\n","protected":false},"author":2,"featured_media":338705,"comment_status":"","ping_status":"","sticky":false,"template":"","format":"standard","meta":{"footnotes":"","_share_on_mastodon":"0"},"categories":[158],"tags":[35,648,2810,33,31,30,121,83,159,32,860,160],"class_list":["post-338704","post","type-post","status-publish","format-standard","has-post-thumbnail","category-urheilu","tag-24h","tag-autot","tag-autourheilu-ja-urheiluautot","tag-fi","tag-finland","tag-finnish","tag-liikenne-ja-kuljetus","tag-moottoriurheilu","tag-sports","tag-suomi","tag-tyoelama","tag-urheilu"],"share_on_mastodon":{"url":"https:\/\/pubeurope.com\/@fi\/117195371775199066","error":""},"_links":{"self":[{"href":"https:\/\/www.europesays.com\/fi\/wp-json\/wp\/v2\/posts\/338704","targetHints":{"allow":["GET"]}}],"collection":[{"href":"https:\/\/www.europesays.com\/fi\/wp-json\/wp\/v2\/posts"}],"about":[{"href":"https:\/\/www.europesays.com\/fi\/wp-json\/wp\/v2\/types\/post"}],"author":[{"embeddable":true,"href":"https:\/\/www.europesays.com\/fi\/wp-json\/wp\/v2\/users\/2"}],"replies":[{"embeddable":true,"href":"https:\/\/www.europesays.com\/fi\/wp-json\/wp\/v2\/comments?post=338704"}],"version-history":[{"count":0,"href":"https:\/\/www.europesays.com\/fi\/wp-json\/wp\/v2\/posts\/338704\/revisions"}],"wp:featuredmedia":[{"embeddable":true,"href":"https:\/\/www.europesays.com\/fi\/wp-json\/wp\/v2\/media\/338705"}],"wp:attachment":[{"href":"https:\/\/www.europesays.com\/fi\/wp-json\/wp\/v2\/media?parent=338704"}],"wp:term":[{"taxonomy":"category","embeddable":true,"href":"https:\/\/www.europesays.com\/fi\/wp-json\/wp\/v2\/categories?post=338704"},{"taxonomy":"post_tag","embeddable":true,"href":"https:\/\/www.europesays.com\/fi\/wp-json\/wp\/v2\/tags?post=338704"}],"curies":[{"name":"wp","href":"https:\/\/api.w.org\/{rel}","templated":true}]}}