{"id":338706,"date":"2026-09-01T10:43:09","date_gmt":"2026-09-01T10:43:09","guid":{"rendered":"https:\/\/www.europesays.com\/fi\/338706\/"},"modified":"2026-09-01T10:43:09","modified_gmt":"2026-09-01T10:43:09","slug":"delta-life-juhlaviikonloppu-kerasi-oulussa-20-000-kavijaa-pohjois-pohjanmaa","status":"publish","type":"post","link":"https:\/\/www.europesays.com\/fi\/338706\/","title":{"rendered":"Delta Life -juhlaviikon\u00adloppu ker\u00e4si Oulussa 20\u00a0000 k\u00e4vij\u00e4\u00e4 | Pohjois-Pohjanmaa"},"content":{"rendered":"<p class=\"aw__sc-1qwuw0s-0 aw__sc-1vg2sqm-0 epAWpq ecELkD yle__article__paragraph\">Kolmip\u00e4iv\u00e4iseen karnevaaliin kuuluivat ilmakitaran\u00adsoiton MM-kisat ja Delta Life -show.<\/p>\n<p><img decoding=\"async\" alt=\"Delta Life on yksi Oulun Euroopan kulttuurip\u00e4\u00e4kaupunkivuoden 2026 kohokohdista. Monitaiteellinen Deltalife-ulkoilmatapahtuma  kietoo yhteen alueen ja Euroopan vesireittien tarinoita ja tulevaisuudenn\u00e4kymi\u00e4 tavoitteenaan maailmanrauha.  Tapahtuma-areenana toimii ainutlaatuinen veden p\u00e4\u00e4lle rakennettava suistolava, jolla n\u00e4hd\u00e4\u00e4n huippuesiintyji\u00e4 muusikoista tanssijoihin ja sirkustaiteilijoihin. \" src=\"https:\/\/www.europesays.com\/fi\/wp-content\/uploads\/2026\/09\/1787914453.jpeg\" class=\"aw__sc-dklauk-0 LPzKX\"\/><\/p>\n<p>Avaa kuvien katselu<\/p>\n<p>Tapahtuman taiteilijakaartiin kuului muun muassa Marzi Nyman, joka vastasi koko teoksen s\u00e4vellyksest\u00e4. Kuva: Rami Moilanen \/ Yle<\/p>\n<p class=\"aw__sc-1qwuw0s-0 aw__sc-ngllmo-0 epAWpq fzYpjk yle__article__paragraph\">Oulussa viikonlopun kolmip\u00e4iv\u00e4inen Delta Life -juhla ker\u00e4si Pokkisenpuistoon noin 20\u00a0000 k\u00e4vij\u00e4\u00e4, kertoo Oulun kulttuuritapahtumayhdistys. P\u00e4\u00e4symaksuton tapahtuma oli Euroopan kulttuurip\u00e4\u00e4kaupunkikes\u00e4n huipentuma ja p\u00e4\u00e4tapahtuma.<\/p>\n<p class=\"aw__sc-1qwuw0s-0 aw__sc-ngllmo-0 epAWpq fzYpjk yle__article__paragraph\">Tapahtuman striimi\u00e4 katsottiin kolmessa p\u00e4iv\u00e4ss\u00e4 50\u00a0000 kertaa. Tapahtuma houkutteli my\u00f6s kansainv\u00e4list\u00e4 yleis\u00f6\u00e4 ja mediaa.<\/p>\n<p class=\"aw__sc-1qwuw0s-0 aw__sc-ngllmo-0 epAWpq fzYpjk yle__article__paragraph\">Kolmip\u00e4iv\u00e4iseen karnevaaliin kuuluivat ilmakitaransoiton MM-kisat ja Delta Life -show.<\/p>\n<p class=\"aw__sc-1qwuw0s-0 aw__sc-ngllmo-0 epAWpq fzYpjk yle__article__paragraph\">Delta Life on Oulun kulttuuritapahtumayhdistyksen monivuotinen ty\u00f6, johon kuuluu my\u00f6s muita taide- ja kehitt\u00e4misprojekteja koko maakunnan alueella. Juhlaviikonlopun p\u00e4\u00e4rahoittaja on Oulun kulttuuris\u00e4\u00e4ti\u00f6 ja apurahoja ovat my\u00f6nt\u00e4neet my\u00f6s Suomen kulttuurirahasto ja Teosto.<\/p>\n","protected":false},"excerpt":{"rendered":"Kolmip\u00e4iv\u00e4iseen karnevaaliin kuuluivat ilmakitaran\u00adsoiton MM-kisat ja Delta Life -show. Avaa kuvien katselu Tapahtuman taiteilijakaartiin kuului muun muassa Marzi&hellip;\n","protected":false},"author":2,"featured_media":338707,"comment_status":"","ping_status":"","sticky":false,"template":"","format":"standard","meta":{"footnotes":"","_share_on_mastodon":"0"},"categories":[130],"tags":[137,33,31,30,5640,108,952,728,32,397,1667,109],"class_list":["post-338706","post","type-post","status-publish","format-standard","has-post-thumbnail","category-viihde","tag-entertainment","tag-fi","tag-finland","tag-finnish","tag-ilmakitaransoiton-mm-kisat","tag-kulttuuri","tag-oulu","tag-pohjois-pohjanmaa","tag-suomi","tag-taide","tag-tapahtumat","tag-viihde"],"share_on_mastodon":{"url":"https:\/\/pubeurope.com\/@fi\/117195375053129023","error":""},"_links":{"self":[{"href":"https:\/\/www.europesays.com\/fi\/wp-json\/wp\/v2\/posts\/338706","targetHints":{"allow":["GET"]}}],"collection":[{"href":"https:\/\/www.europesays.com\/fi\/wp-json\/wp\/v2\/posts"}],"about":[{"href":"https:\/\/www.europesays.com\/fi\/wp-json\/wp\/v2\/types\/post"}],"author":[{"embeddable":true,"href":"https:\/\/www.europesays.com\/fi\/wp-json\/wp\/v2\/users\/2"}],"replies":[{"embeddable":true,"href":"https:\/\/www.europesays.com\/fi\/wp-json\/wp\/v2\/comments?post=338706"}],"version-history":[{"count":0,"href":"https:\/\/www.europesays.com\/fi\/wp-json\/wp\/v2\/posts\/338706\/revisions"}],"wp:featuredmedia":[{"embeddable":true,"href":"https:\/\/www.europesays.com\/fi\/wp-json\/wp\/v2\/media\/338707"}],"wp:attachment":[{"href":"https:\/\/www.europesays.com\/fi\/wp-json\/wp\/v2\/media?parent=338706"}],"wp:term":[{"taxonomy":"category","embeddable":true,"href":"https:\/\/www.europesays.com\/fi\/wp-json\/wp\/v2\/categories?post=338706"},{"taxonomy":"post_tag","embeddable":true,"href":"https:\/\/www.europesays.com\/fi\/wp-json\/wp\/v2\/tags?post=338706"}],"curies":[{"name":"wp","href":"https:\/\/api.w.org\/{rel}","templated":true}]}}