{"id":338710,"date":"2026-09-01T10:47:14","date_gmt":"2026-09-01T10:47:14","guid":{"rendered":"https:\/\/www.europesays.com\/fi\/338710\/"},"modified":"2026-09-01T10:47:14","modified_gmt":"2026-09-01T10:47:14","slug":"saksa-syyttaa-venajaa-seuraukset-voivat-olla-rajut","status":"publish","type":"post","link":"https:\/\/www.europesays.com\/fi\/338710\/","title":{"rendered":"Saksa syytt\u00e4\u00e4 Ven\u00e4j\u00e4\u00e4 \u2013 Seuraukset voivat olla rajut"},"content":{"rendered":"<p>Mediatietojen mukaan Saksan hallitus syytt\u00e4\u00e4 Ven\u00e4j\u00e4\u00e4 tapauksesta, jossa Leipzig-Hallen lentokent\u00e4lt\u00e4 l\u00f6ydettiin r\u00e4j\u00e4hdelastissa ollut drooni. <\/p>\n<p><img decoding=\"async\" class=\"image image-show image-preview\" src=\"https:\/\/www.europesays.com\/fi\/wp-content\/uploads\/2026\/09\/4f3b7818d6781af33dbe319cf255d738805b340b388b9896bdcc5e11598e842e.jpg\" alt=\"\"\/><img decoding=\"async\" class=\"image image-show\" src=\"https:\/\/www.europesays.com\/fi\/wp-content\/uploads\/2026\/09\/1788259634_381_4f3b7818d6781af33dbe319cf255d738805b340b388b9896bdcc5e11598e842e.jpg\" alt=\"\"\/><\/p>\n<p>Saksa syytt\u00e4\u00e4 Ven\u00e4j\u00e4\u00e4 tapauksesta, jossa lentokent\u00e4lt\u00e4 l\u00f6ydettiin r\u00e4j\u00e4hdelastissa ollut drooni. Kuvassa ukrainalainen Antonov-kuljetuskone Leipzig-Hallen lentokent\u00e4ll\u00e4 Saksassa 6. elokuuta. FILIP SINGER, EPA\/AOP<\/p>\n<p class=\"paragraph\">Saksalaislehti <a href=\"https:\/\/m.bild.de\/politik\/inland\/bomben-drohne-es-sollen-die-russen-gewesen-sein-6a95c3b0e93222a77575ef06?t_ref=https%3A%2F%2Fwww.bild.de%2Fadblockwall.html#fromWall\" target=\"_blank\" rel=\"noopener nofollow\">Bildin<\/a> mukaan Saksan viranomaiset ovat tulleet siihen lopputulokseen, ett\u00e4 Leipzig-Hallen lentokent\u00e4n elokuun alussa l\u00f6ytyneess\u00e4 droonissa oli kyse Ven\u00e4j\u00e4n tiedustelupalveluiden operaatiosta. Tieto perustuu Bildin l\u00e4hteisiin turvallisuuspiireiss\u00e4.<\/p>\n<p class=\"paragraph\">R\u00e4j\u00e4hdelastissa ollut drooni <a href=\"https:\/\/www.iltalehti.fi\/ulkomaat\/82f754b5-8f50-437f-b2af-7f2486f6b63a\" rel=\"nofollow noopener\" target=\"_blank\">l\u00f6ydettiin<\/a> l\u00e4helt\u00e4 paikkaa, jossa oli parkissa parkissa nelj\u00e4 ukrainalaista Antonov-kuljetuskonetta.<\/p>\n<p class=\"paragraph\">Bildin mukaan Saksan sis\u00e4ministeri <strong>Alexander Dobrindt<\/strong> ja ulkoministeri <strong>Johann Wadephul<\/strong> aikovat pit\u00e4\u00e4 my\u00f6hemmin tiistaina tiedotustilaisuuden, jossa he kertovat l\u00f6yd\u00f6ksist\u00e4 julkisuuteen.<\/p>\n<p class=\"paragraph\">Uutistoimisto Reutersin mukaan mukaan Saksan sis\u00e4ministeri\u00f6 vahvistaa, ett\u00e4 aiheesta j\u00e4rjestet\u00e4\u00e4n tiedotustilaisuus tiistaina.<\/p>\n<p class=\"paragraph\">Bildin mukaan Wadephul keskeytt\u00e4\u00e4 tiedotustilaisuuden takia ty\u00f6matkan. Alkuper\u00e4isten suunnitelmien mukaan h\u00e4nen olisi pit\u00e4nyt olla ulkoministeritapaamisessa Irlannissa.<\/p>\n<p class=\"paragraph\">Aiemmin Saksan hallituksen edustajat ovat sanoneet, ett\u00e4 \u201dulkomaiset vallat\u201d voisivat olla droonitapauksen takana. Jotkut parlamentaarikot olivat syytt\u00e4neet my\u00f6s suoraan Ven\u00e4j\u00e4\u00e4.<\/p>\n<p class=\"paragraph\">Saksan liittokansleri <strong>Friedrich Merz<\/strong> oli kertonut, ett\u00e4 tutkinta on valmistumassa, ja ett\u00e4 asiasta tiedotettaisiin pian.<\/p>\n<p class=\"paragraph\">\u2013 Saksalla on hinta hybridihy\u00f6kk\u00e4yksi\u00e4 toteuttaville \u2013 he tulevat maksamaan, Merz sanoi tapauksesta aiemmin Bildin mukaan.<\/p>\n<p>Bildin mukaan Saksan ulkoministeri Johann Wadephul aikoo pit\u00e4\u00e4 tiedotustilaisuuden aiheesta.  SERGEY DOLZHENKO, EPA\/AOP<\/p>\n<p class=\"paragraph\">Bildin mukaan Ven\u00e4j\u00e4n l\u00e4hettil\u00e4s voidaan kutsua puhutteluun, ja Ven\u00e4j\u00e4n l\u00e4hetyst\u00f6n ty\u00f6ntekij\u00f6it\u00e4 voidaan karkottaa. Lis\u00e4ksi diplomaattipiireiss\u00e4 puhutaan mahdollisista uusista sanktioista Ven\u00e4j\u00e4\u00e4 kohtaan, jotka toteutettaisiin yhdess\u00e4 muiden EU-maiden kanssa.<\/p>\n<p class=\"paragraph\">Aiemmin uutismediat Welt am Sonntag \u2060ja Politico kertoivat, ett\u00e4 Saksan hallitus tulee syytt\u00e4m\u00e4\u00e4n droonihy\u00f6kk\u00e4yksen yrityksest\u00e4 Ven\u00e4j\u00e4\u00e4.<\/p>\n<p class=\"paragraph\">Ven\u00e4j\u00e4n l\u00e4hetyst\u00f6 Berliiniss\u00e4 on aiemmin v\u00e4itt\u00e4nyt, ett\u00e4 v\u00e4itteiss\u00e4 olisi kyse \u201dtekaistusta provokaatiosta\u201d ja Ven\u00e4j\u00e4n-vastaisesta \u201dhysteriasta\u201d Saksassa.<\/p>\n","protected":false},"excerpt":{"rendered":"Mediatietojen mukaan Saksan hallitus syytt\u00e4\u00e4 Ven\u00e4j\u00e4\u00e4 tapauksesta, jossa Leipzig-Hallen lentokent\u00e4lt\u00e4 l\u00f6ydettiin r\u00e4j\u00e4hdelastissa ollut drooni. Saksa syytt\u00e4\u00e4 Ven\u00e4j\u00e4\u00e4 tapauksesta,&hellip;\n","protected":false},"author":2,"featured_media":338711,"comment_status":"","ping_status":"","sticky":false,"template":"","format":"standard","meta":{"footnotes":"","_share_on_mastodon":"0"},"categories":[14],"tags":[35,22,23,26,27,33,31,30,17,70,5679,24,25,121,28,29,15,18,21,637,32,19,20,56,4385,16,59,60,61],"class_list":["post-338710","post","type-post","status-publish","format-standard","has-post-thumbnail","category-ulkomaat","tag-24h","tag-breaking-news","tag-breakingnews","tag-featured-news","tag-featurednews","tag-fi","tag-finland","tag-finnish","tag-headlines","tag-kansainvalinen-politiikka","tag-kansainvaliset-organisaatiot-ja-sopimukset","tag-latest-news","tag-latestnews","tag-liikenne-ja-kuljetus","tag-main-news","tag-mainnews","tag-news","tag-otsikot","tag-paauutiset","tag-politiikka","tag-suomi","tag-top-stories","tag-topstories","tag-ulkomaat","tag-ulkopolitiikka-ja-kansainvalinen-politiikka","tag-uutiset","tag-world","tag-world-news","tag-worldnews"],"share_on_mastodon":{"url":"https:\/\/pubeurope.com\/@fi\/117195391462227575","error":""},"_links":{"self":[{"href":"https:\/\/www.europesays.com\/fi\/wp-json\/wp\/v2\/posts\/338710","targetHints":{"allow":["GET"]}}],"collection":[{"href":"https:\/\/www.europesays.com\/fi\/wp-json\/wp\/v2\/posts"}],"about":[{"href":"https:\/\/www.europesays.com\/fi\/wp-json\/wp\/v2\/types\/post"}],"author":[{"embeddable":true,"href":"https:\/\/www.europesays.com\/fi\/wp-json\/wp\/v2\/users\/2"}],"replies":[{"embeddable":true,"href":"https:\/\/www.europesays.com\/fi\/wp-json\/wp\/v2\/comments?post=338710"}],"version-history":[{"count":0,"href":"https:\/\/www.europesays.com\/fi\/wp-json\/wp\/v2\/posts\/338710\/revisions"}],"wp:featuredmedia":[{"embeddable":true,"href":"https:\/\/www.europesays.com\/fi\/wp-json\/wp\/v2\/media\/338711"}],"wp:attachment":[{"href":"https:\/\/www.europesays.com\/fi\/wp-json\/wp\/v2\/media?parent=338710"}],"wp:term":[{"taxonomy":"category","embeddable":true,"href":"https:\/\/www.europesays.com\/fi\/wp-json\/wp\/v2\/categories?post=338710"},{"taxonomy":"post_tag","embeddable":true,"href":"https:\/\/www.europesays.com\/fi\/wp-json\/wp\/v2\/tags?post=338710"}],"curies":[{"name":"wp","href":"https:\/\/api.w.org\/{rel}","templated":true}]}}