{"id":338720,"date":"2026-09-01T11:08:11","date_gmt":"2026-09-01T11:08:11","guid":{"rendered":"https:\/\/www.europesays.com\/fi\/338720\/"},"modified":"2026-09-01T11:08:11","modified_gmt":"2026-09-01T11:08:11","slug":"kalpa-aloittaa-uuden-kauden-tassa-kokoonpano-urheilu","status":"publish","type":"post","link":"https:\/\/www.europesays.com\/fi\/338720\/","title":{"rendered":"KalPa aloittaa uuden kauden \u2013 t\u00e4ss\u00e4 kokoonpano | Urheilu"},"content":{"rendered":"<p>Uusi Liiga-kausi on t\u00e4\u00e4ll\u00e4.<\/p>\n<p>Kalevan Pallo aloittaa uuden sesongin vieraskaukalossa, kun se kohtaa tiistai-iltana Kiekko-Espoon.<\/p>\n<p>KalPan kokoonpano l\u00e4hes sama kuin edellisess\u00e4 harjoitusottelussa JYPi\u00e4 vastaan.<\/p>\n<p>Muutoksia JYP-otteluun n\u00e4hd\u00e4\u00e4n siin\u00e4, ett\u00e4 edellisest\u00e4 ottelusta sivussa olleet <strong>Mitja Jokinen<\/strong> ja <strong>Joonas Lyytinen<\/strong> palaavat KalPan kokoonpanoon. Lis\u00e4ksi JYPi\u00e4 vastaan pelannut <strong>Anton Karlsson<\/strong> on sivussa.<\/p>\n<p>Kuopiolaisten maalilla pelaa <strong>Stefanos Lekkas<\/strong>.<\/p>\n<p>KalPan ykk\u00f6shy\u00f6kk\u00e4ysvitjan muodostavat <strong>Juuso M\u00e4enp\u00e4\u00e4<\/strong>, <strong>Jaakko Rissanen<\/strong> ja t\u00e4ksi kaudeksi KalPaan siirtynyt <strong>Jesper Piitulainen<\/strong>.<\/p>\n<p>Muista tuoreista hankinnoista kokoonpanossa ovat luukkua avaava <strong>Rasmus Korhonen<\/strong> sek\u00e4 hy\u00f6kk\u00e4\u00e4j\u00e4t <strong>Elias Vilen<\/strong> ja <strong>Otto Somppi<\/strong>.<\/p>\n<p><strong class=\"diks-storyline__impact\">Kokoonpanon<\/strong> ulkopuolella ovat Karlssonin lis\u00e4ksi muun muassa <strong>Jesper Kotaj\u00e4rvi<\/strong> sek\u00e4 hy\u00f6kk\u00e4\u00e4jist\u00e4 <strong>David Timofejev<\/strong> ja <strong>Rasmus Miilunpohja<\/strong>.<\/p>\n<p class=\"diks-title diks-article-box__title\">KalPa<\/p>\n<p>Kokoonpano<\/p>\n<p>1. Juuso M\u00e4enp\u00e4\u00e4\u2013Jaakko Rissanen\u2013Jesper Piitulainen; Hugo Gallet\u2013Joonas Lyytinen<\/p>\n<p>2. Konsta Kapanen\u2013Joona Saarelainen\u2013Cade Borchardt; Ville Ruotsalainen\u2013Mitja Jokinen<\/p>\n<p>3. Aleksi Klemetti\u2013Elias Vilen\u2013Teemu Hartikainen; Veikka Mononen\u2013Lasse Lappalainen<\/p>\n<p>4. Juuso K\u00f6n\u00f6nen\u2013Otto Somppi\u2013Tuukka Korkiakoski; Juuso Ketola\u2013Lukas Kanak<\/p>\n<p>Maalilla aloittaa Stefanos Lekkas, varalla Rasmus Korhonen<\/p>\n","protected":false},"excerpt":{"rendered":"Uusi Liiga-kausi on t\u00e4\u00e4ll\u00e4. Kalevan Pallo aloittaa uuden sesongin vieraskaukalossa, kun se kohtaa tiistai-iltana Kiekko-Espoon. KalPan kokoonpano l\u00e4hes&hellip;\n","protected":false},"author":2,"featured_media":338721,"comment_status":"","ping_status":"","sticky":false,"template":"","format":"standard","meta":{"footnotes":"","_share_on_mastodon":"0"},"categories":[158],"tags":[33,31,30,1143,2935,1132,7681,41,1146,159,4686,32,160],"class_list":["post-338720","post","type-post","status-publish","format-standard","has-post-thumbnail","category-urheilu","tag-fi","tag-finland","tag-finnish","tag-jaakiekko","tag-kalpa","tag-kuopio","tag-liiga","tag-liikunta-ja-urheilu","tag-miesten-jaakiekko","tag-sports","tag-suomen-jaakiekko","tag-suomi","tag-urheilu"],"share_on_mastodon":{"url":"https:\/\/pubeurope.com\/@fi\/117195473543520248","error":""},"_links":{"self":[{"href":"https:\/\/www.europesays.com\/fi\/wp-json\/wp\/v2\/posts\/338720","targetHints":{"allow":["GET"]}}],"collection":[{"href":"https:\/\/www.europesays.com\/fi\/wp-json\/wp\/v2\/posts"}],"about":[{"href":"https:\/\/www.europesays.com\/fi\/wp-json\/wp\/v2\/types\/post"}],"author":[{"embeddable":true,"href":"https:\/\/www.europesays.com\/fi\/wp-json\/wp\/v2\/users\/2"}],"replies":[{"embeddable":true,"href":"https:\/\/www.europesays.com\/fi\/wp-json\/wp\/v2\/comments?post=338720"}],"version-history":[{"count":0,"href":"https:\/\/www.europesays.com\/fi\/wp-json\/wp\/v2\/posts\/338720\/revisions"}],"wp:featuredmedia":[{"embeddable":true,"href":"https:\/\/www.europesays.com\/fi\/wp-json\/wp\/v2\/media\/338721"}],"wp:attachment":[{"href":"https:\/\/www.europesays.com\/fi\/wp-json\/wp\/v2\/media?parent=338720"}],"wp:term":[{"taxonomy":"category","embeddable":true,"href":"https:\/\/www.europesays.com\/fi\/wp-json\/wp\/v2\/categories?post=338720"},{"taxonomy":"post_tag","embeddable":true,"href":"https:\/\/www.europesays.com\/fi\/wp-json\/wp\/v2\/tags?post=338720"}],"curies":[{"name":"wp","href":"https:\/\/api.w.org\/{rel}","templated":true}]}}