{"id":338722,"date":"2026-09-01T11:09:16","date_gmt":"2026-09-01T11:09:16","guid":{"rendered":"https:\/\/www.europesays.com\/fi\/338722\/"},"modified":"2026-09-01T11:09:16","modified_gmt":"2026-09-01T11:09:16","slug":"yksi-artisti-puuttuu-vain-elamaa-avausjaksosta","status":"publish","type":"post","link":"https:\/\/www.europesays.com\/fi\/338722\/","title":{"rendered":"Yksi artisti puuttuu Vain el\u00e4m\u00e4\u00e4 -avausjaksosta"},"content":{"rendered":"<p>Timo Kotipelto ei ole mukana Vain el\u00e4m\u00e4\u00e4 -kauden ensimm\u00e4isiss\u00e4 jaksoissa.<\/p>\n<p><img decoding=\"async\" class=\"image image-show image-preview\" src=\"https:\/\/www.europesays.com\/fi\/wp-content\/uploads\/2026\/09\/037207cb99a54c56324ffc9373643267b11ee560edc2678ef28bce5ff86b19a8.jpg\" alt=\"\"\/><img decoding=\"async\" class=\"image image-show\" src=\"https:\/\/www.europesays.com\/fi\/wp-content\/uploads\/2026\/09\/1788260956_531_037207cb99a54c56324ffc9373643267b11ee560edc2678ef28bce5ff86b19a8.jpg\" alt=\"\"\/><\/p>\n<p>Vain el\u00e4m\u00e4\u00e4 -kauden alussa on kahdeksasta artistista mukana vain seitsem\u00e4n. Petri Aho, Nelonen<\/p>\n<p class=\"paragraph\">Vain el\u00e4m\u00e4\u00e4 -ohjelman uusi tuotantokausi alkaa perjantaina 4. syyskuuta. Yksi kauden artisteista puuttuu avausjaksosta.<\/p>\n<p class=\"paragraph\">Tulevan kauden artisteina n\u00e4hd\u00e4\u00e4n <a href=\"https:\/\/www.iltalehti.fi\/henkilot\/Ares\" class=\"article-link-person-page\" rel=\"nofollow noopener\" target=\"_blank\">Ares<\/a>, <a href=\"https:\/\/www.iltalehti.fi\/henkilot\/Benjamin Peltonen\" class=\"article-link-person-page\" rel=\"nofollow noopener\" target=\"_blank\">Benjamin<\/a>, <a href=\"https:\/\/www.iltalehti.fi\/henkilot\/Bess\" class=\"article-link-person-page\" rel=\"nofollow noopener\" target=\"_blank\">Bess<\/a>, <a href=\"https:\/\/www.iltalehti.fi\/henkilot\/Freeman\" class=\"article-link-person-page\" rel=\"nofollow noopener\" target=\"_blank\">Freeman<\/a>, <a href=\"https:\/\/www.iltalehti.fi\/henkilot\/Heikki Salo\" class=\"article-link-person-page\" rel=\"nofollow noopener\" target=\"_blank\">Heikki Salo<\/a>, <a href=\"https:\/\/www.iltalehti.fi\/henkilot\/Jippu\" class=\"article-link-person-page\" rel=\"nofollow noopener\" target=\"_blank\">Jippu<\/a>, <a href=\"https:\/\/www.iltalehti.fi\/henkilot\/Nelli Matula\" class=\"article-link-person-page\" rel=\"nofollow noopener\" target=\"_blank\">Nelli Matula<\/a> ja <a href=\"https:\/\/www.iltalehti.fi\/henkilot\/Timo Kotipelto\" class=\"article-link-person-page\" rel=\"nofollow noopener\" target=\"_blank\">Timo Kotipelto<\/a>. Ensimm\u00e4isess\u00e4 jaksossa heist\u00e4 n\u00e4hd\u00e4\u00e4n vain seitsem\u00e4n.<\/p>\n<p class=\"paragraph\">Heikki Salo kertoo avausjaksossa, ett\u00e4 Timo Kotipelto on sairastunut eik\u00e4 h\u00e4n siksi p\u00e4\u00e4ssyt matkustamaan Calliolan kuvauspaikkaan samaa matkaa muiden kanssa.<\/p>\n<p class=\"paragraph\">\u2013 H\u00e4n l\u00e4hetti videoterveiset. H\u00e4n tulee my\u00f6hemmin sitten, Salo sanoo.<\/p>\n<p class=\"paragraph\">\u2013 Yrit\u00e4n tervehty\u00e4 kohta, ja sitten tulen kiusaamaan teit\u00e4 paskoilla l\u00e4pill\u00e4ni, Kotipelto sanoo videotervehdyksess\u00e4\u00e4n.<\/p>\n<p class=\"paragraph\">Kotipelto puuttuu my\u00f6s 11. syyskuuta n\u00e4ht\u00e4v\u00e4st\u00e4 jaksosta, jossa vietet\u00e4\u00e4n Benjaminin p\u00e4iv\u00e4\u00e4. H\u00e4nen esityksens\u00e4 on kuitenkin kuvattu muutamaa p\u00e4iv\u00e4\u00e4 my\u00f6hemmin ja lis\u00e4tty jaksoon.<\/p>\n<p>Timo Kotipelto oli sairaana Vain el\u00e4m\u00e4\u00e4 -kuvausten alkaessa. kaisa vehkalahti<\/p>\n<p class=\"paragraph\">Vakikahdeksikon lis\u00e4ksi syksyn tuotantokaudella n\u00e4hd\u00e4\u00e4n kunniavieraina Nylon Beat, <a href=\"https:\/\/www.iltalehti.fi\/henkilot\/Mr. Lordi\" class=\"article-link-person-page\" rel=\"nofollow noopener\" target=\"_blank\">Lordi<\/a> ja <a href=\"https:\/\/www.iltalehti.fi\/henkilot\/Samuli Putro\" class=\"article-link-person-page\" rel=\"nofollow noopener\" target=\"_blank\">Samuli Putro<\/a>.<\/p>\n<p class=\"paragraph\">Vain el\u00e4m\u00e4\u00e4 perjantaina Nelosella kello 20.00 &amp; Ruudussa. <a href=\"https:\/\/www.iltalehti.fi\/telkku\/\" rel=\"nofollow noopener\" target=\"_blank\">Katso kaikki\u00a0TV-ohjelmat ja l\u00e4hetysajat Telkun TV-oppaasta<\/a>.<\/p>\n","protected":false},"excerpt":{"rendered":"Timo Kotipelto ei ole mukana Vain el\u00e4m\u00e4\u00e4 -kauden ensimm\u00e4isiss\u00e4 jaksoissa. Vain el\u00e4m\u00e4\u00e4 -kauden alussa on kahdeksasta artistista mukana&hellip;\n","protected":false},"author":2,"featured_media":338723,"comment_status":"","ping_status":"","sticky":false,"template":"","format":"standard","meta":{"footnotes":"","_share_on_mastodon":"0"},"categories":[130],"tags":[35,138,137,33,31,30,47,1999,32,140,139,109],"class_list":["post-338722","post","type-post","status-publish","format-standard","has-post-thumbnail","category-viihde","tag-24h","tag-audio","tag-entertainment","tag-fi","tag-finland","tag-finnish","tag-musiikki","tag-suomalaiset-tv-ohjelmat","tag-suomi","tag-tv-ja-elokuvat","tag-tv-ohjelmat","tag-viihde"],"share_on_mastodon":{"url":"https:\/\/pubeurope.com\/@fi\/117195477709319496","error":""},"_links":{"self":[{"href":"https:\/\/www.europesays.com\/fi\/wp-json\/wp\/v2\/posts\/338722","targetHints":{"allow":["GET"]}}],"collection":[{"href":"https:\/\/www.europesays.com\/fi\/wp-json\/wp\/v2\/posts"}],"about":[{"href":"https:\/\/www.europesays.com\/fi\/wp-json\/wp\/v2\/types\/post"}],"author":[{"embeddable":true,"href":"https:\/\/www.europesays.com\/fi\/wp-json\/wp\/v2\/users\/2"}],"replies":[{"embeddable":true,"href":"https:\/\/www.europesays.com\/fi\/wp-json\/wp\/v2\/comments?post=338722"}],"version-history":[{"count":0,"href":"https:\/\/www.europesays.com\/fi\/wp-json\/wp\/v2\/posts\/338722\/revisions"}],"wp:featuredmedia":[{"embeddable":true,"href":"https:\/\/www.europesays.com\/fi\/wp-json\/wp\/v2\/media\/338723"}],"wp:attachment":[{"href":"https:\/\/www.europesays.com\/fi\/wp-json\/wp\/v2\/media?parent=338722"}],"wp:term":[{"taxonomy":"category","embeddable":true,"href":"https:\/\/www.europesays.com\/fi\/wp-json\/wp\/v2\/categories?post=338722"},{"taxonomy":"post_tag","embeddable":true,"href":"https:\/\/www.europesays.com\/fi\/wp-json\/wp\/v2\/tags?post=338722"}],"curies":[{"name":"wp","href":"https:\/\/api.w.org\/{rel}","templated":true}]}}