{"id":338728,"date":"2026-09-01T11:14:15","date_gmt":"2026-09-01T11:14:15","guid":{"rendered":"https:\/\/www.europesays.com\/fi\/338728\/"},"modified":"2026-09-01T11:14:15","modified_gmt":"2026-09-01T11:14:15","slug":"poliisi-muutti-maijojen-rakennetta-oikeusasiamiehen-vaatimuksesta-tuloksena-uusia-tyoturvallisuusriskeja-kotimaa","status":"publish","type":"post","link":"https:\/\/www.europesays.com\/fi\/338728\/","title":{"rendered":"Poliisi muutti \u201dmaijojen\u201d rakennetta oikeusasia\u00admiehen vaatimuksesta \u2013 tuloksena uusia ty\u00f6turvallisuus\u00adriskej\u00e4 | Kotimaa"},"content":{"rendered":"<p class=\"aw__sc-1qwuw0s-0 aw__sc-1vg2sqm-0 epAWpq ecELkD yle__article__paragraph\">Poliisilla on kokeilussa yksitoista uutta Ford Transit Custom -poliisiautoa, joissa on ongelmallinen sis\u00e4rakenne.<\/p>\n<p>Videolla poliisiylitarkastaja Sami H\u00e4t\u00f6nen kommentoi poliisin uusia Fordeja. Video: Lenni Lehtonen \/ Yle<\/p>\n<ul class=\"aw__sc-1yb43iq-0 gFXHv yle__article__list yle__article__list--ul\">\n<li class=\"aw__sc-1yb43iq-1 gVAzbt\">Poliisin yksitoista uutta Ford Transit -pakettiautoa ovat osoittautuneet ongelmallisiksi.<\/li>\n<li class=\"aw__sc-1yb43iq-1 gVAzbt\">Auton keskiosassa sijaitsevan kuljetustilan turvavy\u00f6t voivat aiheuttaa poliisille ty\u00f6turvallisuusriskej\u00e4. Ohjaamon puheet kuuluvat kuljetustilaan.<\/li>\n<li class=\"aw__sc-1yb43iq-1 gVAzbt\">11 auton koe-er\u00e4 hankittiin turvallisuuden parantamiseksi, mutta niist\u00e4 paljastuikin riskej\u00e4.<\/li>\n<li class=\"aw__sc-1yb43iq-1 gVAzbt\">Koe-er\u00e4n autoista ker\u00e4t\u00e4\u00e4n k\u00e4ytt\u00f6kokemuksia. Jos autojen sis\u00e4rakenne ei sovi partiotoimintaan, saman sis\u00e4rakenteen autoja ei tilata lis\u00e4\u00e4.<\/li>\n<\/ul>\n<p class=\"aw__sc-1qwuw0s-0 aw__sc-ngllmo-0 epAWpq fzYpjk yle__article__paragraph\">Poliisilaitokset ymp\u00e4ri Suomen ovat ottaneet t\u00e4n\u00e4 vuonna partiok\u00e4ytt\u00f6\u00f6n uusia Ford Transit Custom -pakettiautoja, mutta uusi malli on osoittautunut ongelmalliseksi.<\/p>\n<p class=\"aw__sc-1qwuw0s-0 aw__sc-ngllmo-0 epAWpq fzYpjk yle__article__paragraph\">Kyseess\u00e4 on 11 auton koe-er\u00e4.<\/p>\n<p class=\"aw__sc-1qwuw0s-0 aw__sc-ngllmo-0 epAWpq fzYpjk yle__article__paragraph\">Esimerkiksi auton kuljetustilan turvavy\u00f6 koetaan riskiksi, jonka lis\u00e4ksi ohjaamon puheet kuuluvat kehnon \u00e4\u00e4nieristyksen vuoksi kuljetustilaan.<\/p>\n<p class=\"aw__sc-1qwuw0s-0 aw__sc-ngllmo-0 epAWpq fzYpjk yle__article__paragraph\">Haasteelliseksi osoittautuneen sis\u00e4tilarakenteen taustalla on eduskunnan oikeusasiamiehen vaatimus selvitt\u00e4\u00e4, voiko uudenlaisilla rakenteilla parantaa poliisiauton ty\u00f6- ja kuljetusturvallisuutta. Riskien vuoksi koe-er\u00e4n kaltaisten autojen tarina saattaa j\u00e4\u00e4d\u00e4 lyhyeksi.<\/p>\n<p class=\"aw__sc-1qwuw0s-0 aw__sc-ngllmo-0 epAWpq fzYpjk yle__article__paragraph\">\u2013 Ristiriitaista on, ett\u00e4 samassa selvityksess\u00e4 esiin on noussut ty\u00f6- ja asiakasturvallisuuteen liittyvi\u00e4 riskej\u00e4, toteaa poliisiylitarkastaja <strong class=\"aw__sc-ngllmo-2 gdRrun yle__article__strong\">Sami H\u00e4t\u00f6nen<\/strong>.<\/p>\n<p><img decoding=\"async\" alt=\"Poliisin pakettiauto valkoisella pohjav\u00e4rill\u00e4 ja poliisin teksti- ja heijastinteippauksilla.\" src=\"https:\/\/www.europesays.com\/fi\/wp-content\/uploads\/2026\/09\/1787850450.jpeg\" loading=\"lazy\" class=\"aw__sc-dklauk-0 LPzKX\"\/><\/p>\n<p>Avaa kuvien katselu<\/p>\n<p>Yhdentoista auton koe-er\u00e4 on jaettu poliisilaitoksille ja Poliisiammattikorkeakoululle. Transiteja on tullut poliisille muillakin sisustaratkaisuilla, mutta nimenomaan t\u00e4m\u00e4n version tarina saattaa j\u00e4\u00e4d\u00e4 lyhyeksi. Kuva: Lenni Lehtonen \/ YleRiskialttiit turvavy\u00f6t ja kehno \u00e4\u00e4nieristys<\/p>\n<p class=\"aw__sc-1qwuw0s-0 aw__sc-ngllmo-0 epAWpq fzYpjk yle__article__paragraph\">Poliiseissa huolta her\u00e4tt\u00e4v\u00e4t esimerkiksi keskikuljetustilan turvavy\u00f6t.<\/p>\n<p class=\"aw__sc-1qwuw0s-0 aw__sc-ngllmo-0 epAWpq fzYpjk yle__article__paragraph\">Ne asennettiin autoon liikenneturvallisuuden parantamiseksi, mutta k\u00e4yt\u00e4nn\u00f6ss\u00e4 ne muodostavat ty\u00f6turvallisuusriskin. Kyydiss\u00e4 istuva asiakas voi yritt\u00e4\u00e4 vahingoittaa niill\u00e4 itse\u00e4\u00e4n tai ty\u00f6teht\u00e4viss\u00e4 olevia poliiseja.<\/p>\n<p class=\"aw__sc-1qwuw0s-0 aw__sc-ngllmo-0 epAWpq fzYpjk yle__article__paragraph\">Toinen keskeinen ongelma liittyy ohjaamon ja kuljetustilan v\u00e4liseen \u00e4\u00e4nieristykseen. Koska kuljetustila sijaitsee heti ohjaamon takana, etupenkill\u00e4 istuvien poliisien keskustelut kuuluvat kehnon \u00e4\u00e4nieristyksen vuoksi kuljetustilassa istuvan asiakkaan korviin.<\/p>\n<p class=\"aw__sc-1qwuw0s-0 aw__sc-ngllmo-0 epAWpq fzYpjk yle__article__paragraph\">Kuljetustilan sijainti on toisaalta ollut keskeinen tekij\u00e4 kuljetus- ja liikenneturvallisuuden parantamisessa.<\/p>\n<p><img decoding=\"async\" alt=\"Poliisin pakettiatuon keskiosassa olevan kuljetustilan ja ohjaamon v\u00e4linen v\u00e4lisein\u00e4.\" src=\"https:\/\/www.europesays.com\/fi\/wp-content\/uploads\/2026\/09\/1787850482.jpeg\" loading=\"lazy\" class=\"aw__sc-dklauk-0 LPzKX\"\/><\/p>\n<p>Avaa kuvien katselu<\/p>\n<p>Ohjaamon ja kuljetustilan v\u00e4lisein\u00e4ss\u00e4 on ikkuna. Sein\u00e4n \u00e4\u00e4nieristyksest\u00e4 on poliisissa annettu palautetta. Kuva: Lenni Lehtonen \/ YleKoe-er\u00e4st\u00e4 ker\u00e4t\u00e4\u00e4n kokemuksia<\/p>\n<p class=\"aw__sc-1qwuw0s-0 aw__sc-ngllmo-0 epAWpq fzYpjk yle__article__paragraph\">Partiok\u00e4yt\u00f6ss\u00e4 olevista autoista ker\u00e4t\u00e4\u00e4n parhaillaan k\u00e4ytt\u00e4j\u00e4kokemuksia kent\u00e4lt\u00e4. Niin Transitien kuin keskitilassa sijaitsevan kuljetustilan jatko selvi\u00e4\u00e4 siis my\u00f6hemmin.<\/p>\n<p class=\"aw__sc-1qwuw0s-0 aw__sc-ngllmo-0 epAWpq fzYpjk yle__article__paragraph\">\u2013 Mit\u00e4 auton ominaisuuksiin tulee, ovat k\u00e4temme tietyll\u00e4 tavalla sidotut. Noudatamme tiukkaa hankintalains\u00e4\u00e4d\u00e4nt\u00f6\u00e4, mutta haluamme tietenkin, ett\u00e4 kent\u00e4n \u00e4\u00e4ni saadaan mahdollisimman vahvasti kuuluviin, Sami H\u00e4t\u00f6nen sanoo.<\/p>\n<p class=\"aw__sc-1qwuw0s-0 aw__sc-ngllmo-0 epAWpq fzYpjk yle__article__paragraph\">Poliisilaitosten Ford Transit -hankintoja koordinoi julkishallinnon yhteishankintayhti\u00f6 Hansel oy. Poliisi on hankkinut Transitinsa pakettiautorunkoisten partioautojen puitej\u00e4rjestelyn kautta.<\/p>\n<p class=\"aw__sc-1qwuw0s-0 aw__sc-ngllmo-0 epAWpq fzYpjk yle__article__paragraph\">Puitej\u00e4rjestely tarkoittaa t\u00e4ss\u00e4 tapauksessa ajoneuvojen yhteishankintaa hankintasopimuksella, josta on etuk\u00e4teen tehty hankintailmoitus ja tarjouspyynt\u00f6.<\/p>\n<p class=\"aw__sc-1qwuw0s-0 aw__sc-ngllmo-0 epAWpq fzYpjk yle__article__paragraph\">\u2013 Me voimme poliisissa vaikuttaa rajallisesti, millainen ajoneuvon runko on, mutta varusteluun on enemm\u00e4n vaikutusmahdollisuuksia.<\/p>\n<p><img decoding=\"async\" alt=\"Poliisiylitarkastaja Sami H\u00e4t\u00f6nen poliisiauton edess\u00e4.\" src=\"https:\/\/www.europesays.com\/fi\/wp-content\/uploads\/2026\/09\/1787935910.jpeg\" loading=\"lazy\" class=\"aw__sc-dklauk-0 LPzKX\"\/><\/p>\n<p>Avaa kuvien katselu<\/p>\n<p>Poliisiylitarkastaja Sami H\u00e4t\u00f6nen muistuttaa, ett\u00e4 poliisiauto on yksi poliisin t\u00e4rkeimpi\u00e4 ty\u00f6v\u00e4lineit\u00e4.  Kuva: Lenni Lehtonen \/ Yle<\/p>\n<p class=\"aw__sc-1qwuw0s-0 aw__sc-ngllmo-0 epAWpq fzYpjk yle__article__paragraph\">Jos keskikuljetustilalla varustetuista maijoista ei ole poliisin tavanomaiseen partiotoimintaan, niit\u00e4 ei jatkossa en\u00e4\u00e4 H\u00e4t\u00f6sen mukaan tilata.<\/p>\n<p class=\"aw__sc-1qwuw0s-0 aw__sc-ngllmo-0 epAWpq fzYpjk yle__article__paragraph\">Lopullista p\u00e4\u00e4t\u00f6st\u00e4 niiden soveltuvuudesta poliisin partiointiin ei ole viel\u00e4 tehty.<\/p>\n<p class=\"aw__sc-1qwuw0s-0 aw__sc-ngllmo-0 epAWpq fzYpjk yle__article__paragraph\">\u2013 N\u00e4m\u00e4 jo tilatut yksitoista ajoneuvoa sijoitetaan hyvin todenn\u00e4k\u00f6isesti sellaisiin teht\u00e4viin, miss\u00e4 ty\u00f6turvallisuusriskeist\u00e4 tai muista ei ole poliisin ty\u00f6lle haittaa.<\/p>\n<p>Positiivistakin palautetta tullut<\/p>\n<p class=\"aw__sc-1qwuw0s-0 aw__sc-ngllmo-0 epAWpq fzYpjk yle__article__paragraph\">Tampereen p\u00e4\u00e4poliisiasemalle uudenmallinen Transit saapui kev\u00e4\u00e4ll\u00e4, ja se on siit\u00e4 asti ollut Sis\u00e4-Suomen poliisin kentt\u00e4ty\u00f6ss\u00e4.<\/p>\n<p class=\"aw__sc-1qwuw0s-0 aw__sc-ngllmo-0 epAWpq fzYpjk yle__article__paragraph\">Ylikonstaapeli <strong class=\"aw__sc-ngllmo-2 gdRrun yle__article__strong\">Petri Jokinen<\/strong> ty\u00f6skentelee Sis\u00e4-Suomen poliisissa kalustovastaavana. H\u00e4nelle kuljetustilan hankala sijainti on tuttu puheenaihe, mutta h\u00e4n korostaa, ett\u00e4 samanlaisia Transitteja on poliisilla k\u00e4yt\u00f6ss\u00e4 my\u00f6s erilaisilla sis\u00e4rakenteilla.<\/p>\n<p class=\"aw__sc-1qwuw0s-0 aw__sc-ngllmo-0 epAWpq fzYpjk yle__article__paragraph\">\u2013 Meill\u00e4 Sis\u00e4-Suomen poliisilla toki on k\u00e4yt\u00f6ss\u00e4 vain t\u00e4m\u00e4 yksi.<\/p>\n<p class=\"aw__sc-1qwuw0s-0 aw__sc-ngllmo-0 epAWpq fzYpjk yle__article__paragraph\"><strong class=\"aw__sc-ngllmo-2 gdRrun yle__article__strong\">Videolla ylikonstaapeli Petri Jokinen kertoo k\u00e4yt\u00f6ss\u00e4 olevasta partioautosta.<\/strong><\/p>\n<p>Video: Lenni Lehtonen \/ Yle<\/p>\n<p class=\"aw__sc-1qwuw0s-0 aw__sc-ngllmo-0 epAWpq fzYpjk yle__article__paragraph\">Jokisen mukaan autosta on tullut my\u00f6s positiivista palautetta, mutta juuri kuljetustilan sijoittelu aiheuttaa haasteita. \u00c4\u00e4nen kulkeutuminen ohjaamon ja kuljetustilan v\u00e4lill\u00e4 ei ole hyv\u00e4 asia.<\/p>\n<p><img decoding=\"async\" alt=\"Poliisin pakettiauto valkoisella pohjav\u00e4rill\u00e4 ja poliisin teksti- ja heijastinteippauksilla.\" src=\"https:\/\/www.europesays.com\/fi\/wp-content\/uploads\/2026\/09\/1787850490.jpeg\" class=\"aw__sc-dklauk-0 LPzKX\"\/><\/p>\n<p>Avaa kuvien katselu<\/p>\n<p><img decoding=\"async\" alt=\"Poliisin pakettiauton keskiosassa olevan kuljetustilan kaksi penkki\u00e4 ja sein\u00e4t.\" src=\"https:\/\/www.europesays.com\/fi\/wp-content\/uploads\/2026\/09\/1787850499.jpeg\" class=\"aw__sc-dklauk-0 LPzKX\"\/><\/p>\n<p>Avaa kuvien katselu<\/p>\n","protected":false},"excerpt":{"rendered":"Poliisilla on kokeilussa yksitoista uutta Ford Transit Custom -poliisiautoa, joissa on ongelmallinen sis\u00e4rakenne. Videolla poliisiylitarkastaja Sami H\u00e4t\u00f6nen kommentoi&hellip;\n","protected":false},"author":2,"featured_media":338729,"comment_status":"","ping_status":"","sticky":false,"template":"","format":"standard","meta":{"footnotes":"","_share_on_mastodon":"0"},"categories":[12],"tags":[22,23,26,27,33,31,30,17,71,24,25,28,29,15,18,21,16025,553,52,14769,5029,32,551,19,20,10197,16],"class_list":["post-338728","post","type-post","status-publish","format-standard","has-post-thumbnail","category-suomi","tag-breaking-news","tag-breakingnews","tag-featured-news","tag-featurednews","tag-fi","tag-finland","tag-finnish","tag-headlines","tag-kotimaa","tag-latest-news","tag-latestnews","tag-main-news","tag-mainnews","tag-news","tag-otsikot","tag-paauutiset","tag-pakettiautot","tag-pirkanmaa","tag-poliisi","tag-poliisiajoneuvot","tag-sisa-suomen-poliisilaitos","tag-suomi","tag-tampere","tag-top-stories","tag-topstories","tag-tyoturvallisuus","tag-uutiset"],"share_on_mastodon":{"url":"https:\/\/pubeurope.com\/@fi\/117195497683720753","error":""},"_links":{"self":[{"href":"https:\/\/www.europesays.com\/fi\/wp-json\/wp\/v2\/posts\/338728","targetHints":{"allow":["GET"]}}],"collection":[{"href":"https:\/\/www.europesays.com\/fi\/wp-json\/wp\/v2\/posts"}],"about":[{"href":"https:\/\/www.europesays.com\/fi\/wp-json\/wp\/v2\/types\/post"}],"author":[{"embeddable":true,"href":"https:\/\/www.europesays.com\/fi\/wp-json\/wp\/v2\/users\/2"}],"replies":[{"embeddable":true,"href":"https:\/\/www.europesays.com\/fi\/wp-json\/wp\/v2\/comments?post=338728"}],"version-history":[{"count":0,"href":"https:\/\/www.europesays.com\/fi\/wp-json\/wp\/v2\/posts\/338728\/revisions"}],"wp:featuredmedia":[{"embeddable":true,"href":"https:\/\/www.europesays.com\/fi\/wp-json\/wp\/v2\/media\/338729"}],"wp:attachment":[{"href":"https:\/\/www.europesays.com\/fi\/wp-json\/wp\/v2\/media?parent=338728"}],"wp:term":[{"taxonomy":"category","embeddable":true,"href":"https:\/\/www.europesays.com\/fi\/wp-json\/wp\/v2\/categories?post=338728"},{"taxonomy":"post_tag","embeddable":true,"href":"https:\/\/www.europesays.com\/fi\/wp-json\/wp\/v2\/tags?post=338728"}],"curies":[{"name":"wp","href":"https:\/\/api.w.org\/{rel}","templated":true}]}}