{"id":338732,"date":"2026-09-01T11:27:10","date_gmt":"2026-09-01T11:27:10","guid":{"rendered":"https:\/\/www.europesays.com\/fi\/338732\/"},"modified":"2026-09-01T11:27:10","modified_gmt":"2026-09-01T11:27:10","slug":"minttu-murphy-kaulaselta-poistettiin-kohtu-leikkauksessa-uutissuomalainen","status":"publish","type":"post","link":"https:\/\/www.europesays.com\/fi\/338732\/","title":{"rendered":"Minttu Murphy-Kaulaselta poistettiin kohtu leikkauksessa | Uutissuomalainen"},"content":{"rendered":"<p><strong>Michele &#8221;Minttu&#8221; Murphy-Kaulaselta<\/strong> on poistettu kohtu. H\u00e4nen puolisonsa, kyl\u00e4kauppias <strong>Sampo Kaulanen<\/strong> kertoo asiasta h\u00e4nen TikTok-tilill\u00e4\u00e4n. Kaulanen kertoo videolla, ett\u00e4 Murphy-Kaulasella todettiin isoja myoomia, joiden vuoksi leikkaus piti tehd\u00e4.<\/p>\n<p>\u2013 Harva asia minua j\u00e4nnitt\u00e4\u00e4\/pelottaa yht\u00e4 paljon kuin n\u00e4m\u00e4 terveysasiat, Kaulanen kirjoittaa videon kuvatekstiss\u00e4.<\/p>\n<p>Myoomat ovat yleisi\u00e4 kohtulihaksen hyv\u00e4laatuisia kasvaimia, <a href=\"https:\/\/www.terveyskirjasto.fi\/dlk00157\" rel=\"nofollow noopener\" target=\"_blank\">Terveyskirjasto<\/a> kertoo. Niit\u00e4 todetaan jopa puolella lis\u00e4\u00e4ntymiskykyisess\u00e4 i\u00e4ss\u00e4 olevista naisista.<\/p>\n<p>Leikkaushoito tulee kuitenkin kyseeseen silloin, jos oireet ovat hankalia tai myooma on kasvanut nopeasti. Terveyskirjaston mukaan myooma on Suomessa yleisin syy kohdunpoistoon.<\/p>\n<p><strong class=\"diks-storyline__impact\">My\u00f6hemmin Kaulanen<\/strong> julkaisi Instagramiinsa kuvan Murphy-Kaulasesta sairaalas\u00e4ngyss\u00e4. Kuvan taustalla soi pirte\u00e4 musiikki.<\/p>\n<p>\u2013\u2009H\u00e4n on hereill\u00e4. Kaikki meni hyvin! Kiitos! Kivi tippui syd\u00e4melt\u00e4, Kaulanen kirjoittaa kuvatekstiss\u00e4.<\/p>\n<p>Jos julkaisu ei n\u00e4y, voit katsoa sen <a href=\"https:\/\/www.instagram.com\/p\/Dcs9UCUN5Bg\/\" rel=\"nofollow noopener\" target=\"_blank\">t\u00e4st\u00e4<\/a>.<\/p>\n<p>Murphy-Kaulanen kertoi kokemuksesta my\u00f6s oman Instagram-k\u00e4ytt\u00e4j\u00e4ns\u00e4 tarinat-osiossa tiistaiaamulla. Instagramin tarinat n\u00e4kyv\u00e4t sovelluksessa 24 tuntia ennen poistumista. Videolla Murphy-Kaulanen kehuu sairaalan toimintaa vuolaasti.<\/p>\n<p>\u2013\u2009Aivan superkiitollinen olo, h\u00e4n sanoo videolla.<\/p>\n<p>Kello 11 aikaan aamup\u00e4iv\u00e4ll\u00e4 Murphy-Kaulanen kertoi tarinoissaan p\u00e4\u00e4sseens\u00e4 jo \u00e4itins\u00e4 luokse toipumaan.<\/p>\n<p>Murphy-Kaulanen esiintyy Petolliset-sarjan seuraavalla kaudella.<\/p>\n<p>\t\t\t\t\t\t\t\t\t<script async src=\"\/\/www.instagram.com\/embed.js\"><\/script><\/p>\n","protected":false},"excerpt":{"rendered":"Michele &#8221;Minttu&#8221; Murphy-Kaulaselta on poistettu kohtu. H\u00e4nen puolisonsa, kyl\u00e4kauppias Sampo Kaulanen kertoo asiasta h\u00e4nen TikTok-tilill\u00e4\u00e4n. Kaulanen kertoo videolla,&hellip;\n","protected":false},"author":2,"featured_media":338733,"comment_status":"","ping_status":"","sticky":false,"template":"","format":"standard","meta":{"footnotes":"","_share_on_mastodon":"0"},"categories":[136],"tags":[407,137,33,31,30,2675,408,3395,2461,32,502,679,167,2696,109],"class_list":["post-338732","post","type-post","status-publish","format-standard","has-post-thumbnail","category-julkkikset","tag-celebrities","tag-entertainment","tag-fi","tag-finland","tag-finnish","tag-instagram","tag-julkkikset","tag-petolliset","tag-sairaalat-ja-terveyskeskukset","tag-suomi","tag-terveydenhoito","tag-terveydenhuollon-toimintalaitokset","tag-terveys","tag-tiktok","tag-viihde"],"share_on_mastodon":{"url":"https:\/\/pubeurope.com\/@fi\/117195547755823771","error":""},"_links":{"self":[{"href":"https:\/\/www.europesays.com\/fi\/wp-json\/wp\/v2\/posts\/338732","targetHints":{"allow":["GET"]}}],"collection":[{"href":"https:\/\/www.europesays.com\/fi\/wp-json\/wp\/v2\/posts"}],"about":[{"href":"https:\/\/www.europesays.com\/fi\/wp-json\/wp\/v2\/types\/post"}],"author":[{"embeddable":true,"href":"https:\/\/www.europesays.com\/fi\/wp-json\/wp\/v2\/users\/2"}],"replies":[{"embeddable":true,"href":"https:\/\/www.europesays.com\/fi\/wp-json\/wp\/v2\/comments?post=338732"}],"version-history":[{"count":0,"href":"https:\/\/www.europesays.com\/fi\/wp-json\/wp\/v2\/posts\/338732\/revisions"}],"wp:featuredmedia":[{"embeddable":true,"href":"https:\/\/www.europesays.com\/fi\/wp-json\/wp\/v2\/media\/338733"}],"wp:attachment":[{"href":"https:\/\/www.europesays.com\/fi\/wp-json\/wp\/v2\/media?parent=338732"}],"wp:term":[{"taxonomy":"category","embeddable":true,"href":"https:\/\/www.europesays.com\/fi\/wp-json\/wp\/v2\/categories?post=338732"},{"taxonomy":"post_tag","embeddable":true,"href":"https:\/\/www.europesays.com\/fi\/wp-json\/wp\/v2\/tags?post=338732"}],"curies":[{"name":"wp","href":"https:\/\/api.w.org\/{rel}","templated":true}]}}