{"id":338756,"date":"2026-09-01T12:05:08","date_gmt":"2026-09-01T12:05:08","guid":{"rendered":"https:\/\/www.europesays.com\/fi\/338756\/"},"modified":"2026-09-01T12:05:08","modified_gmt":"2026-09-01T12:05:08","slug":"intiassa-elokuu-oli-kuumin-yli-sataan-vuoteen-uutisia-lyhyesti","status":"publish","type":"post","link":"https:\/\/www.europesays.com\/fi\/338756\/","title":{"rendered":"Intiassa elokuu oli kuumin yli sataan vuoteen | Uutisia lyhyesti"},"content":{"rendered":"<p class=\"aw__sc-1qwuw0s-0 aw__sc-ngllmo-0 epAWpq fzYpjk yle__article__paragraph\">Elokuu oli Intiassa maan mittaushistorian kuumin.<\/p>\n<p class=\"aw__sc-1qwuw0s-0 aw__sc-ngllmo-0 epAWpq fzYpjk yle__article__paragraph\">Kuun keskil\u00e4mp\u00f6tila nousi elokuussa 28,01 celsiusasteeseen. Se ylitt\u00e4\u00e4 pitk\u00e4n ajan keskiarvon 0,67 asteella, Intian meteorologinen laitos kertoi tiistaina. Mittaushistoria alkaa vuodesta 1901.<\/p>\n<p class=\"aw__sc-1qwuw0s-0 aw__sc-ngllmo-0 epAWpq fzYpjk yle__article__paragraph\">Laitoksen mukaan Intian monsuunisateet j\u00e4iv\u00e4t elokuussa 16 prosenttia normaalia v\u00e4h\u00e4isemm\u00e4ksi, mik\u00e4 osaltaan nosti l\u00e4mp\u00f6tiloja.<\/p>\n<p class=\"aw__sc-1qwuw0s-0 aw__sc-ngllmo-0 epAWpq fzYpjk yle__article__paragraph\">Asiantuntijoiden mukaan my\u00f6s syyskuun sadem\u00e4\u00e4rien odotetaan j\u00e4\u00e4v\u00e4n normaalia niukemmiksi ja l\u00e4mp\u00f6tilojen nousevan korkeammiksi, kertoo <a class=\"aw__sc-ngllmo-1 bTDnwX yle__article__link\" href=\"https:\/\/www.ndtv.com\/india-news\/india-records-hottest-august-since-1901-weather-office-11982636\" role=\"link\" rel=\"nofollow noopener\" target=\"_blank\">intialainen NDTV<\/a>.<\/p>\n<p class=\"aw__sc-1qwuw0s-0 aw__sc-ngllmo-0 epAWpq fzYpjk yle__article__paragraph\">Osasyy normaalia pienemp\u00e4\u00e4n sadem\u00e4\u00e4r\u00e4\u00e4n ovat <a class=\"aw__sc-ngllmo-1 bTDnwX yle__article__link\" href=\"https:\/\/yle.fi\/a\/74-20231118\" role=\"link\" rel=\"nofollow noopener\" target=\"_blank\">El Ni\u00f1o -olosuhteiden<\/a> voimistuminen Tyynell\u00e4merell\u00e4. El Ni\u00f1o -ilmi\u00f6st\u00e4 ennustetaan <a class=\"aw__sc-ngllmo-1 bTDnwX yle__article__link\" href=\"https:\/\/yle.fi\/a\/74-20238018\" role=\"link\" rel=\"nofollow noopener\" target=\"_blank\">t\u00e4n\u00e4 vuonna mittaushistorian voimakkainta<\/a>.<\/p>\n<p class=\"aw__sc-1qwuw0s-0 aw__sc-ngllmo-0 epAWpq fzYpjk yle__article__paragraph\">L\u00e4hde: AFP<\/p>\n","protected":false},"excerpt":{"rendered":"Elokuu oli Intiassa maan mittaushistorian kuumin. Kuun keskil\u00e4mp\u00f6tila nousi elokuussa 28,01 celsiusasteeseen. Se ylitt\u00e4\u00e4 pitk\u00e4n ajan keskiarvon 0,67&hellip;\n","protected":false},"author":2,"featured_media":338757,"comment_status":"","ping_status":"","sticky":false,"template":"","format":"standard","meta":{"footnotes":"","_share_on_mastodon":"0"},"categories":[76],"tags":[79,77,32227,33,31,30,2167,710,32,78,10885,56],"class_list":["post-338756","post","type-post","status-publish","format-standard","has-post-thumbnail","category-talous","tag-business","tag-economy","tag-el-nino","tag-fi","tag-finland","tag-finnish","tag-intia","tag-saa","tag-suomi","tag-talous","tag-tyynimeri","tag-ulkomaat"],"share_on_mastodon":{"url":"https:\/\/pubeurope.com\/@fi\/117195697440843796","error":""},"_links":{"self":[{"href":"https:\/\/www.europesays.com\/fi\/wp-json\/wp\/v2\/posts\/338756","targetHints":{"allow":["GET"]}}],"collection":[{"href":"https:\/\/www.europesays.com\/fi\/wp-json\/wp\/v2\/posts"}],"about":[{"href":"https:\/\/www.europesays.com\/fi\/wp-json\/wp\/v2\/types\/post"}],"author":[{"embeddable":true,"href":"https:\/\/www.europesays.com\/fi\/wp-json\/wp\/v2\/users\/2"}],"replies":[{"embeddable":true,"href":"https:\/\/www.europesays.com\/fi\/wp-json\/wp\/v2\/comments?post=338756"}],"version-history":[{"count":0,"href":"https:\/\/www.europesays.com\/fi\/wp-json\/wp\/v2\/posts\/338756\/revisions"}],"wp:featuredmedia":[{"embeddable":true,"href":"https:\/\/www.europesays.com\/fi\/wp-json\/wp\/v2\/media\/338757"}],"wp:attachment":[{"href":"https:\/\/www.europesays.com\/fi\/wp-json\/wp\/v2\/media?parent=338756"}],"wp:term":[{"taxonomy":"category","embeddable":true,"href":"https:\/\/www.europesays.com\/fi\/wp-json\/wp\/v2\/categories?post=338756"},{"taxonomy":"post_tag","embeddable":true,"href":"https:\/\/www.europesays.com\/fi\/wp-json\/wp\/v2\/tags?post=338756"}],"curies":[{"name":"wp","href":"https:\/\/api.w.org\/{rel}","templated":true}]}}