{"id":338760,"date":"2026-09-01T12:07:17","date_gmt":"2026-09-01T12:07:17","guid":{"rendered":"https:\/\/www.europesays.com\/fi\/338760\/"},"modified":"2026-09-01T12:07:17","modified_gmt":"2026-09-01T12:07:17","slug":"lauri-peltolalta-uusia-syytoksia-akkukohuun-donut-lab-kiistaa-kaiken-ja-ryhtyy-vastahyokkaykseen-iltalehti","status":"publish","type":"post","link":"https:\/\/www.europesays.com\/fi\/338760\/","title":{"rendered":"Lauri Peltolalta uusia syyt\u00f6ksi\u00e4 akkukohuun \u2013 Donut Lab kiist\u00e4\u00e4 kaiken ja ryhtyy vastahy\u00f6kk\u00e4ykseen &#8211; Iltalehti"},"content":{"rendered":"<ol>\n<li><a href=\"https:\/\/news.google.com\/rss\/articles\/CBMigAFBVV95cUxPVXBrNGswZjJoOTMzZFY2N3JqOHg0eTlLLWtYNEpkZ3lHLWNXNFpwYWZxMmQ1WlRWN2RjdkJuX040Q0ZfMkpKRlcwZnhTR2ljRHJuTGtmYmFWdElHelhLcXFBZE1OS0ZBSDBhU1ltajBDWUM3NUpxQ3JUWkNnc3o5WQ?oc=5\" target=\"_blank\" rel=\"nofollow noopener\">Lauri Peltolalta uusia syyt\u00f6ksi\u00e4 akkukohuun \u2013 Donut Lab kiist\u00e4\u00e4 kaiken ja ryhtyy vastahy\u00f6kk\u00e4ykseen<\/a>&nbsp;&nbsp;Iltalehti<\/li>\n<li><a href=\"https:\/\/news.google.com\/rss\/articles\/CBMifkFVX3lxTE9vblBnZnl4aW5MSWROTzNwOXVzUXJ5dm5jdmpKbGFKY1UxOVoxQlVaTXpIN0xuU1l3cmJ6OEJxSW5pWEpnTWYwcjRjU09WbE11RkNtWm1RVDA4dGFvWGVlRDRIdFUtbGxURXBZR0pDaUl2OTdScE9hT3VlTk52Zw?oc=5\" target=\"_blank\" rel=\"nofollow noopener\">Donut Lab on Finanssivalvonnan syyniss\u00e4 \u2013 My\u00f6s poliisilla k\u00e4ynniss\u00e4 esiselvitys<\/a>&nbsp;&nbsp;Talousel\u00e4m\u00e4<\/li>\n<li><a href=\"https:\/\/news.google.com\/rss\/articles\/CBMigAFBVV95cUxQV3hfbml3dWdYZVZSdlhRNWRJQUNlQlZ1bEVxbHNZTVNBXzY4aXhvb183TC14TkhnckJKY0lYMnFvdFVoTW54NnJfUEw3RHd5VE82aVVLTjl5RlpCYjM4N0VwOEh6U0Q4X0U3VjlXLWNBQkFRZkYteVE2YU5mZ2pTaA?oc=5\" target=\"_blank\" rel=\"nofollow noopener\">KL: Donut Lab j\u00e4lleen huijaussyyt\u00f6sten kohteena<\/a>&nbsp;&nbsp;SalkunRakentaja<\/li>\n<li><a href=\"https:\/\/news.google.com\/rss\/articles\/CBMingFBVV95cUxOR0cxOWlEQmhmWXViZ1kycjlwcEZZQ0RmekdEdVFJZ0RJWmlucnBHZV90c1lTWGo4TW4yLW1ZS3JmNi1MSDZtVjVLOTZ0aFZfd1ZrRlNwdC1qek5ENFBHVGtQSmNGd0lFWGRxaDh6T2JtUTRFd2lyejRhMHpWS3dWbUFCQ3I0ZUJ1dlNHLURCbmt6Y2dxLVZlbURMTi1hQQ?oc=5\" target=\"_blank\" rel=\"nofollow noopener\">KL: Donut Labin akkuv\u00e4itteist\u00e4 uusi k\u00e4\u00e4nne \u2013 yhti\u00f6 kiist\u00e4\u00e4 syyt\u00f6kset<\/a>&nbsp;&nbsp;Verkkouutiset<\/li>\n<li><a href=\"https:\/\/news.google.com\/rss\/articles\/CBMiWkFVX3lxTE9JSXBXLUpQTXFJWWphaWpRaEhaajN6RWVXR3dPazlvdnc0NVZDX1lYU1QxYm5oYnhOOEZMY19jc215eDNmZDhzZlpHWmhESkhmYVZNWHdYVTRFdw?oc=5\" target=\"_blank\" rel=\"nofollow noopener\">Nordic Nanon entinen kaupallinen johtaja Lauri Peltola: &#8221;En esit\u00e4 mielipiteit\u00e4 tosiasioina&#8221;<\/a>&nbsp;&nbsp;Uutisvuoksi<\/li>\n<\/ol>\n","protected":false},"excerpt":{"rendered":"Lauri Peltolalta uusia syyt\u00f6ksi\u00e4 akkukohuun \u2013 Donut Lab kiist\u00e4\u00e4 kaiken ja ryhtyy vastahy\u00f6kk\u00e4ykseen&nbsp;&nbsp;Iltalehti Donut Lab on Finanssivalvonnan syyniss\u00e4&hellip;\n","protected":false},"author":2,"featured_media":338761,"comment_status":"","ping_status":"","sticky":false,"template":"","format":"standard","meta":{"footnotes":"","_share_on_mastodon":"0"},"categories":[12],"tags":[35,22,23,124,1628,26,27,33,31,30,17,24,25,28,29,15,18,21,2007,32,487,149,19,20,16],"class_list":["post-338760","post","type-post","status-publish","format-standard","has-post-thumbnail","category-suomi","tag-24h","tag-breaking-news","tag-breakingnews","tag-energia-sektori","tag-energia-ja-energiavarat","tag-featured-news","tag-featurednews","tag-fi","tag-finland","tag-finnish","tag-headlines","tag-latest-news","tag-latestnews","tag-main-news","tag-mainnews","tag-news","tag-otsikot","tag-paauutiset","tag-sahko","tag-suomi","tag-teknologia-yleista","tag-tietojenkasittely-ja-informaatioteknologia","tag-top-stories","tag-topstories","tag-uutiset"],"share_on_mastodon":{"url":"https:\/\/pubeurope.com\/@fi\/117195705459293422","error":""},"_links":{"self":[{"href":"https:\/\/www.europesays.com\/fi\/wp-json\/wp\/v2\/posts\/338760","targetHints":{"allow":["GET"]}}],"collection":[{"href":"https:\/\/www.europesays.com\/fi\/wp-json\/wp\/v2\/posts"}],"about":[{"href":"https:\/\/www.europesays.com\/fi\/wp-json\/wp\/v2\/types\/post"}],"author":[{"embeddable":true,"href":"https:\/\/www.europesays.com\/fi\/wp-json\/wp\/v2\/users\/2"}],"replies":[{"embeddable":true,"href":"https:\/\/www.europesays.com\/fi\/wp-json\/wp\/v2\/comments?post=338760"}],"version-history":[{"count":0,"href":"https:\/\/www.europesays.com\/fi\/wp-json\/wp\/v2\/posts\/338760\/revisions"}],"wp:featuredmedia":[{"embeddable":true,"href":"https:\/\/www.europesays.com\/fi\/wp-json\/wp\/v2\/media\/338761"}],"wp:attachment":[{"href":"https:\/\/www.europesays.com\/fi\/wp-json\/wp\/v2\/media?parent=338760"}],"wp:term":[{"taxonomy":"category","embeddable":true,"href":"https:\/\/www.europesays.com\/fi\/wp-json\/wp\/v2\/categories?post=338760"},{"taxonomy":"post_tag","embeddable":true,"href":"https:\/\/www.europesays.com\/fi\/wp-json\/wp\/v2\/tags?post=338760"}],"curies":[{"name":"wp","href":"https:\/\/api.w.org\/{rel}","templated":true}]}}