{"id":338782,"date":"2026-09-01T12:46:09","date_gmt":"2026-09-01T12:46:09","guid":{"rendered":"https:\/\/www.europesays.com\/fi\/338782\/"},"modified":"2026-09-01T12:46:09","modified_gmt":"2026-09-01T12:46:09","slug":"essi-unkuri-jakaa-avoimesti-tuntojaan-synnytyksen-kaynnistamisesta","status":"publish","type":"post","link":"https:\/\/www.europesays.com\/fi\/338782\/","title":{"rendered":"Essi Unkuri jakaa avoimesti tuntojaan synnytyksen k\u00e4ynnist\u00e4misest\u00e4"},"content":{"rendered":"<p>\n            (180825) &#8212; Helsinki, August 18, 2025 \u2013 Essi Unkuri during the Miss Finland 2025 finalists&#8217; presentation in Helsinki, Finland, 18. August 2025. (Matti Matikainen\/Aller Media)<br \/>\n            Matti Matikainen\n        <\/p>\n<p class=\"subtitle \">Kymmenell\u00e4 raskauskuulla oleva Essi Unkuri valmistautuu esikoisensa syntym\u00e4\u00e4n.<\/p>\n<p class=\"article-content article-content-width !bg-background\">Radiojuontaja , 28, ja h\u00e4nen puolisonsa  odottavat parhaillaan esikoistaan.<\/p>\n<p class=\"font-weight-bold m-font-weight-bold article-content article-content-width !bg-background\">Katso my\u00f6s video: Ennsi Unkuri ja Viljami Harjuniemi juhlivat h\u00e4it\u00e4\u00e4n<\/p>\n<p class=\"article-content article-content-width !bg-background\">Essin raskaus on jo aivan loppusuoralla, ja tulevan \u00e4idin ajatukset ovat v\u00e4ist\u00e4m\u00e4tt\u00e4 yh\u00e4 enemm\u00e4n l\u00e4hestyv\u00e4ss\u00e4 synnytyksess\u00e4.<\/p>\n<p>        <a itemprop=\"url\" href=\"https:\/\/www.seiska.fi\/kotimaa\/essi-unkurin-julkaisema-kuvasarja-ihastuttaa-somessa-henkeasalpaava\/2239279\" rel=\"nofollow noopener\" target=\"_blank\"><\/p>\n<p>\nKuvasarja ihastuttaa somessa:\n<\/p>\n<p class=\"section-date\">\n        <strong class=\"article-section\" data-section=\"kotimaa\"><br \/>\n            kotimaa<br \/>\n        <\/strong><br \/>\n        19.8. 21:00\n    <\/p>\n<p>Essi Unkurin julkaisema kuvasarja ihastuttaa somessa: &#8221;Henke\u00e4salpaava&#8221;\n    <\/p>\n<p itemprop=\"description\" class=\"subtitle \">\n    Ex-missi Essi Unkurin julkaisema kuvasarja ihastuttaa.\n<\/p>\n<p>        <\/a><\/p>\n<p class=\"article-content article-content-width !bg-background\">Essi on jakanut sosiaalisessa mediassa avoimesti tuntojaan raskauden viime metreilt\u00e4. H\u00e4n julkaisi <a href=\"https:\/\/www.instagram.com\/p\/DcqMfN9l9p1\/?utm_source=ig_web_copy_link&amp;igsi=MzRlODBiNWFlZA==\" target=\"_blank\" rel=\"nofollow noopener\">Instagramissa<\/a> upean raskauskuvan, jossa h\u00e4n poseeraa keskell\u00e4 auringonkukkapeltoa valkoisessa asussa.<\/p>\n<p class=\"article-content article-content-width !bg-background\">\u2013 Voi t\u00e4t\u00e4 pient\u00e4, kun viihdyn niin hyvin massussa, Essi kirjoittaa.<\/p>\n<p>                <img decoding=\"async\" src=\"https:\/\/www.europesays.com\/fi\/wp-content\/uploads\/2026\/09\/2154167.webp\" width=\"576\" height=\"720\" alt=\"Viimeisimm\u00e4n tiedon mukaan vauvaa ei kuulunut viel\u00e4k\u00e4\u00e4n, vaikka moni Essin seuraaja uskoi h\u00e4nen lyhyehk\u00f6n sometaukonsa johtuneen synnytyslaitokselle l\u00e4htemisest\u00e4.\" loading=\"lazy\" \/>            <\/p>\n<p>\n            Viimeisimm\u00e4n tiedon mukaan vauvaa ei kuulunut viel\u00e4k\u00e4\u00e4n, vaikka moni Essin seuraaja uskoi h\u00e4nen lyhyehk\u00f6n sometaukonsa johtuneen synnytyslaitokselle l\u00e4htemisest\u00e4.<br \/>\n            Timo Korhonen\n        <\/p>\n<p class=\"article-content article-content-width !bg-background\">Kuvatekstiss\u00e4 tuleva \u00e4iti kertoo nauttivansa raskaudesta ja olevansa onnellinen siit\u00e4, ett\u00e4 saa antaa vauvalle mahdollisimman hyv\u00e4t valmiudet t\u00e4h\u00e4n maailmaan.<\/p>\n<p class=\"article-content article-content-width !bg-background\">\u2013 Nyt on k\u00e4ynnistysaika l\u00e4hestym\u00e4ss\u00e4 kovaa vauhtia ja poikaa ei viel\u00e4k\u00e4\u00e4n n\u00e4y!<\/p>\n<p class=\"article-content article-content-width !bg-background\">Samalla Essi kertoo pohtineensa raskauden aikana my\u00f6s pieni\u00e4 yksityiskohtia tulevasta lapsestaan. Poika syntyy todenn\u00e4k\u00f6isesti elokuun ja syyskuun vaihteessa, jolloin h\u00e4nen horoskooppinsa tulee olemaan joko Leijona tai Neitsyt.<\/p>\n<p class=\"article-content article-content-width !bg-background\">\u2013 Elokuun leijonasta, syyskuun neitsyt? T\u00e4ll\u00e4h\u00e4n ei oo oikeasti mit\u00e4\u00e4n merkityst\u00e4, enk\u00e4 malta odottaa, ett\u00e4 p\u00e4\u00e4sen tutustumaan t\u00e4h\u00e4n yll\u00e4tyksi\u00e4 t\u00e4ynn\u00e4 olevaan kaveriin, h\u00e4n kirjoittaa.<\/p>\n<p>        <a itemprop=\"url\" href=\"https:\/\/www.seiska.fi\/kotimaa\/lasketun-ajan-ohittanut-essi-unkuri-rehellisena-pelottaa\/2246765\" rel=\"nofollow noopener\" target=\"_blank\"><\/p>\n<p>\nOhitti lasketun ajan\n<\/p>\n<p class=\"section-date\">\n        <strong class=\"article-section\" data-section=\"kotimaa\"><br \/>\n            kotimaa<br \/>\n        <\/strong><br \/>\n        28.8. 12:38\n    <\/p>\n<p>Lasketun ajan ohittanut Essi Unkuri rehellisen\u00e4: &#8221;Pelottaa&#8221;\n    <\/p>\n<p itemprop=\"description\" class=\"subtitle \">\n    Yh\u00e4 raskaana oleva Essi Unkuri kertoi avoimesti, ett\u00e4 tilanteen ep\u00e4varmuus tuntuu my\u00f6s j\u00e4nnitt\u00e4v\u00e4lt\u00e4.\n<\/p>\n<p>        <\/a><\/p>\n<p>Kokemukset jakoon<\/p>\n<p class=\"article-content article-content-width !bg-background\">Julkaisunsa yhteydess\u00e4 Unkuri kysyy my\u00f6s seuraajiltaan kokemuksia synnytyksen k\u00e4ynnistymisest\u00e4.<\/p>\n<p class=\"article-content article-content-width !bg-background\">\u2013 Olisi ihana kuulla positiivisia kokemuksia k\u00e4ynnistyksest\u00e4. Millainen kokemus sulla oli? H\u00e4n tiedustelee.<\/p>\n<p class=\"article-content article-content-width !bg-background\">Essin seuraaja kertoo oman k\u00e4ynnistyksens\u00e4 sujuneen hienosti.<\/p>\n<p class=\"article-content article-content-width !bg-background\">\u2013 Mulla meni k\u00e4ynnistys hienosti ja j\u00e4i positiivinen kokemus, ja sullakin varmasti tulee menem\u00e4\u00e4n jos sinne p\u00e4\u00e4dytte! Tsemppi\u00e4, Essin seuraaja kommentoi.<\/p>\n<p class=\"article-content article-content-width !bg-background\">Essi pohtii julkaisussaan my\u00f6s sit\u00e4, kuinka raskauden aikana on tullut tarve pit\u00e4\u00e4 kiinni pienist\u00e4kin tiedonrippeist\u00e4, joita vauvasta saa.<\/p>\n<p>        <a itemprop=\"url\" href=\"https:\/\/www.seiska.fi\/kotimaa\/essi-unkuri-itkuisa-ulostulo\/2211736\" rel=\"nofollow noopener\" target=\"_blank\"><\/p>\n<p>\nEssi Unkuri\n<\/p>\n<p class=\"section-date\">\n        <strong class=\"article-section\" data-section=\"kotimaa\"><br \/>\n            kotimaa<br \/>\n        <\/strong><br \/>\n        18.7. 20:00\n    <\/p>\n<p>Essi Unkuri: Itkuisa ulostulo!\n    <\/p>\n<p itemprop=\"description\" class=\"subtitle \">\n    Essin laskettuaika l\u00e4henee.\n<\/p>\n<p>        <\/a><\/p>\n<p class=\"article-content article-content-width !bg-background\">Seiska tavoitteli sek\u00e4 Essi\u00e4 ett\u00e4 Viljamia kommentoimaan raskauden viime metrej\u00e4 ja mahdollista k\u00e4ynnistyst\u00e4.\u00a0Toistaiseksi kaksikko ei kuitenkaan ole ollut vastaanottimien \u00e4\u00e4rell\u00e4.<\/p>\n<p>        Synnytyksen k\u00e4ynnistys yleistyy<\/p>\n<ul>\n<li>Synnytyksen k\u00e4ynnist\u00e4misell\u00e4 pyrit\u00e4\u00e4n alatiesynnytykseen.<\/li>\n<li>K\u00e4ynnistyksist\u00e4 yli 75 % johtuu yliaikaisuudesta, lapsivedenmenosta, kohonneesta verenpaineesta tai raskausdiabeteksesta.<\/li>\n<li>Synnytyksen k\u00e4ynnistykset ovat lis\u00e4\u00e4ntyneet Suomessa: vuonna 2000 osuus oli 14 %, vuonna 2022 jo 35 %. Ensisynnytt\u00e4jien synnytyksist\u00e4 jopa 42 % k\u00e4ynnistettiin.\u00a0<\/li>\n<li>Synnytyksen k\u00e4ynnist\u00e4minen voi olla tarpeen, jos raskauden jatkamisen riskit ovat \u00e4idin ja siki\u00f6n kannalta suuremmat kuin raskauden p\u00e4\u00e4tt\u00e4miseen ja itse k\u00e4ynnist\u00e4miseen liittyv\u00e4t riskit.\u00a0<\/li>\n<\/ul>\n<p><script async src=\"\/\/www.instagram.com\/embed.js\"><\/script><\/p>\n","protected":false},"excerpt":{"rendered":"(180825) &#8212; Helsinki, August 18, 2025 \u2013 Essi Unkuri during the Miss Finland 2025 finalists&#8217; presentation in Helsinki,&hellip;\n","protected":false},"author":2,"featured_media":338783,"comment_status":"","ping_status":"","sticky":false,"template":"","format":"standard","meta":{"footnotes":"","_share_on_mastodon":"0"},"categories":[136],"tags":[407,38637,137,1507,33,31,30,408,6048,98,41854,2443,2397,32,41853,7587,109,4953],"class_list":["post-338782","post","type-post","status-publish","format-standard","has-post-thumbnail","category-julkkikset","tag-celebrities","tag-elina-janhunen","tag-entertainment","tag-essi-unkuri","tag-fi","tag-finland","tag-finnish","tag-julkkikset","tag-juontaja","tag-perhe","tag-radiotoimittaja","tag-raskaus","tag-seiska","tag-suomi","tag-synnytyksen-kaynnistaminen","tag-toimittaja","tag-viihde","tag-viljami-harjuniemi"],"share_on_mastodon":{"url":"https:\/\/pubeurope.com\/@fi\/117195859207108934","error":""},"_links":{"self":[{"href":"https:\/\/www.europesays.com\/fi\/wp-json\/wp\/v2\/posts\/338782","targetHints":{"allow":["GET"]}}],"collection":[{"href":"https:\/\/www.europesays.com\/fi\/wp-json\/wp\/v2\/posts"}],"about":[{"href":"https:\/\/www.europesays.com\/fi\/wp-json\/wp\/v2\/types\/post"}],"author":[{"embeddable":true,"href":"https:\/\/www.europesays.com\/fi\/wp-json\/wp\/v2\/users\/2"}],"replies":[{"embeddable":true,"href":"https:\/\/www.europesays.com\/fi\/wp-json\/wp\/v2\/comments?post=338782"}],"version-history":[{"count":0,"href":"https:\/\/www.europesays.com\/fi\/wp-json\/wp\/v2\/posts\/338782\/revisions"}],"wp:featuredmedia":[{"embeddable":true,"href":"https:\/\/www.europesays.com\/fi\/wp-json\/wp\/v2\/media\/338783"}],"wp:attachment":[{"href":"https:\/\/www.europesays.com\/fi\/wp-json\/wp\/v2\/media?parent=338782"}],"wp:term":[{"taxonomy":"category","embeddable":true,"href":"https:\/\/www.europesays.com\/fi\/wp-json\/wp\/v2\/categories?post=338782"},{"taxonomy":"post_tag","embeddable":true,"href":"https:\/\/www.europesays.com\/fi\/wp-json\/wp\/v2\/tags?post=338782"}],"curies":[{"name":"wp","href":"https:\/\/api.w.org\/{rel}","templated":true}]}}