{"id":338796,"date":"2026-09-01T13:00:16","date_gmt":"2026-09-01T13:00:16","guid":{"rendered":"https:\/\/www.europesays.com\/fi\/338796\/"},"modified":"2026-09-01T13:00:16","modified_gmt":"2026-09-01T13:00:16","slug":"15-vuotias-iittilaispoika-murhasi-viisikymppisen-miehen-10-vuotta-vankeutta-kotimaa","status":"publish","type":"post","link":"https:\/\/www.europesays.com\/fi\/338796\/","title":{"rendered":"15-vuotias iittil\u00e4ispoika murhasi viisikymppisen miehen \u2013 10 vuotta vankeutta | Kotimaa"},"content":{"rendered":"<p class=\"aw__sc-1qwuw0s-0 aw__sc-1vg2sqm-0 epAWpq ecELkD yle__article__paragraph\">Reilu vuosi sitten tapahtuneen henkirikoksen tuomio annettiin Lahdessa t\u00e4n\u00e4\u00e4n mielentila\u00adtutkimuksen valmistuttua.<\/p>\n<p><img decoding=\"async\" alt=\"Oikeussalin ovi on raollaan.\" src=\"https:\/\/www.europesays.com\/fi\/wp-content\/uploads\/2026\/09\/1788259602.jpeg\" class=\"aw__sc-dklauk-0 LPzKX\"\/><\/p>\n<p>Avaa kuvien katselu<\/p>\n<p>Mediaa ei p\u00e4\u00e4stetty seuraamaan k\u00e4r\u00e4j\u00e4oikeuden istuntoa tiistaina. Kuvasta on peitetty henkil\u00f6tietoja sis\u00e4lt\u00e4v\u00e4 juttuluettelo. Kuva: Vihtori Koskinen \/ Yle<\/p>\n<p>12:31\u2022P\u00e4ivitetty 15:15<\/p>\n<ul class=\"aw__sc-1yb43iq-0 gFXHv yle__article__list yle__article__list--ul\">\n<li class=\"aw__sc-1yb43iq-1 gVAzbt\">K\u00e4r\u00e4j\u00e4oikeus tuomitsi tekoaikaan 15-vuotiaan pojan 10 vuoden vankeuteen murhasta. Uhri oli 52-vuotias mies Iitiss\u00e4.<\/li>\n<li class=\"aw__sc-1yb43iq-1 gVAzbt\">Poika ja mies tapasivat baarissa elokuussa. He meniv\u00e4t miehen asunnolle, jossa poika surmasi miehen.<\/li>\n<li class=\"aw__sc-1yb43iq-1 gVAzbt\">Pojan mukaan mies l\u00e4henteli h\u00e4nt\u00e4. Poika l\u00f6i ja kuristi miest\u00e4. Uhrilla oli 16 pistohaavaa.<\/li>\n<li class=\"aw__sc-1yb43iq-1 gVAzbt\">Poika on ep\u00e4iltyn\u00e4 my\u00f6s t\u00f6rke\u00e4st\u00e4 pahoinpitelyst\u00e4 Helsingiss\u00e4.<\/li>\n<\/ul>\n<p class=\"aw__sc-1qwuw0s-0 aw__sc-ngllmo-0 epAWpq fzYpjk yle__article__paragraph\">Iitin Kausalassa <a class=\"aw__sc-ngllmo-1 bTDnwX yle__article__link\" href=\"https:\/\/yle.fi\/a\/74-20203314\" role=\"link\" rel=\"nofollow noopener\" target=\"_blank\">52-vuotiaan miehen surmannut, tekoaikaan 15-vuotias poika<\/a> on tuomittu murhasta nuorena henkil\u00f6n\u00e4.<\/p>\n<p class=\"aw__sc-1qwuw0s-0 aw__sc-ngllmo-0 epAWpq fzYpjk yle__article__paragraph\">P\u00e4ij\u00e4t-H\u00e4meen k\u00e4r\u00e4j\u00e4oikeus langetti pojalle 10 vuoden vankeusrangaistuksen tiistai-iltap\u00e4iv\u00e4n\u00e4.<\/p>\n<p class=\"aw__sc-1qwuw0s-0 aw__sc-ngllmo-0 epAWpq fzYpjk yle__article__paragraph\">K\u00e4r\u00e4j\u00e4oikeus katsoi jo v\u00e4lituomiossa tammikuussa nuoren syyllistyneen tekoon. Poika tunnusti aiheuttaneensa viisikymppisen miehen kuoleman t\u00e4m\u00e4n omassa asunnossa Iitiss\u00e4.<\/p>\n<p class=\"aw__sc-1qwuw0s-0 aw__sc-ngllmo-0 epAWpq fzYpjk yle__article__paragraph\"><a class=\"aw__sc-ngllmo-1 bTDnwX yle__article__link\" href=\"https:\/\/yle.fi\/a\/74-20203314\" role=\"link\" rel=\"nofollow noopener\" target=\"_blank\">Poika passitettiin mielentilatutkimukseen<\/a> syytt\u00e4j\u00e4n vaatimuksesta. K\u00e4r\u00e4j\u00e4oikeus antoi tuomionsa nyt mielentilalausunnon valmistuttua.<\/p>\n<p class=\"aw__sc-1qwuw0s-0 aw__sc-ngllmo-0 epAWpq fzYpjk yle__article__paragraph\">Syytt\u00e4j\u00e4 vaati nuorelle tuomiota murhasta.<\/p>\n<p class=\"aw__sc-1qwuw0s-0 aw__sc-ngllmo-0 epAWpq fzYpjk yle__article__paragraph\">Nuori on ollut vapaalla jalalla odottaessaan tuomiota.<\/p>\n<p class=\"aw__sc-1qwuw0s-0 aw__sc-ngllmo-0 epAWpq fzYpjk yle__article__paragraph\">Yle uutisoi viime viikolla <a class=\"aw__sc-ngllmo-1 bTDnwX yle__article__link\" href=\"https:\/\/yle.fi\/a\/74-20243371\" role=\"link\" rel=\"nofollow noopener\" target=\"_blank\">samaista poikaa ep\u00e4ilt\u00e4v\u00e4n nyt my\u00f6s t\u00f6rke\u00e4st\u00e4 pahoinpitelyst\u00e4<\/a>. Ep\u00e4ilty v\u00e4kivallanteko on tapahtunut elokuun loppupuolella Helsingiss\u00e4.<\/p>\n<p class=\"aw__sc-1qwuw0s-0 aw__sc-ngllmo-0 epAWpq fzYpjk yle__article__paragraph\">Poika on ollut todenn\u00e4k\u00f6isin syin vangittuna elokuun lopulta alkaen.<\/p>\n<p class=\"aw__sc-1qwuw0s-0 aw__sc-ngllmo-0 epAWpq fzYpjk yle__article__paragraph\">Asia k\u00e4siteltiin P\u00e4ij\u00e4t-H\u00e4meen k\u00e4r\u00e4j\u00e4oikeudessa Lahdessa suljetuin ovin. Tuomio ei ole viel\u00e4 lainvoimainen.<\/p>\n<p>N\u00e4in tapahtumat eteniv\u00e4t<\/p>\n<p class=\"aw__sc-1qwuw0s-0 aw__sc-ngllmo-0 epAWpq fzYpjk yle__article__paragraph\">Henkirikos tapahtui P\u00e4ij\u00e4t-H\u00e4meen Iitiss\u00e4, Kausalassa vuoden 2025 elokuussa.<\/p>\n<p class=\"aw__sc-1qwuw0s-0 aw__sc-ngllmo-0 epAWpq fzYpjk yle__article__paragraph\">15-vuotias poika ei tuntenut uhria entuudestaan. He olivat tavanneet vasta muutama tunti ennen veritekoa paikallisessa baarissa.<\/p>\n<p class=\"aw__sc-1qwuw0s-0 aw__sc-ngllmo-0 epAWpq fzYpjk yle__article__paragraph\">Nuori oli p\u00e4\u00e4ssyt baariin sis\u00e4\u00e4n v\u00e4\u00e4r\u00e4ll\u00e4 henkil\u00f6llisyystodistuksella.<\/p>\n<p class=\"aw__sc-1qwuw0s-0 aw__sc-ngllmo-0 epAWpq fzYpjk yle__article__paragraph\">V\u00e4lituomion mukaan mies ja poika olivat keskustelleet baarissa politiikasta. Valvontakameroista selvisi, ett\u00e4 kaksikko oli viett\u00e4nyt aikaa juoden ja tupakoiden.<\/p>\n<p class=\"aw__sc-1qwuw0s-0 aw__sc-ngllmo-0 epAWpq fzYpjk yle__article__paragraph\">Tuomitun mukaan asianomistaja oli kosketellut t\u00e4t\u00e4, mutta valvontakameratallenteista t\u00e4t\u00e4 ei ollut n\u00e4ht\u00e4vill\u00e4.<\/p>\n<p class=\"aw__sc-1qwuw0s-0 aw__sc-ngllmo-0 epAWpq fzYpjk yle__article__paragraph\">Poika oli valittanut miehen toimista ravintoloitsijalle, joka oli seurannut tilannetta. My\u00f6hemmin poika oli ollut aggressiivinen ja p\u00e4ihtynyt. H\u00e4n oli syytellyt ravintoloitsijaa ja uhannut pankkikortin ry\u00f6st\u00e4misell\u00e4. Ravintoloitsija pyysi poikaa poistumaan.<\/p>\n<p class=\"aw__sc-1qwuw0s-0 aw__sc-ngllmo-0 epAWpq fzYpjk yle__article__paragraph\">Lopulta poika ja mies olivat l\u00e4hteneet baarista yhdess\u00e4 miehen asunnolle.<\/p>\n<p><img decoding=\"async\" alt=\"Punatiilinen kerrostalo Iitiss\u00e4.\" src=\"https:\/\/www.europesays.com\/fi\/wp-content\/uploads\/2026\/09\/1756377014.jpeg\" loading=\"lazy\" class=\"aw__sc-dklauk-0 LPzKX\"\/><\/p>\n<p>Avaa kuvien katselu<\/p>\n<p>52-vuotias mies kuoli saamiinsa vammoihin kotonaan Iitin Kausalassa vuoden 2025 elokuussa. Kuva: Juha-Petri Koponen \/ Yle<\/p>\n<p class=\"aw__sc-1qwuw0s-0 aw__sc-ngllmo-0 epAWpq fzYpjk yle__article__paragraph\">Asunnolla tapahtumat olivat edenneet pojan mukaan nopeasti. Pojan mukaan mies l\u00e4henteli ja kosketteli h\u00e4nt\u00e4.<\/p>\n<p class=\"aw__sc-1qwuw0s-0 aw__sc-ngllmo-0 epAWpq fzYpjk yle__article__paragraph\">H\u00e4n kertoi esitutkinnassa, ett\u00e4 h\u00e4nen p\u00e4\u00e4ss\u00e4\u00e4n pimahti. H\u00e4n kertoi my\u00f6s, ettei h\u00e4n pid\u00e4 homoseksuaaleista. Saman poika oli tuonut ilmi ravintoloitsijalle aiemmin baarissa.<\/p>\n<p class=\"aw__sc-1qwuw0s-0 aw__sc-ngllmo-0 epAWpq fzYpjk yle__article__paragraph\">Tuomittu kertoi oikeudelle ly\u00f6neens\u00e4 miest\u00e4 ensiksi lasilla. T\u00e4m\u00e4n j\u00e4lkeen h\u00e4n oli kaatanut miehen maahan ja kuristanut t\u00e4t\u00e4 keng\u00e4nnauhalla.<\/p>\n<p class=\"aw__sc-1qwuw0s-0 aw__sc-ngllmo-0 epAWpq fzYpjk yle__article__paragraph\">Uhri oli rimpuillut. V\u00e4lituomion mukaan poika oli t\u00e4m\u00e4n j\u00e4lkeen kohdistanut uhriin v\u00e4kivaltaa muun muassa haarukalla ja saksilla.<\/p>\n<p class=\"aw__sc-1qwuw0s-0 aw__sc-ngllmo-0 epAWpq fzYpjk yle__article__paragraph\">Uhrilla todettiin olleen yhteens\u00e4 ainakin 16 pistohaavaa.<\/p>\n<p class=\"aw__sc-1qwuw0s-0 aw__sc-ngllmo-0 epAWpq fzYpjk yle__article__paragraph\">Poika vietti uhrin asunnolla noin 30\u201345 minuuttia. Ennen poistumistaan h\u00e4n j\u00e4tti tekov\u00e4lineet tiskialtaaseen ja pesi k\u00e4tens\u00e4 ja jalkansa.<\/p>\n<p class=\"aw__sc-1qwuw0s-0 aw__sc-ngllmo-0 epAWpq fzYpjk yle__article__paragraph\"><a class=\"aw__sc-ngllmo-1 bTDnwX yle__article__link\" href=\"https:\/\/yle.fi\/a\/74-20180052\" role=\"link\" rel=\"nofollow noopener\" target=\"_blank\">Uhrin puoliso l\u00f6ysi miehen kuolleena asunnolta<\/a> ja soitti h\u00e4t\u00e4keskukseen.<\/p>\n<p>Henkirikosta tutkittiin aluksi tappona<\/p>\n<p class=\"aw__sc-1qwuw0s-0 aw__sc-ngllmo-0 epAWpq fzYpjk yle__article__paragraph\">H\u00e4meen poliisi tutki <a class=\"aw__sc-ngllmo-1 bTDnwX yle__article__link\" href=\"https:\/\/yle.fi\/a\/74-20178767\" role=\"link\" rel=\"nofollow noopener\" target=\"_blank\">Iitin henkirikosta ensiksi tappona<\/a>. <a class=\"aw__sc-ngllmo-1 bTDnwX yle__article__link\" href=\"https:\/\/yle.fi\/a\/74-20182654\" role=\"link\" rel=\"nofollow noopener\" target=\"_blank\">Rikosnimike muuttui murhaksi<\/a> pian tutkinnan alettua.<\/p>\n<p class=\"aw__sc-1qwuw0s-0 aw__sc-ngllmo-0 epAWpq fzYpjk yle__article__paragraph\">Poliisi ei heti l\u00f6yt\u00e4nyt nuorta. <a class=\"aw__sc-ngllmo-1 bTDnwX yle__article__link\" href=\"https:\/\/yle.fi\/a\/74-20190873\" role=\"link\" rel=\"nofollow noopener\" target=\"_blank\">Poliisi l\u00f6ysi pojan Lahdesta<\/a>, tilasta jonka oli vuokrannut pojan \u00e4iti.<\/p>\n<p class=\"aw__sc-1qwuw0s-0 aw__sc-ngllmo-0 epAWpq fzYpjk yle__article__paragraph\">My\u00f6s \u00e4idill\u00e4 on rikostaustaa. Pojan kiinnioton yhteydess\u00e4 tiloista l\u00f6ytyi huumausaineita.<\/p>\n<p><img decoding=\"async\" alt=\"Oranssiin huppariin pukeutunut henkil\u00f6 oikeussalissa. Kuva on otettu salin oven ulkopuolelta.\" src=\"https:\/\/www.europesays.com\/fi\/wp-content\/uploads\/2026\/09\/1756449586.jpeg\" class=\"aw__sc-dklauk-0 LPzKX\"\/><\/p>\n<p class=\"aw__sc-1qwuw0s-0 aw__sc-ngllmo-0 epAWpq fzYpjk yle__article__paragraph\">Poliisi oli tutkinnan alussa vaitonainen yksityiskohdista, mutta <a class=\"aw__sc-ngllmo-1 bTDnwX yle__article__link\" href=\"https:\/\/yle.fi\/a\/74-20179915\" role=\"link\" rel=\"nofollow noopener\" target=\"_blank\">tyrm\u00e4si huhuja, joita uhrista liikkui<\/a>.<\/p>\n<p class=\"aw__sc-1qwuw0s-0 aw__sc-ngllmo-0 epAWpq fzYpjk yle__article__paragraph\">Alaik\u00e4isten tekem\u00e4t henkirikokset ovat Suomessa <a class=\"aw__sc-ngllmo-1 bTDnwX yle__article__link\" href=\"https:\/\/yle.fi\/a\/74-20145191\" role=\"link\" rel=\"nofollow noopener\" target=\"_blank\">harvinaisia<\/a>.<\/p>\n<p class=\"aw__sc-1qwuw0s-0 aw__sc-ngllmo-0 epAWpq fzYpjk yle__article__paragraph\">Uutinen p\u00e4ivittyy<\/p>\n","protected":false},"excerpt":{"rendered":"Reilu vuosi sitten tapahtuneen henkirikoksen tuomio annettiin Lahdessa t\u00e4n\u00e4\u00e4n mielentila\u00adtutkimuksen valmistuttua. Avaa kuvien katselu Mediaa ei p\u00e4\u00e4stetty seuraamaan&hellip;\n","protected":false},"author":2,"featured_media":338797,"comment_status":"","ping_status":"","sticky":false,"template":"","format":"standard","meta":{"footnotes":"","_share_on_mastodon":"0"},"categories":[5],"tags":[22,23,26,27,33,31,30,17,4918,4173,71,1806,24,25,28,29,1252,41855,15,2098,18,21,1268,32,19,20,1727,16],"class_list":["post-338796","post","type-post","status-publish","format-standard","has-post-thumbnail","category-otsikot","tag-breaking-news","tag-breakingnews","tag-featured-news","tag-featurednews","tag-fi","tag-finland","tag-finnish","tag-headlines","tag-henkirikokset","tag-iitti","tag-kotimaa","tag-lahden-seutukunta","tag-latest-news","tag-latestnews","tag-main-news","tag-mainnews","tag-murha","tag-murhatutkinta","tag-news","tag-oikeudenkaynnit","tag-otsikot","tag-paauutiset","tag-paijat-hame","tag-suomi","tag-top-stories","tag-topstories","tag-tuomiot","tag-uutiset"],"share_on_mastodon":{"url":"https:\/\/pubeurope.com\/@fi\/117195913987623969","error":""},"_links":{"self":[{"href":"https:\/\/www.europesays.com\/fi\/wp-json\/wp\/v2\/posts\/338796","targetHints":{"allow":["GET"]}}],"collection":[{"href":"https:\/\/www.europesays.com\/fi\/wp-json\/wp\/v2\/posts"}],"about":[{"href":"https:\/\/www.europesays.com\/fi\/wp-json\/wp\/v2\/types\/post"}],"author":[{"embeddable":true,"href":"https:\/\/www.europesays.com\/fi\/wp-json\/wp\/v2\/users\/2"}],"replies":[{"embeddable":true,"href":"https:\/\/www.europesays.com\/fi\/wp-json\/wp\/v2\/comments?post=338796"}],"version-history":[{"count":0,"href":"https:\/\/www.europesays.com\/fi\/wp-json\/wp\/v2\/posts\/338796\/revisions"}],"wp:featuredmedia":[{"embeddable":true,"href":"https:\/\/www.europesays.com\/fi\/wp-json\/wp\/v2\/media\/338797"}],"wp:attachment":[{"href":"https:\/\/www.europesays.com\/fi\/wp-json\/wp\/v2\/media?parent=338796"}],"wp:term":[{"taxonomy":"category","embeddable":true,"href":"https:\/\/www.europesays.com\/fi\/wp-json\/wp\/v2\/categories?post=338796"},{"taxonomy":"post_tag","embeddable":true,"href":"https:\/\/www.europesays.com\/fi\/wp-json\/wp\/v2\/tags?post=338796"}],"curies":[{"name":"wp","href":"https:\/\/api.w.org\/{rel}","templated":true}]}}