{"id":338798,"date":"2026-09-01T13:15:14","date_gmt":"2026-09-01T13:15:14","guid":{"rendered":"https:\/\/www.europesays.com\/fi\/338798\/"},"modified":"2026-09-01T13:15:14","modified_gmt":"2026-09-01T13:15:14","slug":"vaasassa-kaikille-ei-riita-opiskelija-asuntoa-koko-syyslukukautena","status":"publish","type":"post","link":"https:\/\/www.europesays.com\/fi\/338798\/","title":{"rendered":"Vaasassa kaikille ei riit\u00e4 opiskelija-asuntoa koko syyslukukautena"},"content":{"rendered":"<p>Jonossa odottaa reilut 500 opiskelijaa. Kaikille ei tule riitt\u00e4m\u00e4\u00e4n asuntoa koko syyslukukautena.<\/p>\n<p>Lue tiivistelm\u00e4<\/p>\n<p class=\"article-body mb-(--paragraph-margin-b) px-nof-16 sndp-summary-bullet-point-font\">Vaasassa opiskelija-asunnot loppuivat jo hein\u00e4kuussa, eik\u00e4 kaikille riit\u00e4 asuntoa koko syyslukukautena.<\/p>\n<p class=\"article-body mb-(--paragraph-margin-b) px-nof-16 sndp-summary-bullet-point-font\">Vaasassa opiskelija-asuntos\u00e4\u00e4ti\u00f6n jonossa odottaa reilut 500 opiskelijaa.<\/p>\n<p class=\"article-body mb-(--paragraph-margin-b) px-nof-16 sndp-summary-bullet-point-font\">Suomen Vuokranantajien ekonomisti Eemeli Karlsson sanoo tilanteen olevan vaikein keskisuurissa opiskelijakaupungeissa.<\/p>\n<p class=\"article-body mb-(--paragraph-margin-b) px-nof-16 sndp-summary-bullet-point-font\">Korkeakoulujen kasvaneet sis\u00e4\u00e4nottom\u00e4\u00e4r\u00e4t ja rakennusalan ahdinko ovat pahentaneet asuntopulaa.<\/p>\n<p class=\"article-body mb-(--paragraph-margin-b) px-nof-16\">Uusi lukuvuosi on lis\u00e4nnyt painetta asuntomarkkinoille, kun uudet opiskelijat muuttavat opintojensa per\u00e4ss\u00e4 uusin osoitteisiin.<\/p>\n<p class=\"article-body mb-(--paragraph-margin-b) px-nof-16\">Pahin tilanne on Vaasassa, jossa jo pelkk\u00e4 vuokra-asunnon l\u00f6yt\u00e4minen on haastavaa.<\/p>\n<p class=\"article-body mb-(--paragraph-margin-b) px-nof-16\">Siell\u00e4 vuokrattavat opiskelija-asunnot loppuivat hein\u00e4kuussa, ja nyt yksi\u00f6t vuokrataan keskim\u00e4\u00e4rin noin p\u00e4iv\u00e4ss\u00e4.<\/p>\n<p class=\"article-body mb-(--paragraph-margin-b) px-nof-16\">Keskisuurissa opiskelijakaupungeissa, joissa korkeakouluopiskelijoita on eniten suhteessa koko v\u00e4est\u00f6\u00f6n, asuntotilanne on vaikein, sanoo Suomen Vuokranantajien ekonomisti <a class=\"font-bold underline-offset-[0.12em] [text-decoration:var(--person-link-text-decoration)] [text-decoration-color:var(--person-link-text-decoration-color)]!\" href=\"https:\/\/www.is.fi\/haku\/?query=Eemeli%20Karlsson\" rel=\"nofollow noopener\" target=\"_blank\">Eemeli Karlsson<\/a>.<\/p>\n<p class=\"article-body mb-(--paragraph-margin-b) px-nof-16\">Tilanne on pahin Vaasassa, Joensuussa ja Rovaniemell\u00e4.<\/p>\n<p class=\"article-body mb-(--paragraph-margin-b) px-nof-16\">Ne ovat suhteellisesti Suomen suurimpia opiskelijakaupunkeja, joissa asuntotarjontaa ei ole runsaasti, Karlsson sanoo.<\/p>\n<p class=\"article-body mb-(--paragraph-margin-b) px-nof-16\">Kun esimerkiksi Helsingiss\u00e4 opiskelijoita on v\u00e4est\u00f6st\u00e4 alle 10 prosenttia, Vaasassa joka viides on korkeakouluopiskelija.<\/p>\n<p class=\"article-body mb-(--paragraph-margin-b) px-nof-16\">Vaikka Karlssonin mukaan isossa kuvassa Suomessa on edelleen vuokralaisen markkinat, ei se n\u00e4iss\u00e4 kaupungeissa pid\u00e4 paikkaansa.<\/p>\n<p><img decoding=\"async\" src=\"https:\/\/www.europesays.com\/fi\/wp-content\/uploads\/2026\/09\/1788268513_301_468.jpg\" alt=\"Vuokramarkkinoiden kiihtymisen suurin yksitt\u00e4inen tekij\u00e4 hein\u00e4kuussa ja elokuussa on ollut korkeakoulumarkkinat eli opintojen per\u00e4ss\u00e4 muuttaminen, kertoo Suomen Vuokranantajien ekonomisti Eemeli Karlsson. Kuva Vaasasta.\" class=\"_Img_1rerz_1\" style=\"aspect-ratio:1920\/1280\" loading=\"eager\"\/><\/p>\n<p class=\"font-(family-name:--picture-caption-font-family) text-(length:--picture-caption-font-size) leading-(--picture-caption-leading) font-(--picture-caption-font-weight) text-(color:--picture-caption-color) picture-with-caption__caption picture-with-caption__caption--default-full\">Vuokramarkkinoiden kiihtymisen suurin yksitt\u00e4inen tekij\u00e4 hein\u00e4kuussa ja elokuussa on ollut korkeakoulumarkkinat eli opintojen per\u00e4ss\u00e4 muuttaminen, kertoo Suomen Vuokranantajien ekonomisti Eemeli Karlsson. Kuva Vaasasta. Kuva:\u00a0Pavel Dudek \/ Alamy \/ AOP<\/p>\n<p class=\"article-body mb-(--paragraph-margin-b) px-nof-16\">Vuokramarkkinat ovat yleens\u00e4 haastavimpia opiskelijoille, koska heill\u00e4 on l\u00e4ht\u00f6kohtaisesti muita pienempi budjetti, Karlsson sanoo.<\/p>\n<p class=\"article-body mb-(--paragraph-margin-b) px-nof-16\">Jos budjetti on pieni, valinnanvaraa on v\u00e4h\u00e4n.<\/p>\n<p class=\"article-body mb-(--paragraph-margin-b) px-nof-16\">\u2013 Halvimmat ja pienimm\u00e4t yksi\u00f6t poistuvat markkinoilta ensimm\u00e4isen\u00e4, Karlsson sanoo.<\/p>\n<p class=\"article-body mb-(--paragraph-margin-b) px-nof-16\">Lue lis\u00e4\u00e4: <a class=\"underline underline-offset-[0.12em] [text-decoration-thickness:var(--generic-link-underline-thickness)] [text-decoration-color:var(--generic-link-underline-color)] [text-decoration-skip-ink:var(--generic-link-underline-skip-ink)] break-words\" href=\"https:\/\/www.is.fi\/taloussanomat\/art-2000012230861.html\" rel=\"nofollow noopener\" target=\"_blank\">Lappeenranta on opiskelijalle halvin paikka el\u00e4\u00e4 \u2013 katso 10 kaupungin lista<\/a><\/p>\n<p class=\"article-body mb-(--paragraph-margin-b) px-nof-16\">Yksityisten vuokranantajien yksi\u00f6t Vaasassa vuokrattiin hein\u00e4kuussa keskim\u00e4\u00e4rin noin viidess\u00e4 p\u00e4iv\u00e4ss\u00e4, elokuussa jopa p\u00e4iv\u00e4ss\u00e4. Vastaavasti Helsingiss\u00e4 yksi\u00f6t vuokrattiin hein\u00e4kuussa 15 p\u00e4iv\u00e4ss\u00e4 ja Jyv\u00e4skyl\u00e4ss\u00e4 24 p\u00e4iv\u00e4ss\u00e4.<\/p>\n<p class=\"article-body mb-(--paragraph-margin-b) px-nof-16\">Karlssonin mukaan luvut ovat Vuokraoven asuntoilmoituksista. Facebookista ja muiden ep\u00e4virallisten v\u00e4ylien kautta vuokrattuja asuntoja ei pystyt\u00e4 tilastoimaan samalla tavalla tarkasti.<\/p>\n<p class=\"article-body mb-(--paragraph-margin-b) px-nof-16\">Vaikka opiskelijat vuokraavat kahden tai useamman henkil\u00f6n asuntoja entist\u00e4 enemm\u00e4n, Vaasassa ei ole t\u00e4ll\u00e4 hetkell\u00e4 Karlssonin mukaan mink\u00e4\u00e4nlaista asuntotyyppi\u00e4, jota olisi muita helpompaa vuokrata.<\/p>\n<p class=\"article-body mb-(--paragraph-margin-b) px-nof-16\">\u2013 Siell\u00e4 on hyvin tiukka tilanne ja aika haastavaa l\u00f6yt\u00e4\u00e4kin asunto jo.<\/p>\n<p class=\"article-body mb-(--paragraph-margin-b) px-nof-16\">Karlssonin mukaan vuokra-asuntoja on my\u00f6s haettu t\u00e4n\u00e4 vuonna aiempaa my\u00f6hemmin, koska opiskelijat eiv\u00e4t en\u00e4\u00e4 yleisen asumistuen piirist\u00e4 putoamisen j\u00e4lkeen saa tukea asumiseen kes\u00e4ll\u00e4.<\/p>\n<p class=\"article-body mb-(--paragraph-margin-b) px-nof-16\">Elokuusta 2025 l\u00e4htien tukea asumiseen on saanut vain opiskellessa.<\/p>\n<p class=\"article-body mb-(--paragraph-margin-b) px-nof-16\">Vaasan opiskelija-asuntos\u00e4\u00e4ti\u00f6n VOAS:in toimitusjohtaja <a class=\"font-bold underline-offset-[0.12em] [text-decoration:var(--person-link-text-decoration)] [text-decoration-color:var(--person-link-text-decoration-color)]!\" href=\"https:\/\/www.is.fi\/haku\/?query=Marko%20Ylim%C3%A4ki\" rel=\"nofollow noopener\" target=\"_blank\">Marko Ylim\u00e4ki<\/a> on huolissaan, ett\u00e4 Vaasassa ei t\u00e4ll\u00e4 hetkell\u00e4 pystyt\u00e4 tarjoamaan asuntoja l\u00e4hesk\u00e4\u00e4n kaikille kaupungista opiskelupaikan saaneille korkeakouluopiskelijoille.<\/p>\n<p class=\"article-body mb-(--paragraph-margin-b) px-nof-16\">Opiskelija-asuntos\u00e4\u00e4ti\u00f6n asunnot loppuivat kesken hein\u00e4kuussa.<\/p>\n<p class=\"article-body mb-(--paragraph-margin-b) px-nof-16\">\u2013 Kyll\u00e4 se oikeasti on huono tilanne, Ylim\u00e4ki sanoo.<\/p>\n<p class=\"article-body mb-(--paragraph-margin-b) px-nof-16\">Jonossa asuntoa odottaa reilut 500 opiskelijaa. Soluja, yksi\u00f6it\u00e4, kaksioita.<\/p>\n<p class=\"article-body mb-(--paragraph-margin-b) px-nof-16\">Kaikista eniten halutaan kohtuuhintaisiin yksi\u00f6ihin, Ylim\u00e4ki kertoo.<\/p>\n<p class=\"article-body mb-(--paragraph-margin-b) px-nof-16\">Viel\u00e4 viime viikolla jonottajia on ollut noin 570. Opiskelijat ovat jonossa kiireellisyyden mukaan: k\u00e4rkeen p\u00e4\u00e4sev\u00e4t ensimm\u00e4isen vuoden opiskelijat, jotka muuttavat Vaasaan toiselta paikkakunnalta.<\/p>\n<p class=\"article-body mb-(--paragraph-margin-b) px-nof-16\">Elokuun puolessa v\u00e4liss\u00e4 s\u00e4\u00e4ti\u00f6 on tiedottanut verkkosivuillaan, ett\u00e4 asuntotarjouksen saaminen syyslukukauden alkuun on eritt\u00e4in ep\u00e4todenn\u00e4k\u00f6ist\u00e4. Kaikille hakijoille ei tule riitt\u00e4m\u00e4\u00e4n vapaata asuntoa koko syyslukukautena.<\/p>\n<p class=\"article-body mb-(--paragraph-margin-b) px-nof-16\">Vaasassa noin 20 prosenttia korkeakouluopiskelijoista asuu opiskelija-asuntos\u00e4\u00e4ti\u00f6n asunnoissa, 80 prosenttia muualla. Kaikkialla Suomessa tilanne on verrattain sama, Ylim\u00e4ki kertoo.<\/p>\n<p><img decoding=\"async\" src=\"https:\/\/www.europesays.com\/fi\/wp-content\/uploads\/2026\/09\/1788268514_431_468.jpg\" alt=\"VOAS:in asunnoista vajaa puolet on yksi\u00f6it\u00e4, jonkin verran kaksioita ja loput soluja. Viime tammikuussa on valmistunut 68 uutta yksi\u00f6t\u00e4, ja seuraavan kahden vuoden aikana pit\u00e4isi valmistua 207 asuntoa lis\u00e4\u00e4.\u2013 Meid\u00e4n s\u00e4\u00e4nn\u00f6iss\u00e4 lukee, ett\u00e4 pit\u00e4\u00e4 j\u00e4rjest\u00e4\u00e4 asuminen niin, ett\u00e4 vuokrat pysyv\u00e4t kohtuullisina, VOAS:in toimitusjohtaja Marko Ylim\u00e4ki sanoo. Kuvassa Vaasan yliopisto.\" class=\"_Img_1rerz_1\" style=\"aspect-ratio:1920\/1280\" loading=\"eager\"\/><\/p>\n<p class=\"font-(family-name:--picture-caption-font-family) text-(length:--picture-caption-font-size) leading-(--picture-caption-leading) font-(--picture-caption-font-weight) text-(color:--picture-caption-color) picture-with-caption__caption picture-with-caption__caption--default-full\">VOAS:in asunnoista vajaa puolet on yksi\u00f6it\u00e4, jonkin verran kaksioita ja loput soluja. Viime tammikuussa on valmistunut 68 uutta yksi\u00f6t\u00e4, ja seuraavan kahden vuoden aikana pit\u00e4isi valmistua 207 asuntoa lis\u00e4\u00e4.\u2013 Meid\u00e4n s\u00e4\u00e4nn\u00f6iss\u00e4 lukee, ett\u00e4 pit\u00e4\u00e4 j\u00e4rjest\u00e4\u00e4 asuminen niin, ett\u00e4 vuokrat pysyv\u00e4t kohtuullisina, VOAS:in toimitusjohtaja Marko Ylim\u00e4ki sanoo. Kuvassa Vaasan yliopisto. Kuva:\u00a0Christoffer Bj\u00f6rklund \/ Vaasan yliopisto<\/p>\n<p class=\"article-body mb-(--paragraph-margin-b) px-nof-16\">Muutama vuosi sitten suomalaiset korkeakoulut alkoivat voimakkaasti kasvattaa korkeakouluopiskelijoiden sis\u00e4\u00e4nottom\u00e4\u00e4ri\u00e4. Siit\u00e4 on Ylim\u00e4en mukaan seurannut kaksi asiaa opiskelijoiden asuntotilanteeseen.<\/p>\n<p class=\"article-body mb-(--paragraph-margin-b) px-nof-16\">Ensinn\u00e4kin opiskelija-asuntojen tuotanto ei ole pystynyt vastaamaan kasvaneeseen kysynt\u00e4\u00e4n. Rakennusalalla on ahdingoista. Ja hiljaista.<\/p>\n<p class=\"article-body mb-(--paragraph-margin-b) px-nof-16\">Vaasassa yksityinen sektorin on rakentanut viimeisen vuosikymmenen ajan paljon. Nyt ty\u00f6maita ei ole kuin yksi.<\/p>\n<p class=\"article-body mb-(--paragraph-margin-b) px-nof-16\">\u2013 Tuotanto ei ole pysynyt siin\u00e4 tahdissa, mit\u00e4 taas opiskelijat tarvitsisivat asuntoja.<\/p>\n<p><img decoding=\"async\" src=\"https:\/\/www.europesays.com\/fi\/wp-content\/uploads\/2026\/09\/1788268514_387_468.jpg\" alt=\"VOAS:in toimitusjohtaja Marko Ylim\u00e4en mielest\u00e4 kohtuuhintainen opiskelija-asuntotuotanto tarvitsisi lis\u00e4\u00e4 valtionrahaa. Kuva Vaasasta hein\u00e4kuulta 2021.\" class=\"_Img_1rerz_1\" style=\"aspect-ratio:1920\/1080\" loading=\"eager\"\/><\/p>\n<p class=\"font-(family-name:--picture-caption-font-family) text-(length:--picture-caption-font-size) leading-(--picture-caption-leading) font-(--picture-caption-font-weight) text-(color:--picture-caption-color) picture-with-caption__caption picture-with-caption__caption--default-full\">VOAS:in toimitusjohtaja Marko Ylim\u00e4en mielest\u00e4 kohtuuhintainen opiskelija-asuntotuotanto tarvitsisi lis\u00e4\u00e4 valtionrahaa. Kuva Vaasasta hein\u00e4kuulta 2021. Kuva:\u00a0Nando Lardi \/ imageBROKER \/ MVPhotos<\/p>\n<p class=\"article-body mb-(--paragraph-margin-b) px-nof-16\">Toiseksi Vaasaan saapuu yh\u00e4 enemm\u00e4n perheellisi\u00e4 opiskelijoita ulkomailta. Heid\u00e4n tarpeensa vuokra-asunnolle ovat monesti haastavat: VOAS:illa ei ole perheellisille opiskelijoille asuntoja lainkaan, ja isompien vuokra-asuntojen hinnat Vaasassa ovat opiskelevalle liian korkeita.<\/p>\n<p class=\"article-body mb-(--paragraph-margin-b) px-nof-16\">\u2013 Asuntoja on, mutta ne eiv\u00e4t vastaa tarvetta, Ylim\u00e4ki kuvaa.<\/p>\n<p class=\"article-body mb-(--paragraph-margin-b) px-nof-16\">Viime viikolla Ylim\u00e4ki on n\u00e4hnyt rannassa tuutoriryhmi\u00e4. Uudet opiskelijat ovat saapuneet Vaasaan.<\/p>\n<p class=\"article-body mb-(--paragraph-margin-b) px-nof-16\">Joka p\u00e4iv\u00e4 my\u00f6s opiskelija-asuntos\u00e4\u00e4ti\u00f6n puheille saapuu opiskelijoita hakemaan asuntoa.<\/p>\n<p class=\"article-body mb-(--paragraph-margin-b) px-nof-16\">\u2013 Se kuuluu syksyyn, Ylim\u00e4ki sanoo.<\/p>\n<p class=\"article-body mb-(--paragraph-margin-b) px-nof-16\">Nyt opiskelijoita kuitenkin ohjataan muille vuokranantajille ja neuvotaan, mihin Facebook-ryhmiin kannattaa liitty\u00e4.<\/p>\n<p class=\"article-body mb-(--paragraph-margin-b) px-nof-16\">\u2013 Pyrit\u00e4\u00e4n kaivamaan asuntoja kissojen ja koirien kanssa, ett\u00e4 he p\u00e4\u00e4sisiv\u00e4t aloittamaan opinnot.<\/p>\n<p class=\"article-body mb-(--paragraph-margin-b) px-nof-16\">Syyskuussa pit\u00e4isi my\u00f6s soittaa satojen ihmisten jono l\u00e4pi ja varmistaa, onko opiskelija edelleen asuntoa vailla vai onko asunto l\u00f6ytynyt jostain.<\/p>\n","protected":false},"excerpt":{"rendered":"Jonossa odottaa reilut 500 opiskelijaa. Kaikille ei tule riitt\u00e4m\u00e4\u00e4n asuntoa koko syyslukukautena. Lue tiivistelm\u00e4 Vaasassa opiskelija-asunnot loppuivat jo&hellip;\n","protected":false},"author":2,"featured_media":338799,"comment_status":"","ping_status":"","sticky":false,"template":"","format":"standard","meta":{"footnotes":"","_share_on_mastodon":"0"},"categories":[133],"tags":[137,33,31,30,34,32,206,156,109],"class_list":["post-338798","post","type-post","status-publish","format-standard","has-post-thumbnail","category-televisiot","tag-entertainment","tag-fi","tag-finland","tag-finnish","tag-ilta-sanomat","tag-suomi","tag-televisiot","tag-tv","tag-viihde"],"share_on_mastodon":{"url":"https:\/\/pubeurope.com\/@fi\/117195973389013284","error":""},"_links":{"self":[{"href":"https:\/\/www.europesays.com\/fi\/wp-json\/wp\/v2\/posts\/338798","targetHints":{"allow":["GET"]}}],"collection":[{"href":"https:\/\/www.europesays.com\/fi\/wp-json\/wp\/v2\/posts"}],"about":[{"href":"https:\/\/www.europesays.com\/fi\/wp-json\/wp\/v2\/types\/post"}],"author":[{"embeddable":true,"href":"https:\/\/www.europesays.com\/fi\/wp-json\/wp\/v2\/users\/2"}],"replies":[{"embeddable":true,"href":"https:\/\/www.europesays.com\/fi\/wp-json\/wp\/v2\/comments?post=338798"}],"version-history":[{"count":0,"href":"https:\/\/www.europesays.com\/fi\/wp-json\/wp\/v2\/posts\/338798\/revisions"}],"wp:featuredmedia":[{"embeddable":true,"href":"https:\/\/www.europesays.com\/fi\/wp-json\/wp\/v2\/media\/338799"}],"wp:attachment":[{"href":"https:\/\/www.europesays.com\/fi\/wp-json\/wp\/v2\/media?parent=338798"}],"wp:term":[{"taxonomy":"category","embeddable":true,"href":"https:\/\/www.europesays.com\/fi\/wp-json\/wp\/v2\/categories?post=338798"},{"taxonomy":"post_tag","embeddable":true,"href":"https:\/\/www.europesays.com\/fi\/wp-json\/wp\/v2\/tags?post=338798"}],"curies":[{"name":"wp","href":"https:\/\/api.w.org\/{rel}","templated":true}]}}