{"id":33881,"date":"2025-09-13T15:20:10","date_gmt":"2025-09-13T15:20:10","guid":{"rendered":"https:\/\/www.europesays.com\/fi\/33881\/"},"modified":"2025-09-13T15:20:10","modified_gmt":"2025-09-13T15:20:10","slug":"yllattava-suomalaispelaaja-sai-kehut-pohjois-amerikassa-selkeasti-potentiaalia-iltalehti","status":"publish","type":"post","link":"https:\/\/www.europesays.com\/fi\/33881\/","title":{"rendered":"Yll\u00e4tt\u00e4v\u00e4 suomalaispelaaja sai kehut Pohjois-Amerikassa: \u201dSelke\u00e4sti potentiaalia\u201d &#8211; Iltalehti"},"content":{"rendered":"<ol>\n<li><a href=\"https:\/\/news.google.com\/rss\/articles\/CBMidkFVX3lxTE1UQWpzVHhyQ1JCLVU5RE9zcnl3cjNuSGRXTHZMWHFkQ2lsR1FoOFRHVGFlWDFWSmJINGE1MzFqeS1xQnU2QWdrdTh1SU5GMHhPbGVjRzl4OElsbkxkTy1vbklBazRtN2hxQmRBbDhnWlQ0RGhTc1E?oc=5\" target=\"_blank\" rel=\"nofollow noopener\">Yll\u00e4tt\u00e4v\u00e4 suomalaispelaaja sai kehut Pohjois-Amerikassa: \u201dSelke\u00e4sti potentiaalia\u201d<\/a>&nbsp;&nbsp;Iltalehti<\/li>\n<li><a href=\"https:\/\/news.google.com\/rss\/articles\/CBMiV0FVX3lxTE45Zi16VFRZaHFNNG94OENmTXhfN3dBM1dReWtJVTlxU1E2b1d6ZHhwcHQ4VEJpVl80a3ZiUVZsQlFuSVM2eldQYlNQODlPWVJIeXlfX0pwQQ?oc=5\" target=\"_blank\" rel=\"nofollow noopener\">Matias Maccellille yll\u00e4tt\u00e4v\u00e4\u00e4 suitsutusta Pohjois-Amerikassa<\/a>&nbsp;&nbsp;Ilta-Sanomat<\/li>\n<li><a href=\"https:\/\/news.google.com\/rss\/articles\/CBMiiAJBVV95cUxQcU81Qllna1VhYngzcjYwdjhhTEJJMzE5bi1hdlVoWTdrb0JyMWhaMkRCYjBKZG5sc2NDS211WVhSX1JPTVJFRy1wM2EtV1h0MmFSYlA2VDZoYnZZNEtHOUlwNEx0LW5sdXVRazBOQ1owU3Ytdk5xTzJxd19oOHdYRG92aUFLLWk3MHNkY3Nvc1JUNndGRjdHamphcUg0dm4tcEhxSzZRRDN4QTNocFNTM0d5UDk3ZU9DYWFHU3d1N3QwOTgwQkVjckhRODRGT3pZeDBsQ1U4OEdvVmNQMkRfU1BsQ3ZvU1ItV0plVF9tLWFTY3dVMVk3ZXNVTlltaXFuZDBiNXFReVc?oc=5\" target=\"_blank\" rel=\"nofollow noopener\">Suomalaishy\u00f6kk\u00e4\u00e4j\u00e4 sai yll\u00e4tt\u00e4v\u00e4n arvion NHL:ss\u00e4 \u2013 yksi huomio her\u00e4tti keskustelua<\/a>&nbsp;&nbsp;MSN<\/li>\n<li><a href=\"https:\/\/news.google.com\/rss\/articles\/CBMijgFBVV95cUxQbG1UdGFjZmc0M2JvaDU5dGhyUXRSekJKOU5odExoMHA2dFoyN2p2dDluSzdHZjBpaWFnbjU1NDc5bnRPRzNpN3dENGFUZ0xsbmt3N3NNMXVQU21YU2NwdnBWRTNHem9DQ1ExWVhBY1M5VFdFVUc4RnFNMTQ4VjI1c01IdGhPQk1qMkdNOTRn?oc=5\" target=\"_blank\" rel=\"nofollow noopener\">Viime kauden suomalaisesta NHL-flopista hurja huhu<\/a>&nbsp;&nbsp;Sportti.com<\/li>\n<\/ol>\n","protected":false},"excerpt":{"rendered":"Yll\u00e4tt\u00e4v\u00e4 suomalaispelaaja sai kehut Pohjois-Amerikassa: \u201dSelke\u00e4sti potentiaalia\u201d&nbsp;&nbsp;Iltalehti Matias Maccellille yll\u00e4tt\u00e4v\u00e4\u00e4 suitsutusta Pohjois-Amerikassa&nbsp;&nbsp;Ilta-Sanomat Suomalaishy\u00f6kk\u00e4\u00e4j\u00e4 sai yll\u00e4tt\u00e4v\u00e4n arvion NHL:ss\u00e4 \u2013&hellip;\n","protected":false},"author":2,"featured_media":33882,"comment_status":"","ping_status":"","sticky":false,"template":"","format":"standard","meta":{"footnotes":""},"categories":[158],"tags":[35,1144,1274,33,31,30,1143,41,1146,159,32,160],"class_list":{"0":"post-33881","1":"post","2":"type-post","3":"status-publish","4":"format-standard","5":"has-post-thumbnail","7":"category-urheilu","8":"tag-24h","9":"tag-ammattilaisjaakiekko","10":"tag-ammattiurheilu","11":"tag-fi","12":"tag-finland","13":"tag-finnish","14":"tag-jaakiekko","15":"tag-liikunta-ja-urheilu","16":"tag-miesten-jaakiekko","17":"tag-sports","18":"tag-suomi","19":"tag-urheilu"},"share_on_mastodon":{"url":"","error":""},"_links":{"self":[{"href":"https:\/\/www.europesays.com\/fi\/wp-json\/wp\/v2\/posts\/33881","targetHints":{"allow":["GET"]}}],"collection":[{"href":"https:\/\/www.europesays.com\/fi\/wp-json\/wp\/v2\/posts"}],"about":[{"href":"https:\/\/www.europesays.com\/fi\/wp-json\/wp\/v2\/types\/post"}],"author":[{"embeddable":true,"href":"https:\/\/www.europesays.com\/fi\/wp-json\/wp\/v2\/users\/2"}],"replies":[{"embeddable":true,"href":"https:\/\/www.europesays.com\/fi\/wp-json\/wp\/v2\/comments?post=33881"}],"version-history":[{"count":0,"href":"https:\/\/www.europesays.com\/fi\/wp-json\/wp\/v2\/posts\/33881\/revisions"}],"wp:featuredmedia":[{"embeddable":true,"href":"https:\/\/www.europesays.com\/fi\/wp-json\/wp\/v2\/media\/33882"}],"wp:attachment":[{"href":"https:\/\/www.europesays.com\/fi\/wp-json\/wp\/v2\/media?parent=33881"}],"wp:term":[{"taxonomy":"category","embeddable":true,"href":"https:\/\/www.europesays.com\/fi\/wp-json\/wp\/v2\/categories?post=33881"},{"taxonomy":"post_tag","embeddable":true,"href":"https:\/\/www.europesays.com\/fi\/wp-json\/wp\/v2\/tags?post=33881"}],"curies":[{"name":"wp","href":"https:\/\/api.w.org\/{rel}","templated":true}]}}