{"id":338814,"date":"2026-09-01T13:45:16","date_gmt":"2026-09-01T13:45:16","guid":{"rendered":"https:\/\/www.europesays.com\/fi\/338814\/"},"modified":"2026-09-01T13:45:16","modified_gmt":"2026-09-01T13:45:16","slug":"veikkausliigan-mestaruustaistossa-kuohuttava-tuomio-asiantuntija-avaa-miksi-kupsin-maalin-hylkaaminen-oli-vaaryys-urheilua-lyhyesti","status":"publish","type":"post","link":"https:\/\/www.europesays.com\/fi\/338814\/","title":{"rendered":"Veikkausliigan mestaruus\u00adtaistossa kuohuttava tuomio \u2013 asiantuntija avaa, miksi KuPSin maalin hylk\u00e4\u00e4minen oli v\u00e4\u00e4ryys | Urheilua lyhyesti"},"content":{"rendered":"<p class=\"aw__sc-1qwuw0s-0 aw__sc-1vg2sqm-0 epAWpq ecELkD yle__article__paragraph\">Inter voitti KuPSin dramaattisesti 1\u20130. Ero\u00adtuomari\u00adasiantuntija Jan-Peter Aravirta avaa, miksi KuPSin maalia ei olisi pit\u00e4nyt hyl\u00e4t\u00e4.<\/p>\n<p>T\u00e4m\u00e4 tilanne kaivelee KuPSin leiriss\u00e4.<\/p>\n<p class=\"aw__sc-1qwuw0s-0 aw__sc-ngllmo-0 epAWpq fzYpjk yle__article__paragraph\">Veikkausliigan runkosarjan p\u00e4\u00e4t\u00f6skierros maanantai-iltana tarjosi draamaa mestaruustaisteluun. Inter kaatoi Turussa sarjak\u00e4rki KuPSin 1\u20130. KuPSin sarjajohto kaventui yhteen pisteeseen.<\/p>\n<p class=\"aw__sc-1qwuw0s-0 aw__sc-ngllmo-0 epAWpq fzYpjk yle__article__paragraph\">Ottelun ainoa maali syntyi ottelun viimeisell\u00e4 kosketuksella. Huuhkajista tuttu keskuspuolustaja <strong class=\"aw__sc-ngllmo-2 gdRrun yle__article__strong\">Robert Ivanov<\/strong>, joka debytoi Interiss\u00e4, puski pallon kulmapotkusta kohti maalia. KuPS-vahti <strong class=\"aw__sc-ngllmo-2 gdRrun yle__article__strong\">Johannes Kreidl<\/strong> sai torjuttua pallon tolppaan.<\/p>\n<p class=\"aw__sc-1qwuw0s-0 aw__sc-ngllmo-0 epAWpq fzYpjk yle__article__paragraph\">Lopulta <strong class=\"aw__sc-ngllmo-2 gdRrun yle__article__strong\">Muhammed Suso<\/strong>, joka my\u00f6s debytoi Interiss\u00e4, laukoi jatkotilanteesta pallon verkkoon. Siihen ottelu my\u00f6s p\u00e4\u00e4ttyi.<\/p>\n<p>Gambialaishy\u00f6kk\u00e4\u00e4j\u00e4 Muhammed Suso, 20, teki voittomaalin. Suso on t\u0161ekkil\u00e4isen FK Pardubicen sopimuspelaaja, mutta pelaa loppukauden lainalla Interiss\u00e4. Aiemmin h\u00e4n oli lainalla Sein\u00e4joella SJK:ssa.<\/p>\n<p class=\"aw__sc-1qwuw0s-0 aw__sc-ngllmo-0 epAWpq fzYpjk yle__article__paragraph\">Yleens\u00e4 niin rauhallinen KuPSin p\u00e4\u00e4valmentaja <strong class=\"aw__sc-ngllmo-2 gdRrun yle__article__strong\">Miika Nuutinen<\/strong> k\u00e4vi ratkaisumaalin j\u00e4lkeen kuumana.<\/p>\n<p class=\"aw__sc-1qwuw0s-0 aw__sc-ngllmo-0 epAWpq fzYpjk yle__article__paragraph\">KuPSilta oli nimitt\u00e4in hyl\u00e4tty maali aiemmin toisella puoliajalla. KuPSissa debytoinut, Ranskan nuorisomaajoukkueista tuttu <strong class=\"aw__sc-ngllmo-2 gdRrun yle__article__strong\">Ayman Aiki<\/strong> oli t\u00e4r\u00e4ytt\u00e4nyt komean maalin, mutta se oli hyl\u00e4tty paitsiona.<\/p>\n<p class=\"aw__sc-1qwuw0s-0 aw__sc-ngllmo-0 epAWpq fzYpjk yle__article__paragraph\">Nuutinen sanoi haastattelupisteell\u00e4, ett\u00e4 h\u00e4nelle ei ollut annettu tyydytt\u00e4v\u00e4\u00e4 selvityst\u00e4 tuomiosta.<\/p>\n<p class=\"aw__sc-1qwuw0s-0 aw__sc-ngllmo-0 epAWpq fzYpjk yle__article__paragraph\">Ainoa mahdollinen syy paitsioon oli, ett\u00e4 maalia kohti juossut KuPSin <strong class=\"aw__sc-ngllmo-2 gdRrun yle__article__strong\">Tommy Jyry<\/strong> oli tuomariston tulkinnan mukaan vaikuttanut tilanteessa maalin syntyyn.<\/p>\n<p><img decoding=\"async\" alt=\"KuPSin Miika Nuutinen kent\u00e4n laidalla Inter-vieraspeliss\u00e4.\" src=\"https:\/\/www.europesays.com\/fi\/wp-content\/uploads\/2026\/09\/1788252217.jpeg\" loading=\"lazy\" class=\"aw__sc-dklauk-0 LPzKX\"\/><\/p>\n<p>Avaa kuvien katselu<\/p>\n<p>\u2013 Isoin tuomio, mink\u00e4 jalkapallossa voi tehd\u00e4. Toivoisin, ett\u00e4 sitten ollaan ihan varmoja, kun sellainen tehd\u00e4\u00e4n, Miika Nuutinen lateli Yle Urheilun haastattelussa. Kuva: Juha Tamminen \/ All Over PressAsiantuntija: n\u00e4ist\u00e4 syist\u00e4 paitsiotuomio oli v\u00e4\u00e4r\u00e4<\/p>\n<p class=\"aw__sc-1qwuw0s-0 aw__sc-ngllmo-0 epAWpq fzYpjk yle__article__paragraph\">Erotuomariasiantuntija <strong class=\"aw__sc-ngllmo-2 gdRrun yle__article__strong\">Jan-Peter Aravirta<\/strong> n\u00e4kee, ett\u00e4 KuPS k\u00e4rsi ottelussa tuomarivirheen.<\/p>\n<p class=\"aw__sc-1qwuw0s-0 aw__sc-ngllmo-0 epAWpq fzYpjk yle__article__paragraph\">Kun Aiki oli laukonut pallon maaliin, avustava erotuomari nosti hetken kuluttua lippunsa paitsion merkiksi. Sen j\u00e4lkeen avustava sek\u00e4 p\u00e4\u00e4tuomari <strong class=\"aw__sc-ngllmo-2 gdRrun yle__article__strong\">Antti Munukka<\/strong> k\u00e4viv\u00e4t nopean neuvonpidon, jonka j\u00e4lkeen maalin hylk\u00e4\u00e4minen j\u00e4i voimaan.<\/p>\n<p class=\"aw__sc-1qwuw0s-0 aw__sc-ngllmo-0 epAWpq fzYpjk yle__article__paragraph\">Erotuomariuransa nimenomaan avustavana erotuomarina tehnyt Aravirta sanoo, ett\u00e4 vastaavissa tilanteissa vastuu lankeaa avustavalle, sill\u00e4 t\u00e4ll\u00e4 on parempi mahdollisuus havaita mahdollinen paitsioasema sek\u00e4 se, miten paitsiossa oleva pelaaja vaikuttaa tapahtumiin.<\/p>\n<p class=\"aw__sc-1qwuw0s-0 aw__sc-ngllmo-0 epAWpq fzYpjk yle__article__paragraph\">Paitsio tuomitaan, jos paitsioasemassa oleva pelaaja vaikuttaa peliin tai vastapelaajiin.<\/p>\n<p>Tuomittava paitsio \u2013 n\u00e4in sanoo s\u00e4\u00e4nt\u00f6kirja<\/p>\n<p class=\"aw__sc-1qwuw0s-0 aw__sc-ngllmo-0 epAWpq fzYpjk yle__article__paragraph\">Vaikuttamalla peliin pelaamalla tai koskemalla kanssapelaajan pelaamaa tai koskemaa palloa<\/p>\n<p class=\"aw__sc-1qwuw0s-0 aw__sc-ngllmo-0 epAWpq fzYpjk yle__article__paragraph\">Vaikuttamalla vastapelaajaan:<br \/>\u2013 est\u00e4m\u00e4ll\u00e4 vastapelaajaa pelaamasta palloa tai saamasta mahdollisuutta pelata palloa selv\u00e4sti peitt\u00e4m\u00e4ll\u00e4 vastustajan n\u00e4k\u00f6linja<br \/>\u2013 tai kamppailemalla vastapelaajaan kanssa pallosta<br \/>\u2013 tai yritt\u00e4m\u00e4ll\u00e4 selv\u00e4sti pelata l\u00e4hell\u00e4 olevaa palloa, kun t\u00e4m\u00e4 toiminta vaikuttaa vastapelaajaan<br \/>\u2013 tai toimimalla ilmeisell\u00e4 tavalla, joka selv\u00e4sti vaikuttaa vastapelaajan mahdollisuuteen pelata palloa<\/p>\n<p class=\"aw__sc-1qwuw0s-0 aw__sc-ngllmo-0 epAWpq fzYpjk yle__article__paragraph\">Aravirran mielest\u00e4 tuomittavan paitsion kriteerit eiv\u00e4t t\u00e4yttyneet.<\/p>\n<p class=\"aw__sc-1qwuw0s-0 aw__sc-ngllmo-0 epAWpq fzYpjk yle__article__paragraph\">Ensimm\u00e4isen\u00e4 Aravirta huomioi, ett\u00e4 Jyry ei liikkeell\u00e4\u00e4n peitt\u00e4nyt maalivahdin n\u00e4k\u00f6kentt\u00e4\u00e4, vaan maalivahti n\u00e4ki pallon koko ajan.<\/p>\n<p class=\"aw__sc-1qwuw0s-0 aw__sc-ngllmo-0 epAWpq fzYpjk yle__article__paragraph\">Jyry ei ainakaan k\u00e4ytett\u00e4viss\u00e4 olevan materiaalin perusteella osunut palloon.<\/p>\n<p class=\"aw__sc-1qwuw0s-0 aw__sc-ngllmo-0 epAWpq fzYpjk yle__article__paragraph\">Aravirran mielest\u00e4 Jyry ei my\u00f6sk\u00e4\u00e4n vaikuttanut Interin l\u00e4himp\u00e4\u00e4n puolustajaan siten, ett\u00e4 paitsio olisi pit\u00e4nyt tuomita, koska laukaisuhetkell\u00e4 puolustaja ei en\u00e4\u00e4 olisi kyennyt mitenk\u00e4\u00e4n est\u00e4m\u00e4\u00e4n Aikin maalintekoa.<\/p>\n<p class=\"aw__sc-1qwuw0s-0 aw__sc-ngllmo-0 epAWpq fzYpjk yle__article__paragraph\">Maalivahtiin Jyryn liike saattoi hieman vaikuttaa, Aravirta pohtii, mutta vaikutus oli joka tapauksessa v\u00e4h\u00e4inen.<\/p>\n<p class=\"aw__sc-1qwuw0s-0 aw__sc-ngllmo-0 epAWpq fzYpjk yle__article__paragraph\">\u2013 Veto menee niin kulmaan ja kiert\u00e4\u00e4 maalivahdin kaukaa, joten miest\u00e4ni tuossa ei ole vaikutusta maalivahtiin varsinkaan, kuten s\u00e4\u00e4nt\u00f6kirja sanoo, ett\u00e4 vaikutuksen pit\u00e4\u00e4 olla selv\u00e4.<\/p>\n<p>T\u00e4ss\u00e4 k\u00e4rkiottelussa puhuttanut maalin hylk\u00e4\u00e4minen ja paitsiotuomio kokonaisuudessaan.<\/p>\n<p class=\"aw__sc-1qwuw0s-0 aw__sc-ngllmo-0 epAWpq fzYpjk yle__article__paragraph\">Avustavan erotuomarin pit\u00e4\u00e4 tilanteessa pysty\u00e4 arvioimaan montaa asiaa, mutta toisaalta Aravirran mielest\u00e4 mik\u00e4\u00e4n ei tilanteessa viittaa tuomittavaan paitsioon.<\/p>\n<p class=\"aw__sc-1qwuw0s-0 aw__sc-ngllmo-0 epAWpq fzYpjk yle__article__paragraph\">T\u00e4t\u00e4 Aravirta perustelee etenkin sill\u00e4, kuinka Aikin laukaus upposi yl\u00e4kulmaan tavalla, ettei maalivahti olisi voinut sit\u00e4 torjua \u2013 riippumatta Jyryn liikkeest\u00e4.<\/p>\n<p class=\"aw__sc-1qwuw0s-0 aw__sc-ngllmo-0 epAWpq fzYpjk yle__article__paragraph\">\u2013 Monta asiaa, mit\u00e4 pit\u00e4\u00e4 ottaa huomioon, mutta veto oli niin laadukas, ett\u00e4 se tavallaan olisi p\u00e4\u00e4st\u00e4nyt tuomarin p\u00e4lk\u00e4h\u00e4st\u00e4.<\/p>\n<p class=\"aw__sc-1qwuw0s-0 aw__sc-ngllmo-0 epAWpq fzYpjk yle__article__paragraph\">Suomessa ei ole k\u00e4yt\u00f6ss\u00e4 videoerotuomaria eli VAR-j\u00e4rjestelm\u00e4\u00e4. Vastaavat t\u00e4rke\u00e4t, kiistanalaiset tuomiot kiihdytt\u00e4v\u00e4t yleens\u00e4 keskustelua aiheesta ja VAR:n saamisesta Suomeen.<\/p>\n<p class=\"aw__sc-1qwuw0s-0 aw__sc-ngllmo-0 epAWpq fzYpjk yle__article__paragraph\">Aravirta huomauttaa kuitenkin, ett\u00e4 VAR ei ole autuaaksi tekev\u00e4 pelastaja. Olisihan VAR-tuomarikin voinut n\u00e4hd\u00e4 tilanteessa paitsion elementtej\u00e4, kuten kent\u00e4ll\u00e4 ty\u00f6skennelleet tuomarit.<\/p>\n<p class=\"aw__sc-1qwuw0s-0 aw__sc-ngllmo-0 epAWpq fzYpjk yle__article__paragraph\">\u2013 Semmoinen ohjenuorahan on, ett\u00e4 jos ei ole varma, ei pid\u00e4 puuttua. Jos ei voi olla varma, pit\u00e4isi hyv\u00e4ksy\u00e4 tuollainen maali, Aravirta ohjeistaa.<\/p>\n<p>Runkosarjan p\u00e4\u00e4t\u00f6skierros \u2013 ja n\u00e4in jatketaan<\/p>\n<p class=\"aw__sc-1qwuw0s-0 aw__sc-ngllmo-0 epAWpq fzYpjk yle__article__paragraph\"><strong class=\"aw__sc-ngllmo-2 gdRrun yle__article__strong\">VPS \u2013 FC Lahti 0\u20131<\/strong><\/p>\n<p class=\"aw__sc-1qwuw0s-0 aw__sc-ngllmo-0 epAWpq fzYpjk yle__article__paragraph\"><strong class=\"aw__sc-ngllmo-2 gdRrun yle__article__strong\">IFK Mariehamn \u2013 FF Jaro 2\u20130<\/strong><\/p>\n<p class=\"aw__sc-1qwuw0s-0 aw__sc-ngllmo-0 epAWpq fzYpjk yle__article__paragraph\"><strong class=\"aw__sc-ngllmo-2 gdRrun yle__article__strong\">FC Inter \u2013 KuPS 1\u20130<\/strong><\/p>\n<p class=\"aw__sc-1qwuw0s-0 aw__sc-ngllmo-0 epAWpq fzYpjk yle__article__paragraph\"><strong class=\"aw__sc-ngllmo-2 gdRrun yle__article__strong\">IF Gnistan \u2013 TPS 1\u20131<\/strong><\/p>\n<p class=\"aw__sc-1qwuw0s-0 aw__sc-ngllmo-0 epAWpq fzYpjk yle__article__paragraph\"><strong class=\"aw__sc-ngllmo-2 gdRrun yle__article__strong\">Ilves \u2013 HJK 1\u20132<\/strong><\/p>\n<p class=\"aw__sc-1qwuw0s-0 aw__sc-ngllmo-0 epAWpq fzYpjk yle__article__paragraph\"><strong class=\"aw__sc-ngllmo-2 gdRrun yle__article__strong\">AC Oulu \u2013 SJK 0\u20130<\/strong><\/p>\n<p>Sarjataulukko<\/p>\n<p class=\"aw__sc-1qwuw0s-0 aw__sc-ngllmo-0 epAWpq fzYpjk yle__article__paragraph\">1. KuPS 43 pistett\u00e4<br \/>2. FC Inter 42<br \/>3. HJK 37<br \/>4. Gnistan 36<br \/>5. AC Oulu 34<br \/>6. VPS 33<br \/>&#8212;<br \/>7. FC Lahti 32<br \/>8. TPS 31<br \/>9. Ilves 25<br \/>10. SJK 19<br \/>11. FF Jaro 15<br \/>12. IFK Mariehamn 14<\/p>\n<p>Mit\u00e4 seuraavaksi?<\/p>\n<ul class=\"aw__sc-1yb43iq-0 gFXHv yle__article__list yle__article__list--ul\">\n<li class=\"aw__sc-1yb43iq-1 gVAzbt\">Sarja jakautuu kuuden joukkueen Mestaruussarjaan ja kuuden joukkueen Karsintasarjaan.<\/li>\n<li class=\"aw__sc-1yb43iq-1 gVAzbt\">Runkosarjan pisteet seuraavat mukana jatkosarjoihin. Mestaruussarjassa pelataan kaksinkertainen sarja ja Karsintasarjassa yksinkertainen sarja.<\/li>\n<li class=\"aw__sc-1yb43iq-1 gVAzbt\">Mestaruussarjassa panoksena ovat Suomen mestaruuden lis\u00e4ksi europaikat. Karsintasarjassa viimeiseksi j\u00e4\u00e4nyt putoaa suoraan Ykk\u00f6sliigaan ja viimeist\u00e4 edellinen pelaa liigakarsinnan Ykk\u00f6sliigan kakkosta vastaan.<\/li>\n<\/ul>\n","protected":false},"excerpt":{"rendered":"Inter voitti KuPSin dramaattisesti 1\u20130. Ero\u00adtuomari\u00adasiantuntija Jan-Peter Aravirta avaa, miksi KuPSin maalia ei olisi pit\u00e4nyt hyl\u00e4t\u00e4. T\u00e4m\u00e4 tilanne&hellip;\n","protected":false},"author":2,"featured_media":338815,"comment_status":"","ping_status":"","sticky":false,"template":"","format":"standard","meta":{"footnotes":"","_share_on_mastodon":"0"},"categories":[158],"tags":[4229,33,31,30,43,1132,3299,1136,159,32,662,160,161,663,45],"class_list":["post-338814","post","type-post","status-publish","format-standard","has-post-thumbnail","category-urheilu","tag-fc-inter-turku","tag-fi","tag-finland","tag-finnish","tag-jalkapallo","tag-kuopio","tag-kuopion-palloseura","tag-pohjois-savo","tag-sports","tag-suomi","tag-turku","tag-urheilu","tag-urheilutapahtumat","tag-varsinais-suomi","tag-veikkausliiga"],"share_on_mastodon":{"url":"https:\/\/pubeurope.com\/@fi\/117196091352194698","error":""},"_links":{"self":[{"href":"https:\/\/www.europesays.com\/fi\/wp-json\/wp\/v2\/posts\/338814","targetHints":{"allow":["GET"]}}],"collection":[{"href":"https:\/\/www.europesays.com\/fi\/wp-json\/wp\/v2\/posts"}],"about":[{"href":"https:\/\/www.europesays.com\/fi\/wp-json\/wp\/v2\/types\/post"}],"author":[{"embeddable":true,"href":"https:\/\/www.europesays.com\/fi\/wp-json\/wp\/v2\/users\/2"}],"replies":[{"embeddable":true,"href":"https:\/\/www.europesays.com\/fi\/wp-json\/wp\/v2\/comments?post=338814"}],"version-history":[{"count":0,"href":"https:\/\/www.europesays.com\/fi\/wp-json\/wp\/v2\/posts\/338814\/revisions"}],"wp:featuredmedia":[{"embeddable":true,"href":"https:\/\/www.europesays.com\/fi\/wp-json\/wp\/v2\/media\/338815"}],"wp:attachment":[{"href":"https:\/\/www.europesays.com\/fi\/wp-json\/wp\/v2\/media?parent=338814"}],"wp:term":[{"taxonomy":"category","embeddable":true,"href":"https:\/\/www.europesays.com\/fi\/wp-json\/wp\/v2\/categories?post=338814"},{"taxonomy":"post_tag","embeddable":true,"href":"https:\/\/www.europesays.com\/fi\/wp-json\/wp\/v2\/tags?post=338814"}],"curies":[{"name":"wp","href":"https:\/\/api.w.org\/{rel}","templated":true}]}}