{"id":338816,"date":"2026-09-01T13:46:12","date_gmt":"2026-09-01T13:46:12","guid":{"rendered":"https:\/\/www.europesays.com\/fi\/338816\/"},"modified":"2026-09-01T13:46:12","modified_gmt":"2026-09-01T13:46:12","slug":"traficom-myonsi-toimilupia-nama-antennitelevision-kanavat-nakyvat-ensi-vuonna-uutissuomalainen","status":"publish","type":"post","link":"https:\/\/www.europesays.com\/fi\/338816\/","title":{"rendered":"Traficom my\u00f6nsi toimilupia \u2013 n\u00e4m\u00e4 antennitelevision kanavat n\u00e4kyv\u00e4t ensi vuonna | Uutissuomalainen"},"content":{"rendered":"<p>Antennitelevision tarjonta jatkuu pitk\u00e4lti nykyisen tasolla ensi vuonna, Traficom tiedottaa.<\/p>\n<p>Toimiluvat vuosille 2027\u20132037 on nyt jaettu. Luvan saivat kaikki sit\u00e4 hakeneet, koska antennitelevisioverkon l\u00e4hetyskapasiteettia riitti kaikille hakijoille.<\/p>\n<p>Traficomin mukaan toimilupia haettiin p\u00e4\u00e4asiallisesti nykyisille televisiokanaville.<\/p>\n<p>Valtakunnalliset toimiluvat my\u00f6nnettiin kanaville MTV3, MTV Sub, MTV Ava, Nelonen, JIM, LIV, HERO, TV5, Kutonen, Frii, TLC, Star Channel, National Geographic ja Viaplay TV.<\/p>\n<p>Sen sijaan Alfa, Iskuri.net, Eveo, One Way TV ja onniTV eiv\u00e4t l\u00f6ydy Traficomin listauksesta, asiasta uutisoinut <a href=\"https:\/\/www.is.fi\/digitoday\/art-2000012245282.html\" rel=\"nofollow noopener\" target=\"_blank\">Ilta-Sanomat<\/a><a href=\"https:\/\/www.is.fi\/digitoday\/art-2000012245282.html\" rel=\"nofollow noopener\" target=\"_blank\"> <\/a>kertoo.<\/p>\n<p><strong class=\"diks-storyline__impact\">Elisan toimiluvilla<\/strong> kanavat SVT1, SVT2, Barnkanalen\/SVT24, TV3, TV4 V\u00e4sterbotten ja SveaTV-infokanalen jatkavat Pohjanmaan alueellisessa kanavanipussa.<\/p>\n<p>Lis\u00e4ksi Traficom my\u00f6nsi j\u00e4lleen MTV Oy:lle MTV3-kanavaa koskevan ohjelmistotoimiluvan yleisen edun televisiotoimintaan.<\/p>\n<p>Yle ei tarvitse kanavilleen toimilupaa, koska sen toiminta perustuu suoraan yleisradiolakiin.<\/p>\n","protected":false},"excerpt":{"rendered":"Antennitelevision tarjonta jatkuu pitk\u00e4lti nykyisen tasolla ensi vuonna, Traficom tiedottaa. Toimiluvat vuosille 2027\u20132037 on nyt jaettu. Luvan saivat&hellip;\n","protected":false},"author":2,"featured_media":338817,"comment_status":"","ping_status":"","sticky":false,"template":"","format":"standard","meta":{"footnotes":"","_share_on_mastodon":"0"},"categories":[130],"tags":[137,33,31,30,1511,1616,13291,1258,979,32,1247,140,109],"class_list":["post-338816","post","type-post","status-publish","format-standard","has-post-thumbnail","category-viihde","tag-entertainment","tag-fi","tag-finland","tag-finnish","tag-joukkoviestinta","tag-media-viestinta","tag-mtv-oy","tag-radio-ja-televisiotoiminta","tag-sahkoinen-media","tag-suomi","tag-televisio","tag-tv-ja-elokuvat","tag-viihde"],"share_on_mastodon":{"url":"https:\/\/pubeurope.com\/@fi\/117196094471702264","error":""},"_links":{"self":[{"href":"https:\/\/www.europesays.com\/fi\/wp-json\/wp\/v2\/posts\/338816","targetHints":{"allow":["GET"]}}],"collection":[{"href":"https:\/\/www.europesays.com\/fi\/wp-json\/wp\/v2\/posts"}],"about":[{"href":"https:\/\/www.europesays.com\/fi\/wp-json\/wp\/v2\/types\/post"}],"author":[{"embeddable":true,"href":"https:\/\/www.europesays.com\/fi\/wp-json\/wp\/v2\/users\/2"}],"replies":[{"embeddable":true,"href":"https:\/\/www.europesays.com\/fi\/wp-json\/wp\/v2\/comments?post=338816"}],"version-history":[{"count":0,"href":"https:\/\/www.europesays.com\/fi\/wp-json\/wp\/v2\/posts\/338816\/revisions"}],"wp:featuredmedia":[{"embeddable":true,"href":"https:\/\/www.europesays.com\/fi\/wp-json\/wp\/v2\/media\/338817"}],"wp:attachment":[{"href":"https:\/\/www.europesays.com\/fi\/wp-json\/wp\/v2\/media?parent=338816"}],"wp:term":[{"taxonomy":"category","embeddable":true,"href":"https:\/\/www.europesays.com\/fi\/wp-json\/wp\/v2\/categories?post=338816"},{"taxonomy":"post_tag","embeddable":true,"href":"https:\/\/www.europesays.com\/fi\/wp-json\/wp\/v2\/tags?post=338816"}],"curies":[{"name":"wp","href":"https:\/\/api.w.org\/{rel}","templated":true}]}}