{"id":338818,"date":"2026-09-01T13:49:16","date_gmt":"2026-09-01T13:49:16","guid":{"rendered":"https:\/\/www.europesays.com\/fi\/338818\/"},"modified":"2026-09-01T13:49:16","modified_gmt":"2026-09-01T13:49:16","slug":"viron-prismat-siirtyivat-coop-eestin-omistukseen-uutisia-lyhyesti","status":"publish","type":"post","link":"https:\/\/www.europesays.com\/fi\/338818\/","title":{"rendered":"Viron Prismat siirtyiv\u00e4t Coop Eestin omistukseen | Uutisia lyhyesti"},"content":{"rendered":"<p class=\"aw__sc-1qwuw0s-0 aw__sc-1vg2sqm-0 epAWpq ecELkD yle__article__paragraph\">Kauppa astui voimaan syyskuun alusta alkaen.<\/p>\n<p><img decoding=\"async\" alt=\"Kaksi henkil\u00f6\u00e4 k\u00e4velee kadulla Coop-kyltin ja Aveny-ravintolan edustalla, taustalla terassikalusteita.\" src=\"https:\/\/www.europesays.com\/fi\/wp-content\/uploads\/2026\/09\/1788270032.jpeg\" class=\"aw__sc-dklauk-0 LPzKX\"\/><\/p>\n<p>Avaa kuvien katselu<\/p>\n<p>Coopin myym\u00e4l\u00e4 Ruotsin G\u00f6teborgissa. Arkistokuva. Kuva: Heikki Saukkomaa \/ Lehtikuva<\/p>\n<p class=\"aw__sc-1qwuw0s-0 aw__sc-ngllmo-0 epAWpq fzYpjk yle__article__paragraph\">Virossa sijaitsevat 13 Prisma-myym\u00e4l\u00e4\u00e4 siirtyv\u00e4t suomalaiselta SOK:lta Coop Eestin omistukseen syyskuun alusta alkaen, SOK kertoo tiedotteessaan.<\/p>\n<p class=\"aw__sc-1qwuw0s-0 aw__sc-ngllmo-0 epAWpq fzYpjk yle__article__paragraph\">Viron kilpailuviranomainen hyv\u00e4ksyi yrityskaupan toukokuussa 2026. Nyt kauppa on saatu p\u00e4\u00e4t\u00f6kseen.<\/p>\n<p class=\"aw__sc-1qwuw0s-0 aw__sc-ngllmo-0 epAWpq fzYpjk yle__article__paragraph\">SOK ehti toimia Virossa 25 vuotta.<\/p>\n<p class=\"aw__sc-1qwuw0s-0 aw__sc-ngllmo-0 epAWpq fzYpjk yle__article__paragraph\">\u2013 Osuustoiminnallinen Coop Eesti on hyv\u00e4maineinen yritys ja arvostettu ty\u00f6nantaja Virossa, ja pid\u00e4mme nyt viimeisteltyj\u00e4 kauppoja erinomaisena ratkaisuna niin henkil\u00f6st\u00f6n, asiakkaiden kuin myym\u00e4l\u00f6iden tulevaisuudenkin kannalta, kertoo SOK-johtaja <strong class=\"aw__sc-ngllmo-2 gdRrun yle__article__strong\">Ilkka Alarotu<\/strong>.<\/p>\n<p class=\"aw__sc-1qwuw0s-0 aw__sc-ngllmo-0 epAWpq fzYpjk yle__article__paragraph\">Osana kauppaa SOK ja Coop Eesti k\u00e4ynnist\u00e4v\u00e4t yhteisty\u00f6n, joka avaa suomalaiselle elintarviketeollisuudelle uuden v\u00e4yl\u00e4n Viron markkinoille. Coop Eestill\u00e4 on yli 300 myym\u00e4l\u00e4\u00e4 ymp\u00e4ri Viroa.<\/p>\n<p class=\"aw__sc-1qwuw0s-0 aw__sc-ngllmo-0 epAWpq fzYpjk yle__article__paragraph\">Yrityskaupan taustalla on p\u00e4\u00e4t\u00f6s keskitt\u00e4\u00e4 investoinnit asiakasomistajien palveluiden kehitt\u00e4miseen ja kasvun turvaamiseen kotimaan liiketoiminnassa.<\/p>\n<p class=\"aw__sc-1qwuw0s-0 aw__sc-ngllmo-0 epAWpq fzYpjk yle__article__paragraph\">Kauppahintaa ei ole julkistettu.<\/p>\n","protected":false},"excerpt":{"rendered":"Kauppa astui voimaan syyskuun alusta alkaen. Avaa kuvien katselu Coopin myym\u00e4l\u00e4 Ruotsin G\u00f6teborgissa. Arkistokuva. Kuva: Heikki Saukkomaa \/&hellip;\n","protected":false},"author":2,"featured_media":338819,"comment_status":"","ping_status":"","sticky":false,"template":"","format":"standard","meta":{"footnotes":"","_share_on_mastodon":"0"},"categories":[76],"tags":[79,41858,77,33,31,30,21731,32,78,4029,3323],"class_list":["post-338818","post","type-post","status-publish","format-standard","has-post-thumbnail","category-talous","tag-business","tag-coop","tag-economy","tag-fi","tag-finland","tag-finnish","tag-sok-konserni","tag-suomi","tag-talous","tag-viro","tag-yrityskaupat"],"share_on_mastodon":{"url":"https:\/\/pubeurope.com\/@fi\/117196106907772745","error":""},"_links":{"self":[{"href":"https:\/\/www.europesays.com\/fi\/wp-json\/wp\/v2\/posts\/338818","targetHints":{"allow":["GET"]}}],"collection":[{"href":"https:\/\/www.europesays.com\/fi\/wp-json\/wp\/v2\/posts"}],"about":[{"href":"https:\/\/www.europesays.com\/fi\/wp-json\/wp\/v2\/types\/post"}],"author":[{"embeddable":true,"href":"https:\/\/www.europesays.com\/fi\/wp-json\/wp\/v2\/users\/2"}],"replies":[{"embeddable":true,"href":"https:\/\/www.europesays.com\/fi\/wp-json\/wp\/v2\/comments?post=338818"}],"version-history":[{"count":0,"href":"https:\/\/www.europesays.com\/fi\/wp-json\/wp\/v2\/posts\/338818\/revisions"}],"wp:featuredmedia":[{"embeddable":true,"href":"https:\/\/www.europesays.com\/fi\/wp-json\/wp\/v2\/media\/338819"}],"wp:attachment":[{"href":"https:\/\/www.europesays.com\/fi\/wp-json\/wp\/v2\/media?parent=338818"}],"wp:term":[{"taxonomy":"category","embeddable":true,"href":"https:\/\/www.europesays.com\/fi\/wp-json\/wp\/v2\/categories?post=338818"},{"taxonomy":"post_tag","embeddable":true,"href":"https:\/\/www.europesays.com\/fi\/wp-json\/wp\/v2\/tags?post=338818"}],"curies":[{"name":"wp","href":"https:\/\/api.w.org\/{rel}","templated":true}]}}