{"id":338882,"date":"2026-09-01T15:38:18","date_gmt":"2026-09-01T15:38:18","guid":{"rendered":"https:\/\/www.europesays.com\/fi\/338882\/"},"modified":"2026-09-01T15:38:18","modified_gmt":"2026-09-01T15:38:18","slug":"juha-korhonen-kantaa-vastuun-siita-mita-katsojat-peltsin-luonto-ohjelmissa-nakevat","status":"publish","type":"post","link":"https:\/\/www.europesays.com\/fi\/338882\/","title":{"rendered":"Juha Korhonen kantaa vastuun siit\u00e4, mit\u00e4 katsojat Peltsin luonto-ohjelmissa n\u00e4kev\u00e4t"},"content":{"rendered":"<p>TV-ohjelmien kuvaajana tunnettu ja palkittu <strong>Juha Korhonen<\/strong> on viimeisimm\u00e4n noin 15 vuoden aikana tehnyt useita luonto- ja retkeilyaiheisia sarjoja yhdess\u00e4 <strong>Mikko \u201dPeltsi\u201d Peltolan<\/strong> kanssa.<\/p>\n<p>Korhosen er\u00e4ohjelmien tekeminen alkoi noin kaksikymment\u00e4 vuotta sitten TV2:n Er\u00e4tulilla-ohjelmasta, jossa h\u00e4n oli aluksi mukana harjoittelijana kuvaajana. Sen per\u00e4\u00e4n h\u00e4nt\u00e4 alkoivat lis\u00e4ksi ty\u00f6llist\u00e4 ohjaaja <a href=\"https:\/\/seura.fi\/viihde\/julkkikset\/markku-polonen-koyhtyi-elokuvia-tekemalla-kulissien-laskeminen-helpottaisi-elamaa\/\" target=\"_blank\" rel=\"noreferrer noopener nofollow\"><strong>Markku P\u00f6l\u00f6sen<\/strong> <\/a>projektit, kuten esimerkiksi televisiosarja Karjalan kunnailla.<\/p>\n<p>Vaikka vuonna 1977 syntyneest\u00e4 Juha Korhosesta nyky\u00e4\u00e4n puhutaan kuvaajana, tosiasiassa h\u00e4nen ty\u00f6h\u00f6ns\u00e4 kuuluu runsaasti my\u00f6s k\u00e4sikirjoittamista, ohjaamista, leikkaamista ja \u00e4\u00e4nitt\u00e4mist\u00e4. Esimerkiksi vuoden ohjelman Kultainen Venla -palkinnon saaneen <a href=\"https:\/\/areena.yle.fi\/1-71015507\" target=\"_blank\" rel=\"noreferrer noopener nofollow\">Peltsi ja Osmo -sarjan<\/a> tuotannosta h\u00e4n teki suuren osan itse. Samankaltaisessa roolissa h\u00e4n on my\u00f6s luontoseikkailusarjassa <a href=\"https:\/\/areena.yle.fi\/1-50378985\" target=\"_blank\" rel=\"noreferrer noopener nofollow\">Peltsin toinen luonto<\/a>, jota on n\u00e4hty Ylell\u00e4 jo viiden kauden verran.<\/p>\n<p>    <a href=\"https:\/\/seura.fi\/wp-content\/uploads\/2025\/06\/peltsi-ja-osmo.jpg\" rel=\"nofollow noopener\" target=\"_blank\"><img loading=\"lazy\" decoding=\"async\" alt=\"\" class=\"wp-image-2117250 awpo-lqip awpo-lazy\" width=\"2100\" height=\"1400\" style=\"--aspect-ratio: 1.5\" src=\"https:\/\/www.europesays.com\/fi\/wp-content\/uploads\/2026\/09\/peltsi-ja-osmo.jpg\"\/><\/a><br \/>\n      Osmo ja Mikko \u201dPeltsi\u201d Peltola ovat poika ja is\u00e4, jotka jakavat rakkauden luontoon ja retkeilyyn.      <\/p>\n<p>          \u00a9 Tommi Tuomi \/ Otavamedia        <\/p>\n<p>Juha, mik\u00e4 sinun hommasi n\u00e4iss\u00e4 luonto-ohjelmissa siis on?<\/p>\n<p>\u201dK\u00e4yt\u00e4nn\u00f6ss\u00e4 koko ohjelman sis\u00e4lt\u00f6 on minun vastuullani. Mikon kanssa tietysti yhdess\u00e4 suunnitellaan, mutta minulla on siell\u00e4 luonnossa koko ajan l\u00e4sn\u00e4 kokonaisajatus siit\u00e4, ett\u00e4 mit\u00e4 on jo kuvattu ja mit\u00e4 viel\u00e4 tarvitaan.\u201d<\/p>\n<p>Painaako vastuu siit\u00e4, ett\u00e4 laatua syntyy?<\/p>\n<p>\u201dTietyll\u00e4 tavalla se on rankkaa, mutta toisaalta siit\u00e4 on tullut niin iso osa ammatillista persoonaani, ett\u00e4 se sujuu hieman omalla painollaan, koska asiaan on osaaminen ja ymm\u00e4rrys. Kun on tietynlainen ammattiylpeys, niin kyll\u00e4 sit\u00e4 yritt\u00e4\u00e4 aina tehd\u00e4 mahdollisimman hyv\u00e4\u00e4, vaikka se sitten tarkoittaakin enemm\u00e4n miettimist\u00e4 ja tekemist\u00e4. <\/p>\n<p>Koska reissut ja p\u00e4iv\u00e4t ovat pitki\u00e4, toki sen verran on armollisuutta itse\u00e4 kohtaan, etten ihan loputtomiin yrit\u00e4 t\u00e4ydellist\u00e4 kuvaa.\u201d<\/p>\n<p>Kuinka paljon mietit\u00e4\u00e4n jo ennalta, mit\u00e4 kuvataan?<\/p>\n<p>\u201dEnnakkoon on olemassa k\u00e4sikirjoitus, johon on pistetty yl\u00f6s, ett\u00e4 mit\u00e4 ohjelmassa pit\u00e4\u00e4 olla. Mutta se, miss\u00e4 j\u00e4rjestyksess\u00e4 asiat esitet\u00e4\u00e4n, voi vaihtua paljonkin ennakkosuunnitelman ja lopullisen ohjelman v\u00e4liss\u00e4. <\/p>\n<p>Hyvin t\u00e4rke\u00e4\u00e4 on, ett\u00e4 vaikka tehd\u00e4\u00e4n periaatteessa asiaohjelmia, yrit\u00e4n pit\u00e4\u00e4 huolta siit\u00e4, etteiv\u00e4t ne olisi liian asiallisia. T\u00e4ytyy olla my\u00f6s toimintaa, yll\u00e4tt\u00e4vi\u00e4 elementtej\u00e4 tai vaikka v\u00e4h\u00e4n verbaalista miekkailua. Jotain mik\u00e4 her\u00e4tt\u00e4\u00e4 katsojan. V\u00e4lt\u00e4n kaikin keinoin sit\u00e4, ett\u00e4 olisi vain minuuttitolkulla puhuvia p\u00e4it\u00e4.\u201d<\/p>\n<p>Sit\u00e4h\u00e4n ei voi etuk\u00e4teen edes tiet\u00e4\u00e4, mit\u00e4 luonnossa n\u00e4kyy ja tapahtuu?<\/p>\n<p>\u201dEi voikaan. Kuvausaikaakin on vain tietyn verran. Jos jakso k\u00e4sittelee vaikka mets\u00e4styst\u00e4, ei voi kuin toivoa, ett\u00e4 riistaa saadaan, mutta ei se ikin\u00e4 varmaa ole. Ja jos luonnossa tulee vastaan jokin erikoinen el\u00e4in jonka saa kuviin, niin sitten t\u00e4ytyy mietti\u00e4, ett\u00e4 miten saan j\u00e4rkev\u00e4sti t\u00e4m\u00e4n yll\u00e4tysmateriaalin mukaan. <\/p>\n<p>Sanotaan, ett\u00e4 t\u00f6rm\u00e4isimme mets\u00e4ss\u00e4 vaikka karhuun ja saisin sen kuviin. Sitten pit\u00e4isi rakentaa my\u00f6s kohtaus, miten p\u00e4\u00e4dymme tapaamaan karhun ja my\u00f6s sellainen kohtaus, miss\u00e4 p\u00e4\u00e4semme eroon siit\u00e4 karhusta.\u201d<\/p>\n<p>Mink\u00e4laista on tehd\u00e4 jaksoja yhdess\u00e4 Peltsin pojan Osmon kanssa?<\/p>\n<p>\u201dSilloin tehd\u00e4\u00e4n aika lailla muuten samalla sapluunalla kuin Mikon kanssa kahdestaankin mutta Osmon ehdoilla. Jos Osmo pist\u00e4\u00e4 jossain stopin, sitten stopataan. <\/p>\n<p>Aina ei voi etuk\u00e4teen tiet\u00e4\u00e4, miten Osmo kommentoi asioita, mutta usein h\u00e4nelt\u00e4 tulee jotain helmi\u00e4. Silloin minulla t\u00e4ytyy vain olla kamera p\u00e4\u00e4ll\u00e4, jotta ne saadaan mukaan ohjelmaan.\u201d<\/p>\n<p>    <a href=\"https:\/\/seura.fi\/wp-content\/uploads\/2025\/06\/peltsi-ja-osmo_124.jpg\" rel=\"nofollow noopener\" target=\"_blank\"><img loading=\"lazy\" decoding=\"async\" alt=\"\" class=\"wp-image-2117245 awpo-lqip awpo-lazy\" width=\"2000\" height=\"1334\" style=\"--aspect-ratio: 1.5\" src=\"https:\/\/www.europesays.com\/fi\/wp-content\/uploads\/2026\/09\/peltsi-ja-osmo_124.jpg\"\/><\/a><br \/>\n      Kuvausreissuilla Osmon ehdoilla edet\u00e4\u00e4n.           <\/p>\n<p><a href=\"https:\/\/seura.fi\/viihde\/julkkikset\/peltsi-ja-osmo-viihtyvat-luonnossa-kiireetta-ja-rennosti\/\" target=\"_blank\" rel=\"noreferrer noopener nofollow\">Lue my\u00f6s: Peltsin ja Osmon suhde on lujittunut mets\u00e4ss\u00e4, ja siksi syntyi idea syd\u00e4met sulattaneeseen sarjaan \u2013 \u201dPienen\u00e4 Osmoa ei meinannut saada sis\u00e4lle\u201d<\/a><\/p>\n<p>Tuntuuko sinusta koskaan silt\u00e4, ett\u00e4 Peltsi sen kuin vain hiiht\u00e4\u00e4 ja kalastaa ja sin\u00e4 teet ohjelmissa kaiken muun?<\/p>\n<p>\u201dHeh, no toisaalta voi kysy\u00e4, ett\u00e4 tekisink\u00f6 min\u00e4 ilman Peltsi\u00e4 yht\u00e4\u00e4n mit\u00e4\u00e4n t\u00f6it\u00e4. Oikeasti teemme ohjelmia yhteisty\u00f6ss\u00e4, jossa molemmilla on omat hommansa. <\/p>\n<p>Kaikki muuten aina kuvittelevat, ett\u00e4 Peltsin kuvaajan t\u00e4ytyy olla tosi hyv\u00e4ss\u00e4 kunnossa, ett\u00e4 p\u00e4rj\u00e4\u00e4 h\u00e4nen vauhdissaan luonnossa. Faktahan on se, ett\u00e4 h\u00e4n sopeuttaa oman vauhtinsa minun vauhtiini. Menn\u00e4\u00e4n jaksamisen mukaan ja t\u00e4rke\u00e4\u00e4 on, ett\u00e4 tunnelma pysyy rentona.\u201d<\/p>\n<p>No mik\u00e4 tilanne on sen kunnon kanssa?<\/p>\n<p>\u201dKielt\u00e4m\u00e4tt\u00e4 oma kunto on p\u00e4\u00e4ssyt rapistumaan. Olimme \u00e4skett\u00e4in kuvaamassa Postipolulla, jossa huomasin, ett\u00e4 nyt pit\u00e4isi varmaan vet\u00e4\u00e4 lenkkikamppeet niskaan ja alkaa kuntoilla, ettei siit\u00e4 asiasta tule rajoittava tekij\u00e4 ohjelmien kuvaamiselle.\u201d<\/p>\n<p>    <a href=\"https:\/\/seura.fi\/wp-content\/uploads\/2026\/08\/seuran-otsikko-2026-08-31t113455.677.jpg\" rel=\"nofollow noopener\" target=\"_blank\"><img loading=\"lazy\" decoding=\"async\" alt=\"\" class=\"wp-image-2166808 awpo-lqip awpo-lazy\" width=\"1920\" height=\"1080\" style=\"--aspect-ratio: 1.78\" src=\"https:\/\/www.europesays.com\/fi\/wp-content\/uploads\/2026\/09\/seuran-otsikko-2026-08-31t113455.677.jpg\"\/><\/a><br \/>\n      Mikko \u201dPeltsi\u201d Peltola ja Juha Korhonen kuvausmatkalla Lapissa kes\u00e4ll\u00e4 2026. Kuva Taneli Roininen.          <\/p>\n<p>Mink\u00e4laiset pelis\u00e4\u00e4nn\u00f6t olette Peltsin kanssa sopineet kahdestaan tekemillenne ty\u00f6matkoille?<\/p>\n<p>\u201dEmme me ole sopineet mit\u00e4\u00e4n pelis\u00e4\u00e4nt\u00f6j\u00e4. Se taisi olla talvella 2010, kun teimme ensi kertaa yhdess\u00e4 hommia. Nukuimme jossakin lumikammissa ja piereskeltiin. Kun on niin intensiivisesti l\u00e4sn\u00e4 toisen kanssa vuorokauden ymp\u00e4ri, siin\u00e4 joko viihtyy tai ei viihdy.\u201d<\/p>\n<p>Oletteko samantyylisi\u00e4 henkil\u00f6it\u00e4?<\/p>\n<p>\u201dEmme ollenkaan. Olemme aivan erilaisia ja eri l\u00e4ht\u00f6kohdista ja erilaisin mielipitein. Samaan aikaan meill\u00e4 on kuitenkin t\u00e4ysi luottamus toisiimme. Kaikki toimii aitouden ja rehellisyyden pohjalta. <\/p>\n<p>Minusta me olemme hyv\u00e4 esimerkki siit\u00e4, ett\u00e4 ihan eri tavoin ajattelevat ihmiset voivat olla yst\u00e4vi\u00e4 ja tehd\u00e4 t\u00f6it\u00e4 yhdess\u00e4. Nyky\u00e4\u00e4n kaikki on niin kahtiajakautunutta, en ymm\u00e4rr\u00e4 miksi ei voida useammin ajatella niin, ett\u00e4 asioista voidaan olla eri mielt\u00e4, mutta olla silti kavereita.\u201d<\/p>\n<p>Eik\u00f6 kuvausreissuilla koskaan pinna kiristy?<\/p>\n<p>\u201dVarmasti joskus kiristyy. Vaikka teemme rennolla meiningill\u00e4, meill\u00e4 on kuitenkin molemmilla vastuu siit\u00e4, ett\u00e4 saamme tietyss\u00e4 ajassa tehty\u00e4 sit\u00e4 mit\u00e4 meilt\u00e4 odotetaan. Joskus tulee pikku kinoja, mutta emme mene koskaan henkil\u00f6kohtaisuuksiin, vaan ne kinat koskevat ty\u00f6t\u00e4.\u201d<\/p>\n<p>    <a href=\"https:\/\/seura.fi\/wp-content\/uploads\/2026\/08\/seuran-otsikko-2026-08-31t113656.243.jpg\" rel=\"nofollow noopener\" target=\"_blank\"><img loading=\"lazy\" decoding=\"async\" alt=\"\" class=\"wp-image-2166810 awpo-lqip awpo-lazy\" width=\"1920\" height=\"1080\" style=\"--aspect-ratio: 1.78\" src=\"https:\/\/www.europesays.com\/fi\/wp-content\/uploads\/2026\/09\/seuran-otsikko-2026-08-31t113656.243.jpg\"\/><\/a><br \/>\n      Juha kertoo, ett\u00e4 t\u00f6iss\u00e4 voi joskus pinna kiristy\u00e4, mutta yst\u00e4vyys s\u00e4ilyy. Kuva Taneli Roininen.          <\/p>\n<p>TV-ohjelmaa tehdess\u00e4 tarvitaan paljon laitteistoa ja v\u00e4lineist\u00f6\u00e4, mutta toisaalta on sen parempi, mit\u00e4 v\u00e4hemm\u00e4n luonnossa on mukana kannettavaa. Miten tasapainoilet t\u00e4ss\u00e4 asiassa?<\/p>\n<p>\u201dOlen oppinut kantap\u00e4\u00e4n kautta. Olen rikkonut n\u00e4ill\u00e4 reissuilla useamman kameran ja se ainakin on k\u00e4ynyt selv\u00e4ksi, ett\u00e4 varakamera on oltava mukana. Ja olen tehnyt my\u00f6s jo kauan sitten listan siit\u00e4, mit\u00e4 kuvausreissulla t\u00e4ytyy olla mukana. <\/p>\n<p>Listassa on jokainen nippeli. K\u00e4yn listan l\u00e4pi ennen jokaista reissua. Esimerkiksi varavirtapankkeja t\u00e4ytyy olla mukana eri m\u00e4\u00e4r\u00e4 siit\u00e4, kuinka monta p\u00e4iv\u00e4\u00e4 luultavasti ollaan ilman s\u00e4hk\u00f6\u00e4.\u201d<\/p>\n<p>Onko k\u00e4ynyt niinkin ettei varakameraa ollut mukana?<\/p>\n<p>\u201dJoo. Oltiin kuvaamassa Er\u00e4tulilla-sarjaa <a href=\"https:\/\/seura.fi\/matkailu\/siita-vain-selvittiin-tehtiin-tyota-hetan-100-vuotias-majatalo-on-selvinnyt-natseista-ja-lamasta-joka-vei-rahat-yhdessa-yossa\/\" rel=\"nofollow noopener\" target=\"_blank\">Hetta-Pallaksella<\/a> ja jotenkin onnistuin saamaan kamerani hajalle. Sit\u00e4 ei voinut en\u00e4\u00e4 k\u00e4ytt\u00e4\u00e4, mutta kuvaamista oli tarkoitus jatkaa ja jostakin piti nopeasti saada uusi kamera. <\/p>\n<p>Kittil\u00e4ss\u00e4 oli firma, joka teki my\u00f6s samaan sarjaan sis\u00e4lt\u00f6\u00e4. Oltiin yhteydess\u00e4 heihin ja saatiin kamera lainaksi, tosin se kameranhakureissu oli edestakaisin noin 300 kilometri\u00e4. Silloin opin, ett\u00e4 kameroita pit\u00e4\u00e4 olla kaksi.\u201d<\/p>\n<p>Mik\u00e4 paikka luonnossa on sellainen, jossa olet ajatellut, ett\u00e4 onpas t\u00e4\u00e4ll\u00e4 upeaa?<\/p>\n<p>\u201dKun ollaan ty\u00f6reissulla, olen yleens\u00e4 niin ty\u00f6moodissa ja mietin niit\u00e4 kohtauksia, etten useinkaan paikan p\u00e4\u00e4ll\u00e4 sis\u00e4ist\u00e4 luonnon kauneutta. Kyll\u00e4 niist\u00e4 maisemista tietty nauttii, mutta ei samalla lailla kuin jos siell\u00e4 olisi lomalla.<\/p>\n<p>Kerrankin olimme olleet <a href=\"https:\/\/seura.fi\/viihde\/julkkikset\/mikko-peltsi-peltola-seikkailee-armottomissa-olosuhteissa\/\" rel=\"nofollow noopener\" target=\"_blank\">Huippuvuorilla kuvaamassa<\/a>, kunnolla huomasin paikan upeuden vasta kun leikkasin kotona sit\u00e4 materiaalia.\u201d<\/p>\n<p><a href=\"https:\/\/seura.fi\/viihde\/julkkikset\/mikko-peltsi-peltola-seikkailee-armottomissa-olosuhteissa\/\" rel=\"nofollow noopener\" target=\"_blank\">Lue my\u00f6s: Mikko \u201dPeltsi\u201d Peltola seikkailee armottomissa oloissa Huippuvuorilla: \u201dHanskan menett\u00e4minen tai paljaan posken altistaminen voi olla kohtalokasta\u201d<\/a><\/p>\n<p>Mihin luontokohteeseen menisit Suomessa lomalla?<\/p>\n<p>\u201dIs\u00e4ni kotipaikalle Valtimolle. Se on vanha maatila mets\u00e4n vieress\u00e4. Se on minulle merkityksellinen paikka. Is\u00e4ni on aina ollut mets\u00e4alalla ja olen itsekin istuttanut tuonne puita. Koivua, m\u00e4nty\u00e4 ja kuusta. Nyth\u00e4n ne ovat jo ihan pirun isoja. <\/p>\n<p>Olen viett\u00e4nyt siell\u00e4 sek\u00e4 vapaa-aikaa ett\u00e4 tehnyt is\u00e4n kanssa mets\u00e4hommia. Ja kun olen ik\u00e4ni harrastanut mets\u00e4styst\u00e4, niin tuo on yksi paikka, jossa olen aina yritt\u00e4nyt pyyt\u00e4 jallittaa. Siell\u00e4 mieli lep\u00e4\u00e4.\u201d<\/p>\n<p>Mit\u00e4 teilt\u00e4 on seuraavaksi tulossa telkkariin?<\/p>\n<p>\u201dPeltsin toinen luonto -sarjan kuudes kausi tulee telkkariin joulukuussa. Ja kyll\u00e4 minulla ja <a href=\"https:\/\/seura.fi\/viihde\/julkkikset\/kalanhalaaja-mikko-peltsi-peltolan-intohimo-on-luonnossa-liikkuminen-en-pelkaa-suurpetoja-silla-ne-vaistavat-ihmista-silti-on-aina-savayttavaa-kun-nakee-luonnos\/\" rel=\"nofollow noopener\" target=\"_blank\">Mikolla <\/a>on intoa ja suunnitelmia jatkaa ohjelmien tekemist\u00e4 my\u00f6s ensi vuonna.\u201d<\/p>\n","protected":false},"excerpt":{"rendered":"TV-ohjelmien kuvaajana tunnettu ja palkittu Juha Korhonen on viimeisimm\u00e4n noin 15 vuoden aikana tehnyt useita luonto- ja retkeilyaiheisia&hellip;\n","protected":false},"author":2,"featured_media":338883,"comment_status":"","ping_status":"","sticky":false,"template":"","format":"standard","meta":{"footnotes":"","_share_on_mastodon":"0"},"categories":[117],"tags":[33,31,30,72,2163,25819,3222,476,37707,118,15189,32,119,477,1149,4857],"class_list":["post-338882","post","type-post","status-publish","format-standard","has-post-thumbnail","category-luonto","tag-fi","tag-finland","tag-finnish","tag-luonto","tag-luonto-ohjelmat","tag-luontokuvaajat","tag-mikko-peltola","tag-nature","tag-peltsi","tag-science","tag-suomen-luonto","tag-suomi","tag-tiede","tag-wildlife","tag-yle","tag-ystavyys"],"share_on_mastodon":{"url":"https:\/\/pubeurope.com\/@fi\/117196535648111173","error":""},"_links":{"self":[{"href":"https:\/\/www.europesays.com\/fi\/wp-json\/wp\/v2\/posts\/338882","targetHints":{"allow":["GET"]}}],"collection":[{"href":"https:\/\/www.europesays.com\/fi\/wp-json\/wp\/v2\/posts"}],"about":[{"href":"https:\/\/www.europesays.com\/fi\/wp-json\/wp\/v2\/types\/post"}],"author":[{"embeddable":true,"href":"https:\/\/www.europesays.com\/fi\/wp-json\/wp\/v2\/users\/2"}],"replies":[{"embeddable":true,"href":"https:\/\/www.europesays.com\/fi\/wp-json\/wp\/v2\/comments?post=338882"}],"version-history":[{"count":0,"href":"https:\/\/www.europesays.com\/fi\/wp-json\/wp\/v2\/posts\/338882\/revisions"}],"wp:featuredmedia":[{"embeddable":true,"href":"https:\/\/www.europesays.com\/fi\/wp-json\/wp\/v2\/media\/338883"}],"wp:attachment":[{"href":"https:\/\/www.europesays.com\/fi\/wp-json\/wp\/v2\/media?parent=338882"}],"wp:term":[{"taxonomy":"category","embeddable":true,"href":"https:\/\/www.europesays.com\/fi\/wp-json\/wp\/v2\/categories?post=338882"},{"taxonomy":"post_tag","embeddable":true,"href":"https:\/\/www.europesays.com\/fi\/wp-json\/wp\/v2\/tags?post=338882"}],"curies":[{"name":"wp","href":"https:\/\/api.w.org\/{rel}","templated":true}]}}