{"id":338884,"date":"2026-09-01T15:49:17","date_gmt":"2026-09-01T15:49:17","guid":{"rendered":"https:\/\/www.europesays.com\/fi\/338884\/"},"modified":"2026-09-01T15:49:17","modified_gmt":"2026-09-01T15:49:17","slug":"aki-palsanmaki-kertoo-voinnistaan-iltalehdelle-uutissuomalainen","status":"publish","type":"post","link":"https:\/\/www.europesays.com\/fi\/338884\/","title":{"rendered":"Aki Palsanm\u00e4ki kertoo voinnistaan Iltalehdelle | Uutissuomalainen"},"content":{"rendered":"<p>Huutokauppakeisari <strong>Aki Palsanm\u00e4ki <\/strong>kertoo Nelosen tilaisuudessa <a href=\"https:\/\/www.iltalehti.fi\/viihdeuutiset\/a\/62838d02-eae8-4706-bc6c-4e5e034af217\" rel=\"nofollow noopener\" target=\"_blank\">Iltalehdelle <\/a>olevansa terve.<\/p>\n<p>\u2013\u2009Ei ole mit\u00e4\u00e4n h\u00e4mminki\u00e4. Keuhkosy\u00f6v\u00e4n j\u00e4lkeen kontrollik\u00e4yntej\u00e4 on puolen vuoden v\u00e4lein. Syyskuun lopussa on taas tuomiop\u00e4iv\u00e4. Toivottavasti on puhtaat paperit, h\u00e4n kertoo lehdelle.<\/p>\n<p>Palsanm\u00e4ki sairastui sy\u00f6p\u00e4\u00e4n vuonna 2024. My\u00f6s h\u00e4nen puolisonsa <strong>Heli Palsanm\u00e4ki <\/strong>sairastui sy\u00f6p\u00e4\u00e4n kaksi vuotta aikaisemmin vuonna 2022.<\/p>\n<p><a href=\"https:\/\/www.is.fi\/menaiset\/ihmiset-ja-suhteet\/art-2000011983581.html\" rel=\"nofollow noopener\" target=\"_blank\">Me Naiset<\/a> uutisoi kes\u00e4ll\u00e4, ett\u00e4 Palsanm\u00e4et olivat harkinneet huutokaupan lopettamista. Aki Palsanm\u00e4ki kuitenkin toppuuttelee ajatusta Iltalehdelle ja toteaa, ett\u00e4 joskus v\u00e4syksiss\u00e4 ajatus lopettamisesta saattaa nousta esiin.<\/p>\n<p>\u2013\u2009Onhan se totta, ett\u00e4 joskus se lopetetaan. Ei me varmaan en\u00e4\u00e4 kahdeksankymppisin\u00e4 huutokauppaa pidet\u00e4, Heli Palsanm\u00e4ki sanoo lehdelle.<\/p>\n<p>Suomen huutokauppakeisarin 19. kausi alkaa 15. syyskuuta.<\/p>\n","protected":false},"excerpt":{"rendered":"Huutokauppakeisari Aki Palsanm\u00e4ki kertoo Nelosen tilaisuudessa Iltalehdelle olevansa terve. \u2013\u2009Ei ole mit\u00e4\u00e4n h\u00e4mminki\u00e4. Keuhkosy\u00f6v\u00e4n j\u00e4lkeen kontrollik\u00e4yntej\u00e4 on puolen&hellip;\n","protected":false},"author":2,"featured_media":338885,"comment_status":"","ping_status":"","sticky":false,"template":"","format":"standard","meta":{"footnotes":"","_share_on_mastodon":"0"},"categories":[136],"tags":[407,137,33,31,30,408,979,6612,32,140,139,4241,109],"class_list":["post-338884","post","type-post","status-publish","format-standard","has-post-thumbnail","category-julkkikset","tag-celebrities","tag-entertainment","tag-fi","tag-finland","tag-finnish","tag-julkkikset","tag-sahkoinen-media","tag-suomen-huutokauppakeisari","tag-suomi","tag-tv-ja-elokuvat","tag-tv-ohjelmat","tag-tv-persoonat","tag-viihde"],"share_on_mastodon":{"url":"https:\/\/pubeurope.com\/@fi\/117196578014066303","error":""},"_links":{"self":[{"href":"https:\/\/www.europesays.com\/fi\/wp-json\/wp\/v2\/posts\/338884","targetHints":{"allow":["GET"]}}],"collection":[{"href":"https:\/\/www.europesays.com\/fi\/wp-json\/wp\/v2\/posts"}],"about":[{"href":"https:\/\/www.europesays.com\/fi\/wp-json\/wp\/v2\/types\/post"}],"author":[{"embeddable":true,"href":"https:\/\/www.europesays.com\/fi\/wp-json\/wp\/v2\/users\/2"}],"replies":[{"embeddable":true,"href":"https:\/\/www.europesays.com\/fi\/wp-json\/wp\/v2\/comments?post=338884"}],"version-history":[{"count":0,"href":"https:\/\/www.europesays.com\/fi\/wp-json\/wp\/v2\/posts\/338884\/revisions"}],"wp:featuredmedia":[{"embeddable":true,"href":"https:\/\/www.europesays.com\/fi\/wp-json\/wp\/v2\/media\/338885"}],"wp:attachment":[{"href":"https:\/\/www.europesays.com\/fi\/wp-json\/wp\/v2\/media?parent=338884"}],"wp:term":[{"taxonomy":"category","embeddable":true,"href":"https:\/\/www.europesays.com\/fi\/wp-json\/wp\/v2\/categories?post=338884"},{"taxonomy":"post_tag","embeddable":true,"href":"https:\/\/www.europesays.com\/fi\/wp-json\/wp\/v2\/tags?post=338884"}],"curies":[{"name":"wp","href":"https:\/\/api.w.org\/{rel}","templated":true}]}}