{"id":338886,"date":"2026-09-01T15:52:21","date_gmt":"2026-09-01T15:52:21","guid":{"rendered":"https:\/\/www.europesays.com\/fi\/338886\/"},"modified":"2026-09-01T15:52:21","modified_gmt":"2026-09-01T15:52:21","slug":"pohjanmaan-epailty-kaksoissurmaaja-27-osallistui-reality-ohjelmaan","status":"publish","type":"post","link":"https:\/\/www.europesays.com\/fi\/338886\/","title":{"rendered":"Pohjanmaan ep\u00e4ilty kaksoissurmaaja, 27, osallistui reality-ohjelmaan"},"content":{"rendered":"<p>Synkist\u00e4 rikoksista ep\u00e4ilty vaasalaismies on ollut paljon esill\u00e4 sosiaalisessa mediassa. H\u00e4nt\u00e4 ep\u00e4ill\u00e4\u00e4n uuden naisyst\u00e4v\u00e4ns\u00e4 ja t\u00e4ysin sivullisen autoilijan murhasta.<\/p>\n<p class=\"font-(family-name:--picture-caption-font-family) text-(length:--picture-caption-font-size) leading-(--picture-caption-leading) font-(--picture-caption-font-weight) text-(color:--picture-caption-color)\">Ep\u00e4ilyn mukaan 27-vuotias mies oli muun muassa surmannut naisen ja sytytt\u00e4nyt kerrostaloasunnon tuleen. Video:\u00a0Katri Pulkkinen<\/p>\n<p class=\"article-body mb-(--paragraph-margin-b) px-nof-16\">Vaasan ep\u00e4ilty kaksoismurhaaja, 27, on osallistunut hiljattain netiss\u00e4 striimauspalvelussa esitett\u00e4v\u00e4\u00e4n reality-ohjelmaan.<\/p>\n<p class=\"article-body mb-(--paragraph-margin-b) px-nof-16\">Ohjelmassa osanottajat asuvat saman katon alla ja kilpailevat rahapalkinnoista. Ohjelman muilla kausilla on n\u00e4hty julkisuuden henkil\u00f6it\u00e4.<\/p>\n<p class=\"article-body mb-(--paragraph-margin-b) px-nof-16\">Murhista ep\u00e4ilty mies mainosti osallistumistaan my\u00f6s omilla sometileill\u00e4\u00e4n.<\/p>\n<p class=\"article-body mb-(--paragraph-margin-b) px-nof-16\">Mies on ollut muutoinkin aktiivinen sosiaalisessa mediassa ja julkaissut runsaasti kantaaottavia videoita, joissa h\u00e4n kertoo mielipiteit\u00e4\u00e4n muun muassa ravitsemuksesta ja ajankohtaisista asioista. Yhdell\u00e4 videolla h\u00e4n arvosteli muun muassa poliisia, joka kiilasi mopoilijan elokuussa Tuusulan mopomiitiss\u00e4.<\/p>\n<p><img decoding=\"async\" src=\"https:\/\/www.europesays.com\/fi\/wp-content\/uploads\/2026\/09\/1788277940_954_468.jpg\" alt=\"Mies on julkaissut runsaasti videoita sometileill\u00e4\u00e4n.\" class=\"_Img_1rerz_1\" style=\"aspect-ratio:1170\/1920\" loading=\"eager\"\/><\/p>\n<p class=\"font-(family-name:--picture-caption-font-family) text-(length:--picture-caption-font-size) leading-(--picture-caption-leading) font-(--picture-caption-font-weight) text-(color:--picture-caption-color) picture-with-caption__caption picture-with-caption__caption--default-full\">Mies on julkaissut runsaasti videoita sometileill\u00e4\u00e4n. Kuva:\u00a0Kuvakaappaus sometililt\u00e4<\/p>\n<p class=\"article-body mb-(--paragraph-margin-b) px-nof-16\">Nyt miest\u00e4 itse\u00e4\u00e4n ep\u00e4ill\u00e4\u00e4n eritt\u00e4in vakavista rikoksista. Pohjanmaan poliisi tiedotti maanantaina, ett\u00e4 se ep\u00e4ilee 27-vuotiasta vaasalaismiest\u00e4 kahdesta murhasta, kahdesta murhan yrityksest\u00e4, t\u00f6rke\u00e4st\u00e4 tuhoty\u00f6st\u00e4 ja t\u00f6rke\u00e4st\u00e4 liikenneturvallisuuden vaarantamisesta.<\/p>\n<p class=\"article-body mb-(--paragraph-margin-b) px-nof-16\">H\u00e4nen ep\u00e4ill\u00e4\u00e4n surmanneen ensin naisyst\u00e4v\u00e4ns\u00e4 Vaasassa ja sen j\u00e4lkeen ajaneen itselleen tuntemattoman sivullisen kuljettamaa autoa p\u00e4in Laihialla.<\/p>\n<p class=\"article-body mb-(--paragraph-margin-b) px-nof-16\">Tapahtumat tulivat viranomaisten tietoon, kun mies ajoi p\u00e4in toista henkil\u00f6autoa Laihian Vaasantiell\u00e4. Poliisi sai onnettomuudesta h\u00e4lytyksen lauantaiaamuna kello 4.25.<\/p>\n<p class=\"article-body mb-(--paragraph-margin-b) px-nof-16\">Auton kuljettaja kuoli ja kaksi kyydiss\u00e4 ollutta loukkaantui.<\/p>\n<p><img decoding=\"async\" src=\"https:\/\/www.europesays.com\/fi\/wp-content\/uploads\/2026\/09\/1788277940_553_468.jpg\" alt=\"Poliisi oli erist\u00e4nyt surma-asunnon teipeill\u00e4.\" class=\"_Img_1rerz_1\" style=\"aspect-ratio:1920\/1280\" loading=\"eager\"\/><\/p>\n<p class=\"font-(family-name:--picture-caption-font-family) text-(length:--picture-caption-font-size) leading-(--picture-caption-leading) font-(--picture-caption-font-weight) text-(color:--picture-caption-color) picture-with-caption__caption picture-with-caption__caption--default-full\">Poliisi oli erist\u00e4nyt surma-asunnon teipeill\u00e4. Kuva:\u00a0Johannes Tervo<\/p>\n<p class=\"article-body mb-(--paragraph-margin-b) px-nof-16\">Tutkinnanjohtaja <a class=\"font-bold underline-offset-[0.12em] [text-decoration:var(--person-link-text-decoration)] [text-decoration-color:var(--person-link-text-decoration-color)]!\" href=\"https:\/\/www.is.fi\/haku\/?query=Mia%20Uunilan\" rel=\"nofollow noopener\" target=\"_blank\">Mia Uunilan<\/a> mukaan vastaan tulevassa autossa olleet olivat kaikki aikuisia ja tunsivat toisensa entuudestaan. Uunila ei ota kantaa siihen, oliko kyseess\u00e4 perhe vai jonkinlainen kaveriporukka.<\/p>\n<p class=\"article-body mb-(--paragraph-margin-b) px-nof-16\">Ep\u00e4ilty pakeni onnettomuuspaikalta ja poliisi tavoitti h\u00e4net muutaman kilometrin p\u00e4\u00e4ss\u00e4 asutusalueelta sivullisen ilmoituksesta. Mies oli kertonut siell\u00e4 asukkaille joutuneensa onnettomuuteen ja pyyt\u00e4nyt apua.<\/p>\n<p class=\"article-body mb-(--paragraph-margin-b) px-nof-16\">Poliisi ep\u00e4ilee, ett\u00e4 mies sytytti ennen kolaria tulipalon Vaasan Palosaarella sijaitsevassa kerrostaloasunnossa, josta l\u00f6ytyi naisvainaja. Poliisi ei t\u00e4ss\u00e4 vaiheessa kommentoi, oliko nainen surmattu jo ennen tulipalon sytytt\u00e4mist\u00e4.<\/p>\n<p class=\"article-body mb-(--paragraph-margin-b) px-nof-16\">IS:n tietojen mukaan mies on itse kirjoilla asunnossa, josta nainen l\u00f6ytyi kuolleena.<\/p>\n<p><img decoding=\"async\" src=\"https:\/\/www.europesays.com\/fi\/wp-content\/uploads\/2026\/09\/1788277940_379_468.jpg\" alt=\"Nainen l\u00f6ytyi kuolleena kerrostaloasunnosta Vaasan Palosaarella.\" class=\"_Img_1rerz_1\" style=\"aspect-ratio:1920\/1080\" loading=\"eager\"\/><\/p>\n<p class=\"font-(family-name:--picture-caption-font-family) text-(length:--picture-caption-font-size) leading-(--picture-caption-leading) font-(--picture-caption-font-weight) text-(color:--picture-caption-color) picture-with-caption__caption picture-with-caption__caption--default-full\">Nainen l\u00f6ytyi kuolleena kerrostaloasunnosta Vaasan Palosaarella. Kuva:\u00a0Johannes Tervo<\/p>\n<p><img decoding=\"async\" src=\"https:\/\/images.sanoma-sndp.fi\/7d7c16547ed9a7c26f34a8e77907bb83.svg\" alt=\"\" class=\"_Img_1rerz_1\" style=\"aspect-ratio:267\/150\" loading=\"eager\"\/><\/p>\n<p class=\"article-body mb-(--paragraph-margin-b) px-nof-16\">Uunilan mukaan mies kertoi itse kolaria edelt\u00e4neist\u00e4 tapahtumista Vaasan Palosaarella sijaitsevalla kerrostaloasunnolla. Sen tarkemmin Uunila ei ota kantaa siihen, mit\u00e4 mies on kuulusteluissa kertonut.<\/p>\n<p class=\"article-body mb-(--paragraph-margin-b) px-nof-16\">Poliisin k\u00e4sityksen mukaan 27-vuotias murhaep\u00e4ilty ja h\u00e4nen kanssaan samaa ik\u00e4luokkaa oleva naisuhri olivat \u201djonkinlaisessa seurustelusuhteessa\u201d.<\/p>\n<p class=\"article-body mb-(--paragraph-margin-b) px-nof-16\">Poliisin k\u00e4sityksen mukaan kyseess\u00e4 oli hyvinkin tuore seurustelusuhde. Pari ei asunut yhdess\u00e4.<\/p>\n<p class=\"article-body mb-(--paragraph-margin-b) px-nof-16\">Miehell\u00e4 ei ole mink\u00e4\u00e4nlaista aiempaa rikostaustaa.<\/p>\n","protected":false},"excerpt":{"rendered":"Synkist\u00e4 rikoksista ep\u00e4ilty vaasalaismies on ollut paljon esill\u00e4 sosiaalisessa mediassa. H\u00e4nt\u00e4 ep\u00e4ill\u00e4\u00e4n uuden naisyst\u00e4v\u00e4ns\u00e4 ja t\u00e4ysin sivullisen autoilijan&hellip;\n","protected":false},"author":2,"featured_media":338887,"comment_status":"","ping_status":"","sticky":false,"template":"","format":"standard","meta":{"footnotes":"","_share_on_mastodon":"0"},"categories":[133],"tags":[137,33,31,30,34,32,206,156,109],"class_list":["post-338886","post","type-post","status-publish","format-standard","has-post-thumbnail","category-televisiot","tag-entertainment","tag-fi","tag-finland","tag-finnish","tag-ilta-sanomat","tag-suomi","tag-televisiot","tag-tv","tag-viihde"],"share_on_mastodon":{"url":"https:\/\/pubeurope.com\/@fi\/117196590801041308","error":""},"_links":{"self":[{"href":"https:\/\/www.europesays.com\/fi\/wp-json\/wp\/v2\/posts\/338886","targetHints":{"allow":["GET"]}}],"collection":[{"href":"https:\/\/www.europesays.com\/fi\/wp-json\/wp\/v2\/posts"}],"about":[{"href":"https:\/\/www.europesays.com\/fi\/wp-json\/wp\/v2\/types\/post"}],"author":[{"embeddable":true,"href":"https:\/\/www.europesays.com\/fi\/wp-json\/wp\/v2\/users\/2"}],"replies":[{"embeddable":true,"href":"https:\/\/www.europesays.com\/fi\/wp-json\/wp\/v2\/comments?post=338886"}],"version-history":[{"count":0,"href":"https:\/\/www.europesays.com\/fi\/wp-json\/wp\/v2\/posts\/338886\/revisions"}],"wp:featuredmedia":[{"embeddable":true,"href":"https:\/\/www.europesays.com\/fi\/wp-json\/wp\/v2\/media\/338887"}],"wp:attachment":[{"href":"https:\/\/www.europesays.com\/fi\/wp-json\/wp\/v2\/media?parent=338886"}],"wp:term":[{"taxonomy":"category","embeddable":true,"href":"https:\/\/www.europesays.com\/fi\/wp-json\/wp\/v2\/categories?post=338886"},{"taxonomy":"post_tag","embeddable":true,"href":"https:\/\/www.europesays.com\/fi\/wp-json\/wp\/v2\/tags?post=338886"}],"curies":[{"name":"wp","href":"https:\/\/api.w.org\/{rel}","templated":true}]}}